{"id":4867,"date":"2016-06-23T19:16:33","date_gmt":"2016-06-23T22:16:33","guid":{"rendered":"http:\/\/magistradoscorrientes.com\/magistrados\/?p=4867"},"modified":"2020-11-19T19:21:44","modified_gmt":"2020-11-19T22:21:44","slug":"referentes-de-la-lucha-contra-adicciones-y-narcotrafico-pidieron-leyes-claras-para-avanzar-en-el-proposito","status":"publish","type":"post","link":"https:\/\/magistradoscorrientes.com\/magistrados\/referentes-de-la-lucha-contra-adicciones-y-narcotrafico-pidieron-leyes-claras-para-avanzar-en-el-proposito\/","title":{"rendered":"Referentes de la lucha contra adicciones y narcotr\u00e1fico pidieron \u201cleyes claras\u201d para avanzar en el prop\u00f3sito"},"content":{"rendered":"\n<p>Una nueva jornada de abordaje integral de Adicciones se realiz\u00f3 el jueves por la tarde en el Colegio de Magistrados del cual participaron expositores de la organizaci\u00f3n \u201cMadres del Paco\u201d de Bs. As., el Director de Toxicoman\u00eda de la Polic\u00eda de la Provincia, Crio. Mayor Dante Santagiuliana, y cerr\u00f3 el encuentro la Ministra de Educaci\u00f3n, Susana Ben\u00edtez. La mayor parte de los referentes coincidi\u00f3 en la necesidad de nuevas leyes que profundicen la tem\u00e1tica y den marco al trabajo por la erradicaci\u00f3n.<br>Nuevamente el sal\u00f3n de conferencias del Colegio se vio repleto, con un p\u00fablico proveniente de los m\u00e1s variados sectores que particip\u00f3 atento a las diversas disertaciones. Acompa\u00f1aron el evento autoridades judiciales, policiales, la titular de DISEPA, Julia S\u00e1ez, y referentes de diversas organizaciones.<br>La Jornada inici\u00f3 con la disertaci\u00f3n de Silvia Beatriz Alc\u00e1ntara, referente\u00a0 de \u201cMadres Contra el Paco\u201d y presidente de la Fundaci\u00f3n Padre Mujica quien coment\u00f3 acerca de los inicios de la ONG en un trabajo conjunto con la Comisi\u00f3n del Episcopado de Adicciones. Luego, la Licenciada Miriam Durand de la Pastoral Social de San Antonio de Padua \u2013Bs. As.- relat\u00f3 el trabajo de prevenci\u00f3n que vienen realizando y acerca de diversas experiencias con los ni\u00f1os.<br>H\u00e9ctor Molina, tambi\u00e9n integrante del Movimiento de Madres Contra el Paco y socio fundador de Mancomunydad (fundaci\u00f3n que trabaja para la prevenci\u00f3n y erradicaci\u00f3n de las adicciones),\u00a0 resalt\u00f3 que \u201clos n\u00fameros de la emergencia de las adicciones crecen a pasos agigantados, y s\u00f3lo uno de cada cuatro adictos severos est\u00e1n recibiendo alg\u00fan tipo de tratamiento\u201d. Por su parte, critic\u00f3 la despenalizaci\u00f3n de la marihuana y asegur\u00f3 que \u201cno concibo hablar de despenalizaci\u00f3n porque hoy los pa\u00edses que lo implementaron tienen movimientos donde los adictos van a consumir\u201d. En este sentido, indic\u00f3 que \u201clo que hoy necesitamos son leyes que acompa\u00f1en el trabajo de prevenci\u00f3n y acci\u00f3n ante las adicciones\u201d.<br>Tambi\u00e9n disert\u00f3 en el evento la secretaria de Pol\u00edticas Sociales del Municipio, Sonia L\u00f3pez, quien coment\u00f3 acerca del trabajo que se viene realizando desde el \u00e1rea y destac\u00f3 la importancia de \u201clograr un trabajo mancomunado con \u00e1reas de educaci\u00f3n y salud de provincia y municipio para las adicciones\u201d.<br>M\u00e1s tarde, el Comisario Santagiuliana habl\u00f3 sobre el narcotr\u00e1fico en la provincia y los trabajos que se desarrollan desde la Polic\u00eda en los distintos barrios. Se\u00f1al\u00f3 la importancia del ala judicial en la materia y reproch\u00f3 por la falta de leyes en este sentido \u201clas que est\u00e1n no son claras y nos perjudica mucho\u201d. Por otra parte explic\u00f3 acerca de la mutaci\u00f3n del delito, presentando los distintos tipos y embalajes de droga que ingresan a la provincia.<br>La Ministra de Educaci\u00f3n fue la encargada del broche del encuentro quien expuso los distintos tipos de adicciones y la responsabilidad educativa, resaltando el trabajo de prevenci\u00f3n que se realiza en las escuelas a trav\u00e9s de diversos programas.<\/p>\n","protected":false},"excerpt":{"rendered":"<p>Una nueva jornada de abordaje integral de Adicciones se realiz\u00f3 el jueves por la tarde en el Colegio de Magistrados del cual participaron expositores de la organizaci\u00f3n \u201cMadres del Paco\u201d de Bs. As., el Director de Toxicoman\u00eda de la Polic\u00eda de la Provincia, Crio. Mayor Dante Santagiuliana, y cerr\u00f3 el encuentro la Ministra de Educaci\u00f3n, Susana Ben\u00edtez. La mayor parte [&hellip;]<\/p>\n","protected":false},"author":1,"featured_media":4877,"comment_status":"closed","ping_status":"open","sticky":false,"template":"","format":"standard","meta":{"ngg_post_thumbnail":0},"categories":[13],"tags":[],"_links":{"self":[{"href":"https:\/\/magistradoscorrientes.com\/magistrados\/wp-json\/wp\/v2\/posts\/4867"}],"collection":[{"href":"https:\/\/magistradoscorrientes.com\/magistrados\/wp-json\/wp\/v2\/posts"}],"about":[{"href":"https:\/\/magistradoscorrientes.com\/magistrados\/wp-json\/wp\/v2\/types\/post"}],"author":[{"embeddable":true,"href":"https:\/\/magistradoscorrientes.com\/magistrados\/wp-json\/wp\/v2\/users\/1"}],"replies":[{"embeddable":true,"href":"https:\/\/magistradoscorrientes.com\/magistrados\/wp-json\/wp\/v2\/comments?post=4867"}],"version-history":[{"count":1,"href":"https:\/\/magistradoscorrientes.com\/magistrados\/wp-json\/wp\/v2\/posts\/4867\/revisions"}],"predecessor-version":[{"id":4878,"href":"https:\/\/magistradoscorrientes.com\/magistrados\/wp-json\/wp\/v2\/posts\/4867\/revisions\/4878"}],"wp:featuredmedia":[{"embeddable":true,"href":"https:\/\/magistradoscorrientes.com\/magistrados\/wp-json\/wp\/v2\/media\/4877"}],"wp:attachment":[{"href":"https:\/\/magistradoscorrientes.com\/magistrados\/wp-json\/wp\/v2\/media?parent=4867"}],"wp:term":[{"taxonomy":"category","embeddable":true,"href":"https:\/\/magistradoscorrientes.com\/magistrados\/wp-json\/wp\/v2\/categories?post=4867"},{"taxonomy":"post_tag","embeddable":true,"href":"https:\/\/magistradoscorrientes.com\/magistrados\/wp-json\/wp\/v2\/tags?post=4867"}],"curies":[{"name":"wp","href":"https:\/\/api.w.org\/{rel}","templated":true}]}}