{"id":4883,"date":"2016-06-13T19:26:53","date_gmt":"2016-06-13T22:26:53","guid":{"rendered":"http:\/\/magistradoscorrientes.com\/magistrados\/?p=4883"},"modified":"2020-11-19T19:28:45","modified_gmt":"2020-11-19T22:28:45","slug":"el-colegio-de-magistrados-realizara-jornadas-de-abordaje-multisectorial-sobre-adicciones","status":"publish","type":"post","link":"https:\/\/magistradoscorrientes.com\/magistrados\/el-colegio-de-magistrados-realizara-jornadas-de-abordaje-multisectorial-sobre-adicciones\/","title":{"rendered":"El Colegio de Magistrados realizar\u00e1 jornadas de abordaje multisectorial sobre Adicciones"},"content":{"rendered":"\n<p>En lo que ser\u00e1 una nueva propuesta abierta a la comunidad correntina, el Colegio de Magistrados y Funcionarios del Poder Judicial de Corrientes organiza un ciclo de Jornadas sobre Adicciones. Las mismas dar\u00e1n inicio el 16 de junio a las 18 Hs. en la sede, sita calle Buenos Aires 780- y contar\u00e1 con la presencia de destacados disertantes en la materia.<br>Con el objetivo de brindar un abordaje integral a la problem\u00e1tica de las adicciones, el Colegio de Magistrados abre sus puertas al debate con representantes de diversos sectores que expondr\u00e1n sobre la tem\u00e1tica. Este ciclo contar\u00e1 con varias ediciones durante los d\u00edas jueves del mes de junio.<br>Este 16, la actividad tendr\u00e1 como disertantes la licenciada Mar\u00eda Josefina Galvaliz, de la Delegaci\u00f3n del Cuerpo Forense del Poder Judicial de la Provincia de Corrientes; el Dr. Carlos Rodr\u00edguez, Director del Hospital de Salud Mental \u201cSan Francisco de Ass\u00eds\u201d; y el Crio. Inspector Guillermo Weyler.<br>Para informes e inscripci\u00f3n los interesados deber\u00e1n dirigirse a trav\u00e9s del correo colmagistrados@colmagistrado.arnetbiz.com.ar , a los tel\u00e9fonos 0379 \u2013 4426198 \/ 4462320, o bien en la sede del Colegio.<\/p>\n","protected":false},"excerpt":{"rendered":"<p>En lo que ser\u00e1 una nueva propuesta abierta a la comunidad correntina, el Colegio de Magistrados y Funcionarios del Poder Judicial de Corrientes organiza un ciclo de Jornadas sobre Adicciones. Las mismas dar\u00e1n inicio el 16 de junio a las 18 Hs. en la sede, sita calle Buenos Aires 780- y contar\u00e1 con la presencia de destacados disertantes en la [&hellip;]<\/p>\n","protected":false},"author":1,"featured_media":4894,"comment_status":"closed","ping_status":"open","sticky":false,"template":"","format":"standard","meta":{"ngg_post_thumbnail":0},"categories":[13],"tags":[],"_links":{"self":[{"href":"https:\/\/magistradoscorrientes.com\/magistrados\/wp-json\/wp\/v2\/posts\/4883"}],"collection":[{"href":"https:\/\/magistradoscorrientes.com\/magistrados\/wp-json\/wp\/v2\/posts"}],"about":[{"href":"https:\/\/magistradoscorrientes.com\/magistrados\/wp-json\/wp\/v2\/types\/post"}],"author":[{"embeddable":true,"href":"https:\/\/magistradoscorrientes.com\/magistrados\/wp-json\/wp\/v2\/users\/1"}],"replies":[{"embeddable":true,"href":"https:\/\/magistradoscorrientes.com\/magistrados\/wp-json\/wp\/v2\/comments?post=4883"}],"version-history":[{"count":1,"href":"https:\/\/magistradoscorrientes.com\/magistrados\/wp-json\/wp\/v2\/posts\/4883\/revisions"}],"predecessor-version":[{"id":4895,"href":"https:\/\/magistradoscorrientes.com\/magistrados\/wp-json\/wp\/v2\/posts\/4883\/revisions\/4895"}],"wp:featuredmedia":[{"embeddable":true,"href":"https:\/\/magistradoscorrientes.com\/magistrados\/wp-json\/wp\/v2\/media\/4894"}],"wp:attachment":[{"href":"https:\/\/magistradoscorrientes.com\/magistrados\/wp-json\/wp\/v2\/media?parent=4883"}],"wp:term":[{"taxonomy":"category","embeddable":true,"href":"https:\/\/magistradoscorrientes.com\/magistrados\/wp-json\/wp\/v2\/categories?post=4883"},{"taxonomy":"post_tag","embeddable":true,"href":"https:\/\/magistradoscorrientes.com\/magistrados\/wp-json\/wp\/v2\/tags?post=4883"}],"curies":[{"name":"wp","href":"https:\/\/api.w.org\/{rel}","templated":true}]}}