{"id":4884,"date":"2016-06-08T19:26:56","date_gmt":"2016-06-08T22:26:56","guid":{"rendered":"http:\/\/magistradoscorrientes.com\/magistrados\/?p=4884"},"modified":"2020-11-19T19:29:59","modified_gmt":"2020-11-19T22:29:59","slug":"2-taller-teorico-practico-sobre-argumentacion-e-interpretacion-de-sentencias","status":"publish","type":"post","link":"https:\/\/magistradoscorrientes.com\/magistrados\/2-taller-teorico-practico-sobre-argumentacion-e-interpretacion-de-sentencias\/","title":{"rendered":"2\u00b0 Taller Te\u00f3rico-Pr\u00e1ctico sobre Argumentaci\u00f3n e Interpretaci\u00f3n de Sentencias"},"content":{"rendered":"\n<p>Este viernes 10 de junio se realizar\u00e1 el 2\u00b0 Taller Te\u00f3rico-Pr\u00e1ctico sobre Argumentaci\u00f3n e Interpretaci\u00f3n de Sentencias dictado por el Dr. Sergio L\u00f3pez Pereyra. El mismo se llevar\u00e1 a cabo en la sede de nuestro Colegio, Buenos Aires 780, a partir de las 17 Hs.<\/p>\n\n\n\n<p>Se trata de una actividad gratuita para los asociados y podr\u00e1n asistir quienes ya participaron de la anterior edici\u00f3n, como as\u00ed tambi\u00e9n aquellos que quisieran hacerlo por primera vez. Podr\u00e1n inscribirse con anticipaci\u00f3n al correo colmagistrados@colmagistrado.arnetbiz.com.ar, por v\u00eda telef\u00f3nica 0379 \u2013 4426198 o bien ese d\u00eda antes del inicio.<\/p>\n\n\n\n<p>Cabe recordar que en los encuentros se trabaja mediante el estudio y an\u00e1lisis de casos, sobre tres contenidos b\u00e1sicos: Introducci\u00f3n al concepto de Sentencia como texto escrito; La producci\u00f3n de Sentencias: coherencia y claridad; coherencia y eficacia; coherencia. Las citas. La planificaci\u00f3n, la textualizaci\u00f3n y la revisi\u00f3n de sentencias. La par\u00e1frasis y la formulaci\u00f3n como estrategias textuales\/ discursivas para la producci\u00f3n de las Sentencias. Partes de la misma; Lectura de argumentos en Sentencias: identificaci\u00f3n e interpretaci\u00f3n de algunos recursos argumentativos. Congruencia, motivaci\u00f3n, falta de fundamentaci\u00f3n suficiente.<\/p>\n","protected":false},"excerpt":{"rendered":"<p>Este viernes 10 de junio se realizar\u00e1 el 2\u00b0 Taller Te\u00f3rico-Pr\u00e1ctico sobre Argumentaci\u00f3n e Interpretaci\u00f3n de Sentencias dictado por el Dr. Sergio L\u00f3pez Pereyra. El mismo se llevar\u00e1 a cabo en la sede de nuestro Colegio, Buenos Aires 780, a partir de las 17 Hs. Se trata de una actividad gratuita para los asociados y podr\u00e1n asistir quienes ya participaron [&hellip;]<\/p>\n","protected":false},"author":1,"featured_media":4896,"comment_status":"closed","ping_status":"open","sticky":false,"template":"","format":"standard","meta":{"ngg_post_thumbnail":0},"categories":[13],"tags":[],"_links":{"self":[{"href":"https:\/\/magistradoscorrientes.com\/magistrados\/wp-json\/wp\/v2\/posts\/4884"}],"collection":[{"href":"https:\/\/magistradoscorrientes.com\/magistrados\/wp-json\/wp\/v2\/posts"}],"about":[{"href":"https:\/\/magistradoscorrientes.com\/magistrados\/wp-json\/wp\/v2\/types\/post"}],"author":[{"embeddable":true,"href":"https:\/\/magistradoscorrientes.com\/magistrados\/wp-json\/wp\/v2\/users\/1"}],"replies":[{"embeddable":true,"href":"https:\/\/magistradoscorrientes.com\/magistrados\/wp-json\/wp\/v2\/comments?post=4884"}],"version-history":[{"count":1,"href":"https:\/\/magistradoscorrientes.com\/magistrados\/wp-json\/wp\/v2\/posts\/4884\/revisions"}],"predecessor-version":[{"id":4897,"href":"https:\/\/magistradoscorrientes.com\/magistrados\/wp-json\/wp\/v2\/posts\/4884\/revisions\/4897"}],"wp:featuredmedia":[{"embeddable":true,"href":"https:\/\/magistradoscorrientes.com\/magistrados\/wp-json\/wp\/v2\/media\/4896"}],"wp:attachment":[{"href":"https:\/\/magistradoscorrientes.com\/magistrados\/wp-json\/wp\/v2\/media?parent=4884"}],"wp:term":[{"taxonomy":"category","embeddable":true,"href":"https:\/\/magistradoscorrientes.com\/magistrados\/wp-json\/wp\/v2\/categories?post=4884"},{"taxonomy":"post_tag","embeddable":true,"href":"https:\/\/magistradoscorrientes.com\/magistrados\/wp-json\/wp\/v2\/tags?post=4884"}],"curies":[{"name":"wp","href":"https:\/\/api.w.org\/{rel}","templated":true}]}}