{"id":4886,"date":"2016-05-31T19:27:06","date_gmt":"2016-05-31T22:27:06","guid":{"rendered":"http:\/\/magistradoscorrientes.com\/magistrados\/?p=4886"},"modified":"2020-11-19T19:33:13","modified_gmt":"2020-11-19T22:33:13","slug":"el-colegio-participo-de-la-inauguracion-del-juzgado-de-paz-en-san-roque","status":"publish","type":"post","link":"https:\/\/magistradoscorrientes.com\/magistrados\/el-colegio-participo-de-la-inauguracion-del-juzgado-de-paz-en-san-roque\/","title":{"rendered":"El Colegio particip\u00f3 de la inauguraci\u00f3n del Juzgado de Paz en San Roque"},"content":{"rendered":"\n<p>En representaci\u00f3n del Colegio de Magistrados y Funcionarios del Poder Judicial de Corrientes, la presidente Dra. Luz Masferrer junto a otros asociados pertenecientes a la Justicia de Paz, participaron esta ma\u00f1ana de la inauguraci\u00f3n del Juzgado de Paz de la ciudad de San Roque.<br>El acto fue presidido por el Ministro del Superior Tribunal de Justicia Dr. Guillermo Semhan, quien, acompa\u00f1ado por los Sres. Ministros Eduardo Panseri y Alejandro Chain, el Sr. Intendente de la localidad de San Roque y el Sr. Juez de Paz, Daniel Curatola, procedi\u00f3 al descubrimiento de placa y corte de cintas, recorriendo luego las instalaciones remodeladas del edificio.<br>El predio tiene una superficie construida de 345 metros cuadrados y se caracteriza por poseer una ventilaci\u00f3n e iluminaci\u00f3n natural, remodelaci\u00f3n que fue realizada por dependientes de la Direcci\u00f3n de Arquitectura del Poder Judicial.\u00a0<\/p>\n\n\n\n<p><\/p>\n","protected":false},"excerpt":{"rendered":"<p>En representaci\u00f3n del Colegio de Magistrados y Funcionarios del Poder Judicial de Corrientes, la presidente Dra. Luz Masferrer junto a otros asociados pertenecientes a la Justicia de Paz, participaron esta ma\u00f1ana de la inauguraci\u00f3n del Juzgado de Paz de la ciudad de San Roque.El acto fue presidido por el Ministro del Superior Tribunal de Justicia Dr. Guillermo Semhan, quien, acompa\u00f1ado [&hellip;]<\/p>\n","protected":false},"author":1,"featured_media":4900,"comment_status":"closed","ping_status":"open","sticky":false,"template":"","format":"standard","meta":{"ngg_post_thumbnail":0},"categories":[13],"tags":[],"_links":{"self":[{"href":"https:\/\/magistradoscorrientes.com\/magistrados\/wp-json\/wp\/v2\/posts\/4886"}],"collection":[{"href":"https:\/\/magistradoscorrientes.com\/magistrados\/wp-json\/wp\/v2\/posts"}],"about":[{"href":"https:\/\/magistradoscorrientes.com\/magistrados\/wp-json\/wp\/v2\/types\/post"}],"author":[{"embeddable":true,"href":"https:\/\/magistradoscorrientes.com\/magistrados\/wp-json\/wp\/v2\/users\/1"}],"replies":[{"embeddable":true,"href":"https:\/\/magistradoscorrientes.com\/magistrados\/wp-json\/wp\/v2\/comments?post=4886"}],"version-history":[{"count":1,"href":"https:\/\/magistradoscorrientes.com\/magistrados\/wp-json\/wp\/v2\/posts\/4886\/revisions"}],"predecessor-version":[{"id":4901,"href":"https:\/\/magistradoscorrientes.com\/magistrados\/wp-json\/wp\/v2\/posts\/4886\/revisions\/4901"}],"wp:featuredmedia":[{"embeddable":true,"href":"https:\/\/magistradoscorrientes.com\/magistrados\/wp-json\/wp\/v2\/media\/4900"}],"wp:attachment":[{"href":"https:\/\/magistradoscorrientes.com\/magistrados\/wp-json\/wp\/v2\/media?parent=4886"}],"wp:term":[{"taxonomy":"category","embeddable":true,"href":"https:\/\/magistradoscorrientes.com\/magistrados\/wp-json\/wp\/v2\/categories?post=4886"},{"taxonomy":"post_tag","embeddable":true,"href":"https:\/\/magistradoscorrientes.com\/magistrados\/wp-json\/wp\/v2\/tags?post=4886"}],"curies":[{"name":"wp","href":"https:\/\/api.w.org\/{rel}","templated":true}]}}