{"id":4891,"date":"2016-05-25T19:27:20","date_gmt":"2016-05-25T22:27:20","guid":{"rendered":"http:\/\/magistradoscorrientes.com\/magistrados\/?p=4891"},"modified":"2020-11-19T19:37:51","modified_gmt":"2020-11-19T22:37:51","slug":"reunion-de-comision-directiva-mayo-2016","status":"publish","type":"post","link":"https:\/\/magistradoscorrientes.com\/magistrados\/reunion-de-comision-directiva-mayo-2016\/","title":{"rendered":"Reuni\u00f3n de Comisi\u00f3n Directiva &#8211; Mayo 2016"},"content":{"rendered":"\n<p>El s\u00e1bado 7 de mayo se realiz\u00f3 la tercera reuni\u00f3n del a\u00f1o de la Comisi\u00f3n Directiva del Colegio. La misma dio inicio con los temas planteados por asociados del interior, oportunidad en la que la Dra. Rosa Batalla coment\u00f3 la situaci\u00f3n de Paso de los Libres respecto a vacancias en cargos administrativos y de trabajadores sociales, y present\u00f3 como iniciativa la posibilidad de hacer una colecta solidaria en su localidad y en Monte Caseros, para ayudar a pobladores afectados por inundaciones en Mocoret\u00e1. La propuesta obtuvo la aprobaci\u00f3n de la Comisi\u00f3n y la Sra. Presidente Dra. Luz Masferrer, invit\u00f3 a todos los representantes del interior a replicar la iniciativa en todas las comunidades.<\/p>\n\n\n\n<p>Por Curuz\u00fa Cuati\u00e1 participaron la Dra. Mar\u00eda del Carmen Tormboto y el Dr. Mart\u00edn Vega, quienes hicieron referencia a la falta de secretario en el Juzgado Civil con competencia en Familia, decidi\u00e9ndose acompa\u00f1ar desde el Colegio una nueva petici\u00f3n al STJ en ese sentido. Adem\u00e1s, comentaron los cursos de capacitaci\u00f3n que se dictaron en la localidad y lo propio hizo el Dr. Moreira quien destac\u00f3 las actividades organizadas por el Superior Tribunal de Justicia en Santo Tom\u00e9, en especial, la Jornada de Taller de Violencia Familiar con Perspectiva de G\u00e9nero, que cont\u00f3 con el auspicio de nuestro Colegio y puso en conocimiento la media sanci\u00f3n obtenida por el proyecto de creaci\u00f3n del Juzgado de Familia en esa localidad, en la C\u00e1mara de Diputados.<\/p>\n\n\n\n<p>Posteriormente, la Dra. Ram\u00edrez Barrios inform\u00f3 sobre la reuni\u00f3n realizada con autoridades del COPNAF en nuestro Colegio en el mes de abril, sin resultados satisfactorios. En este sentido, propuso se acerquen, nuevamente, los reclamos de cada circunscripci\u00f3n para que el Colegio pueda peticionar de manera formal y en\u00e9rgica ante las autoridades pertinentes (Superior Tribunal de Justicia, Ministerios, y autoridades del Poder Ejecutivo). La iniciativa, obtuvo la aprobaci\u00f3n un\u00e1nime de los integrantes presentes de la Comisi\u00f3n.<\/p>\n\n\n\n<p>Por otra parte, se present\u00f3 el informe de la Comisi\u00f3n Mixta Permanente de Implementaci\u00f3n del Nuevo Escalaf\u00f3n, oportunidad en la que el Dr. Horacio Pissarello puso en conocimiento que un resumen de lo actuado obra en copia en una carpeta a disposici\u00f3n de los asociados en la sede del Colegio.<\/p>\n\n\n\n<p>Tambi\u00e9n se dio espacio a comentarios cobre actividades y preparativos de cara a la Reuni\u00f3n de la Comisi\u00f3n Nacional de Secretarios a llevarse a cabo los d\u00edas 2 y 3 de junio. Al respecto, la Dra. Maico Barrero inform\u00f3 que nuestro Colegio ser\u00e1 sede del encuentro el d\u00eda viernes 3 de junio \u2013 ya que el d\u00eda 2 las actividades ser\u00e1n en Resistencia-, y adelant\u00f3 actividades acad\u00e9micas y de camarader\u00eda previstas, invitando a los asociados interesados en participar a sumarse a dicha reuni\u00f3n.<\/p>\n\n\n\n<p>Al turno del Informe de Presidencia, la Dra. Masferrer&nbsp; mencion\u00f3 entre otros puntos la elevaci\u00f3n de subsidio a $2700 y propuso, para agilizar el env\u00edo de los subsidios a los asociados -especialmente los del interior-, solicitar los CBU y datos de cuenta para poder realizar transferencia bancaria en vez del cheque. La iniciativa, fue aprobada por la amplia mayor\u00eda.<\/p>\n\n\n\n<p>La presidente reiter\u00f3 la invitaci\u00f3n de la FAM a las Jornadas de Implementaci\u00f3n del C\u00f3digo Civil y Comercial que se llevar\u00e1n a cabo los d\u00edas 16 y 17 de junio, y destac\u00f3 la importancia de esa actividad para las que se espera una amplia concurrencia y la participaci\u00f3n mediante comunicaciones que permitan compartir la experiencia de Corrientes. Record\u00f3 adem\u00e1s que el costo de inscripci\u00f3n de las mismas es de $1600 hasta el 16 de mayo.<\/p>\n\n\n\n<p>Adem\u00e1s, la Dra. Masferrer anunci\u00f3 un Ciclo de jornadas sobre adicciones a realzarse en el Colegio y ser\u00e1n abiertas al p\u00fablico, e inform\u00f3 nuevas propuestas y actividades programadas, comentando, especialmente, las actividades que se est\u00e1n realizando desde la Comisi\u00f3n de Defensa y Tutela que se encuentra organizando una Conferencia titulada \u201cHacia un modelo penitenciario alternativo\u201d a cargo del Dr. Mario Juliano, y tendr\u00e1 lugar el pr\u00f3ximo 17 de junio. Los anuncios fueron aprobados por unanimidad, destac\u00e1ndose nuevamente que el Colegio apuesta a la capacitaci\u00f3n permanente de los asociados.<\/p>\n\n\n\n<p>Finalmente el Dr. Edgardo Frutos cont\u00f3 acerca de las actividades programadas por la Comisi\u00f3n Acad\u00e9mica del Colegio en conjunto con la Comisi\u00f3n de de J\u00f3venes Procesalistas, y el Dr. Diego Pedrozo solicit\u00f3 una reuni\u00f3n de la Comisi\u00f3n Directiva con Jueces de Paz ante el conocimiento de un proyecto de ley de transformaci\u00f3n de juzgados. Desde Comisi\u00f3n Directiva respaldaron dichas iniciativas y se determin\u00f3 que la reuni\u00f3n con los Jueces de Paz&nbsp; se llevar\u00eda a cabo el d\u00eda mi\u00e9rcoles a partir de las 18 Hs.<\/p>\n","protected":false},"excerpt":{"rendered":"<p>El s\u00e1bado 7 de mayo se realiz\u00f3 la tercera reuni\u00f3n del a\u00f1o de la Comisi\u00f3n Directiva del Colegio. La misma dio inicio con los temas planteados por asociados del interior, oportunidad en la que la Dra. Rosa Batalla coment\u00f3 la situaci\u00f3n de Paso de los Libres respecto a vacancias en cargos administrativos y de trabajadores sociales, y present\u00f3 como iniciativa [&hellip;]<\/p>\n","protected":false},"author":1,"featured_media":4910,"comment_status":"closed","ping_status":"open","sticky":false,"template":"","format":"standard","meta":{"ngg_post_thumbnail":0},"categories":[13],"tags":[],"_links":{"self":[{"href":"https:\/\/magistradoscorrientes.com\/magistrados\/wp-json\/wp\/v2\/posts\/4891"}],"collection":[{"href":"https:\/\/magistradoscorrientes.com\/magistrados\/wp-json\/wp\/v2\/posts"}],"about":[{"href":"https:\/\/magistradoscorrientes.com\/magistrados\/wp-json\/wp\/v2\/types\/post"}],"author":[{"embeddable":true,"href":"https:\/\/magistradoscorrientes.com\/magistrados\/wp-json\/wp\/v2\/users\/1"}],"replies":[{"embeddable":true,"href":"https:\/\/magistradoscorrientes.com\/magistrados\/wp-json\/wp\/v2\/comments?post=4891"}],"version-history":[{"count":1,"href":"https:\/\/magistradoscorrientes.com\/magistrados\/wp-json\/wp\/v2\/posts\/4891\/revisions"}],"predecessor-version":[{"id":4911,"href":"https:\/\/magistradoscorrientes.com\/magistrados\/wp-json\/wp\/v2\/posts\/4891\/revisions\/4911"}],"wp:featuredmedia":[{"embeddable":true,"href":"https:\/\/magistradoscorrientes.com\/magistrados\/wp-json\/wp\/v2\/media\/4910"}],"wp:attachment":[{"href":"https:\/\/magistradoscorrientes.com\/magistrados\/wp-json\/wp\/v2\/media?parent=4891"}],"wp:term":[{"taxonomy":"category","embeddable":true,"href":"https:\/\/magistradoscorrientes.com\/magistrados\/wp-json\/wp\/v2\/categories?post=4891"},{"taxonomy":"post_tag","embeddable":true,"href":"https:\/\/magistradoscorrientes.com\/magistrados\/wp-json\/wp\/v2\/tags?post=4891"}],"curies":[{"name":"wp","href":"https:\/\/api.w.org\/{rel}","templated":true}]}}