{"id":4912,"date":"2016-05-20T19:37:52","date_gmt":"2016-05-20T22:37:52","guid":{"rendered":"http:\/\/magistradoscorrientes.com\/magistrados\/?p=4912"},"modified":"2020-11-19T19:39:45","modified_gmt":"2020-11-19T22:39:45","slug":"la-comision-de-la-defensa-y-tutelar-avanza-en-la-organizacion-de-la-conferencia-del-dr-jiuliano","status":"publish","type":"post","link":"https:\/\/magistradoscorrientes.com\/magistrados\/la-comision-de-la-defensa-y-tutelar-avanza-en-la-organizacion-de-la-conferencia-del-dr-jiuliano\/","title":{"rendered":"La Comisi\u00f3n de la Defensa y Tutelar avanza en la organizaci\u00f3n de la Conferencia del Dr. Jiuliano"},"content":{"rendered":"\n<p>De cara a la realizaci\u00f3n de la Conferencia del Dr. Mario Alberto Juliano \u201cHacia un modelo penitenciario alternativo\u201d, a realizarse el pr\u00f3ximo viernes 17 de junio en la sede de calle Buenos Aires 780, la Comisi\u00f3n de la Defensa y Tutelar \u2013encargada de la organizaci\u00f3n de dicho evento- se reuni\u00f3 el pasado viernes 20 de mayo en el Colegio.<\/p>\n\n\n\n<p>En la oportunidad, los referentes presentes avanzaron en el armado de la jornada de disertaci\u00f3n del Dr. Juliano, ultimando detalles y organizando el env\u00edo de invitaciones correspondientes, estableciendo como fecha para el pr\u00f3ximo encuentro de dicha Comisi\u00f3n, el pr\u00f3ximo 3 de junio.<\/p>\n\n\n\n<p>Por otra parte, plantearon la propuesta de generar temas comunes referidos a la gesti\u00f3n diaria relacionada con los Juzgados de Familia y de Menores, como tambi\u00e9n la fijaci\u00f3n de temas penales y civiles a tratar en pr\u00f3ximos encuentros, consensuando con magistrados el abordaje de dichos puntos.<\/p>\n\n\n\n<p>Desde el Colegio, se espera amplia participaci\u00f3n en el evento mencionado y su difusi\u00f3n entre operadores interesados en la tem\u00e1tica, felicitando una vez m\u00e1s la iniciativa de la Comisi\u00f3n Defensa y Tutela para promoverla y para impulsar actividades de coordinaci\u00f3n de tareas cotidianas, siempre en beneficio del mejoramiento del servicio de justicia.<\/p>\n","protected":false},"excerpt":{"rendered":"<p>De cara a la realizaci\u00f3n de la Conferencia del Dr. Mario Alberto Juliano \u201cHacia un modelo penitenciario alternativo\u201d, a realizarse el pr\u00f3ximo viernes 17 de junio en la sede de calle Buenos Aires 780, la Comisi\u00f3n de la Defensa y Tutelar \u2013encargada de la organizaci\u00f3n de dicho evento- se reuni\u00f3 el pasado viernes 20 de mayo en el Colegio. En [&hellip;]<\/p>\n","protected":false},"author":1,"featured_media":4923,"comment_status":"closed","ping_status":"open","sticky":false,"template":"","format":"standard","meta":{"ngg_post_thumbnail":0},"categories":[13],"tags":[],"_links":{"self":[{"href":"https:\/\/magistradoscorrientes.com\/magistrados\/wp-json\/wp\/v2\/posts\/4912"}],"collection":[{"href":"https:\/\/magistradoscorrientes.com\/magistrados\/wp-json\/wp\/v2\/posts"}],"about":[{"href":"https:\/\/magistradoscorrientes.com\/magistrados\/wp-json\/wp\/v2\/types\/post"}],"author":[{"embeddable":true,"href":"https:\/\/magistradoscorrientes.com\/magistrados\/wp-json\/wp\/v2\/users\/1"}],"replies":[{"embeddable":true,"href":"https:\/\/magistradoscorrientes.com\/magistrados\/wp-json\/wp\/v2\/comments?post=4912"}],"version-history":[{"count":1,"href":"https:\/\/magistradoscorrientes.com\/magistrados\/wp-json\/wp\/v2\/posts\/4912\/revisions"}],"predecessor-version":[{"id":4924,"href":"https:\/\/magistradoscorrientes.com\/magistrados\/wp-json\/wp\/v2\/posts\/4912\/revisions\/4924"}],"wp:featuredmedia":[{"embeddable":true,"href":"https:\/\/magistradoscorrientes.com\/magistrados\/wp-json\/wp\/v2\/media\/4923"}],"wp:attachment":[{"href":"https:\/\/magistradoscorrientes.com\/magistrados\/wp-json\/wp\/v2\/media?parent=4912"}],"wp:term":[{"taxonomy":"category","embeddable":true,"href":"https:\/\/magistradoscorrientes.com\/magistrados\/wp-json\/wp\/v2\/categories?post=4912"},{"taxonomy":"post_tag","embeddable":true,"href":"https:\/\/magistradoscorrientes.com\/magistrados\/wp-json\/wp\/v2\/tags?post=4912"}],"curies":[{"name":"wp","href":"https:\/\/api.w.org\/{rel}","templated":true}]}}