{"id":4913,"date":"2016-05-20T19:37:55","date_gmt":"2016-05-20T22:37:55","guid":{"rendered":"http:\/\/magistradoscorrientes.com\/magistrados\/?p=4913"},"modified":"2020-11-19T19:40:43","modified_gmt":"2020-11-19T22:40:43","slug":"corrientes-presento-informes-y-actividades-en-la-junta-de-gobierno-de-fam","status":"publish","type":"post","link":"https:\/\/magistradoscorrientes.com\/magistrados\/corrientes-presento-informes-y-actividades-en-la-junta-de-gobierno-de-fam\/","title":{"rendered":"Corrientes present\u00f3 informes y actividades en la Junta de Gobierno de FAM"},"content":{"rendered":"\n<p>En la \u00faltima reuni\u00f3n de Junta de Gobierno de la Federaci\u00f3n Argentina de la Magistratura y la Funci\u00f3n Judicial (FAM), realizada los d\u00edas 19 y 20 de mayo en la ciudad de Buenos Aires, los Colegios y asociaciones federadas de todo el pa\u00eds se convocaron para exponer informes de las actividades realizadas por cada uno y compartir visiones sobre las realidades judiciales provinciales acerca de la designaci\u00f3n de jueces, temas salariales y relaciones institucionales con la Corte Suprema y los Superiores Tribunales de Justicia.<\/p>\n\n\n\n<p>Por Corrientes, asisti\u00f3 la Presidente del Colegio de Magistrados, Dra. Luz Gabriela Masferrer, acompa\u00f1ada por la Dra. Anal\u00eda Durand de Cassis, quien se desempe\u00f1a como Secretaria del Instituto de Investigaciones Judiciales de la FAM. En este marco, la Dra. Masferrer inform\u00f3 acerca de las actividades acad\u00e9micas ya realizadas y a realizar durante el mes de junio en el Colegio. Present\u00f3 as\u00ed, las Jornada Sobre Adicciones a desarrollarse pr\u00f3ximamente con paneles especialistas de distintos \u00e1mbitos y coment\u00f3 acerca de la conformaci\u00f3n de la Comisi\u00f3n Institucional de Defensa y Tutela que ya se encuentra trabajando a pleno en pos de la realizaci\u00f3n de actividades acad\u00e9micas, cuya primera propuesta ser\u00e1 la conferencia a cargo del Dr. Juliano a realizarse el 17 de junio en la sede de Buenos Aires 780.<\/p>\n\n\n\n<p>Por otra parte, resalt\u00f3 el \u00e9xito de la campa\u00f1a de donaciones para los afectados por las inundaciones, realizada con asociados y familias en marco del programa \u201cColegio Solidario\u201d, lo cual obtuvo el visto bueno y obtuvo felicitaciones de parte de los dem\u00e1s participantes.&nbsp;<\/p>\n\n\n\n<p>Asimismo, la Dra. Masferrer hizo referencia a la destacada participaci\u00f3n del Colegio de Magistrados de Corrientes en dos eventos de trascendencia nacional como lo son las Jornadas de Implementaci\u00f3n del Nuevo C\u00f3digo Civil \u2013 a realizarse los d\u00edas 16 y 17 de junio en Rosario en las cuales presentar\u00e1 panelistas,- y la reuni\u00f3n de la Comisi\u00f3n Nacional de Secretarios, en las que oficiar\u00e1 de anfitri\u00f3n junto a la Asociaci\u00f3n de Magistrados y Funcionarios del Chaco, los d\u00edas 2 y 3 de junio.&nbsp; Desde la Federaci\u00f3n comprometieron la participaci\u00f3n de miembros integrantes de la Mesa Chica a dicho evento.<\/p>\n\n\n\n<p>Por su parte, la Dra. Durand de Cass\u00eds -desde la Secretar\u00eda a su cargo- propuso una campa\u00f1a de \u00e9tica judicial invitando a todas las provincias a realizar un relevamiento en esta materia con el fin de conocer acerca de la existencia de los C\u00f3digos de \u00c9tica en las distintas provincias, como as\u00ed tambi\u00e9n la manera en que son aplicados en cada una de ellas.<\/p>\n\n\n\n<p>Desde el Instituto de Estudios Judiciales de FAM, el Dr. Ariel Ariza explic\u00f3 las actividades de las Jornadas a realizarse en Rosario agradeciendo el importante apoyo de los Colegios e instando a la difusi\u00f3n y participaci\u00f3n a las mismas. Record\u00f3 que en el sitio web www.jornadasfam2016.com.ar se encuentra disponible toda la informaci\u00f3n acerca del evento.<\/p>\n\n\n\n<p>En otro aspecto, se abord\u00f3 la organizaci\u00f3n de las actividades por el Cincuentenario de FAM a realizarse el 16 de septiembre en la ciudad de C\u00f3rdoba. El vicepresidente 1\u00b0 de la Federaci\u00f3n, Dr. Lucero, convoc\u00f3 a los asociados de todas las asociaciones federadas a participar de la cena multitudinaria que se ofrecer\u00e1 en aquella ciudad e hizo menci\u00f3n al descubrimiento de una placa recordatoria emplazada en el lugar donde fue suscripta el acta de fundaci\u00f3n de FAM, el 15 de septiembre de 1966, en San Nicol\u00e1s de los Arroyos.<\/p>\n","protected":false},"excerpt":{"rendered":"<p>En la \u00faltima reuni\u00f3n de Junta de Gobierno de la Federaci\u00f3n Argentina de la Magistratura y la Funci\u00f3n Judicial (FAM), realizada los d\u00edas 19 y 20 de mayo en la ciudad de Buenos Aires, los Colegios y asociaciones federadas de todo el pa\u00eds se convocaron para exponer informes de las actividades realizadas por cada uno y compartir visiones sobre las [&hellip;]<\/p>\n","protected":false},"author":1,"featured_media":4925,"comment_status":"closed","ping_status":"open","sticky":false,"template":"","format":"standard","meta":{"ngg_post_thumbnail":0},"categories":[13],"tags":[],"_links":{"self":[{"href":"https:\/\/magistradoscorrientes.com\/magistrados\/wp-json\/wp\/v2\/posts\/4913"}],"collection":[{"href":"https:\/\/magistradoscorrientes.com\/magistrados\/wp-json\/wp\/v2\/posts"}],"about":[{"href":"https:\/\/magistradoscorrientes.com\/magistrados\/wp-json\/wp\/v2\/types\/post"}],"author":[{"embeddable":true,"href":"https:\/\/magistradoscorrientes.com\/magistrados\/wp-json\/wp\/v2\/users\/1"}],"replies":[{"embeddable":true,"href":"https:\/\/magistradoscorrientes.com\/magistrados\/wp-json\/wp\/v2\/comments?post=4913"}],"version-history":[{"count":1,"href":"https:\/\/magistradoscorrientes.com\/magistrados\/wp-json\/wp\/v2\/posts\/4913\/revisions"}],"predecessor-version":[{"id":4926,"href":"https:\/\/magistradoscorrientes.com\/magistrados\/wp-json\/wp\/v2\/posts\/4913\/revisions\/4926"}],"wp:featuredmedia":[{"embeddable":true,"href":"https:\/\/magistradoscorrientes.com\/magistrados\/wp-json\/wp\/v2\/media\/4925"}],"wp:attachment":[{"href":"https:\/\/magistradoscorrientes.com\/magistrados\/wp-json\/wp\/v2\/media?parent=4913"}],"wp:term":[{"taxonomy":"category","embeddable":true,"href":"https:\/\/magistradoscorrientes.com\/magistrados\/wp-json\/wp\/v2\/categories?post=4913"},{"taxonomy":"post_tag","embeddable":true,"href":"https:\/\/magistradoscorrientes.com\/magistrados\/wp-json\/wp\/v2\/tags?post=4913"}],"curies":[{"name":"wp","href":"https:\/\/api.w.org\/{rel}","templated":true}]}}