{"id":4914,"date":"2016-05-17T19:38:00","date_gmt":"2016-05-17T22:38:00","guid":{"rendered":"http:\/\/magistradoscorrientes.com\/magistrados\/?p=4914"},"modified":"2020-11-19T19:41:37","modified_gmt":"2020-11-19T22:41:37","slug":"este-viernes-20-se-realizara-el-1-taller-de-argumentacion-e-interpretacion-de-sentencias","status":"publish","type":"post","link":"https:\/\/magistradoscorrientes.com\/magistrados\/este-viernes-20-se-realizara-el-1-taller-de-argumentacion-e-interpretacion-de-sentencias\/","title":{"rendered":"Este viernes 20, se realizar\u00e1 el 1\u00b0 Taller de Argumentaci\u00f3n e Interpretaci\u00f3n de Sentencias"},"content":{"rendered":"\n<p>En la sede del Colegio de Magistrados y Funcionarios del Poder Judicial de Corrientes, dar\u00e1 inicio este viernes a un ciclo de Talleres Te\u00f3rico-Pr\u00e1cticos sobre Argumentaci\u00f3n e Interpretaci\u00f3n de Sentencias, en los que se trabajar\u00e1 sobre el an\u00e1lisis de fallos modelo acompa\u00f1ado de algunas lecturas te\u00f3ricas en la materia. El encuentro arrancar\u00e1 a las 17Hs.<\/p>\n\n\n\n<p>La actividad tendr\u00e1 como disertante al Dr. Sergio L\u00f3pez Pereyra, y ser\u00e1 de entrada enteramente gratuita. La propuesta continuar\u00e1 los d\u00edas 10 de junio y 1 de julio del corriente a\u00f1o, tambi\u00e9n en la sede de calle Buenos Aires 780, entretanto se trabaja en la posibilidad de coordinar pr\u00f3ximos encuentros de capacitaci\u00f3n en localidades del interior de la provincia.<\/p>\n\n\n\n<p>En los talleres se trabajar\u00e1 mediante el estudio y an\u00e1lisis de casos, sobre tres contenidos b\u00e1sicos:<\/p>\n\n\n\n<p>*&nbsp; Introducci\u00f3n al concepto de Sentencia como texto escrito;<\/p>\n\n\n\n<p>* La producci\u00f3n de Sentencias: coherencia y claridad; coherencia y eficacia; coherencia. Las citas. La planificaci\u00f3n, la textualizaci\u00f3n y la revisi\u00f3n de sentencias. La par\u00e1frasis y la formulaci\u00f3n como estrategias textuales\/ discursivas para la producci\u00f3n de las Sentencias. Partes de la misma.<\/p>\n\n\n\n<p>* Lectura de argumentos en Sentencias: identificaci\u00f3n e interpretaci\u00f3n de algunos recursos argumentativos. Congruencia, motivaci\u00f3n, falta de fundamentaci\u00f3n suficiente.<\/p>\n\n\n\n<p>Los interesados podr\u00e1n inscribirse personalmente en la sede del Colegio, por correo electr\u00f3nico colmagistrados@colmagistrado.arnetbiz.com.ar o por v\u00eda telef\u00f3nica 0379 &#8211; 4426198.<\/p>\n","protected":false},"excerpt":{"rendered":"<p>En la sede del Colegio de Magistrados y Funcionarios del Poder Judicial de Corrientes, dar\u00e1 inicio este viernes a un ciclo de Talleres Te\u00f3rico-Pr\u00e1cticos sobre Argumentaci\u00f3n e Interpretaci\u00f3n de Sentencias, en los que se trabajar\u00e1 sobre el an\u00e1lisis de fallos modelo acompa\u00f1ado de algunas lecturas te\u00f3ricas en la materia. El encuentro arrancar\u00e1 a las 17Hs. La actividad tendr\u00e1 como disertante [&hellip;]<\/p>\n","protected":false},"author":1,"featured_media":4927,"comment_status":"closed","ping_status":"open","sticky":false,"template":"","format":"standard","meta":{"ngg_post_thumbnail":0},"categories":[13],"tags":[],"_links":{"self":[{"href":"https:\/\/magistradoscorrientes.com\/magistrados\/wp-json\/wp\/v2\/posts\/4914"}],"collection":[{"href":"https:\/\/magistradoscorrientes.com\/magistrados\/wp-json\/wp\/v2\/posts"}],"about":[{"href":"https:\/\/magistradoscorrientes.com\/magistrados\/wp-json\/wp\/v2\/types\/post"}],"author":[{"embeddable":true,"href":"https:\/\/magistradoscorrientes.com\/magistrados\/wp-json\/wp\/v2\/users\/1"}],"replies":[{"embeddable":true,"href":"https:\/\/magistradoscorrientes.com\/magistrados\/wp-json\/wp\/v2\/comments?post=4914"}],"version-history":[{"count":1,"href":"https:\/\/magistradoscorrientes.com\/magistrados\/wp-json\/wp\/v2\/posts\/4914\/revisions"}],"predecessor-version":[{"id":4928,"href":"https:\/\/magistradoscorrientes.com\/magistrados\/wp-json\/wp\/v2\/posts\/4914\/revisions\/4928"}],"wp:featuredmedia":[{"embeddable":true,"href":"https:\/\/magistradoscorrientes.com\/magistrados\/wp-json\/wp\/v2\/media\/4927"}],"wp:attachment":[{"href":"https:\/\/magistradoscorrientes.com\/magistrados\/wp-json\/wp\/v2\/media?parent=4914"}],"wp:term":[{"taxonomy":"category","embeddable":true,"href":"https:\/\/magistradoscorrientes.com\/magistrados\/wp-json\/wp\/v2\/categories?post=4914"},{"taxonomy":"post_tag","embeddable":true,"href":"https:\/\/magistradoscorrientes.com\/magistrados\/wp-json\/wp\/v2\/tags?post=4914"}],"curies":[{"name":"wp","href":"https:\/\/api.w.org\/{rel}","templated":true}]}}