{"id":4915,"date":"2016-05-16T19:38:04","date_gmt":"2016-05-16T22:38:04","guid":{"rendered":"http:\/\/magistradoscorrientes.com\/magistrados\/?p=4915"},"modified":"2020-11-19T19:42:34","modified_gmt":"2020-11-19T22:42:34","slug":"este-martes-17-se-realizara-una-reunion-para-trabajar-en-el-anteproyecto-del-cpcc","status":"publish","type":"post","link":"https:\/\/magistradoscorrientes.com\/magistrados\/este-martes-17-se-realizara-una-reunion-para-trabajar-en-el-anteproyecto-del-cpcc\/","title":{"rendered":"Este martes 17, se realizar\u00e1 una reuni\u00f3n para trabajar en el anteproyecto del CPCC"},"content":{"rendered":"\n<p>Se INVITA a todos los asociados del Fuero Civil y Comercial y en general a todos los interesados en continuar trabajando en propuestas y observaciones al Anteproyecto de C\u00f3digo Procesal Civil y Comercial de la Provincia, a una reuni\u00f3n el d\u00eda MARTES 17 DE mayo de 2016 a las 17.30 en la Sede del Colegio.<\/p>\n\n\n\n<p>En la misma, se comentar\u00e1&nbsp; un proyecto de Convenio con la Comisi\u00f3n de J\u00f3venes Procesalistas de la Asociaci\u00f3n Argentina de Derecho Procesal \u2013AADP- para el an\u00e1lisis del citado Anteproyecto con el aporte de los especialistas, y se dar\u00e1 a conocer la propuesta del Dr. Mart\u00edn Castro Gabaldo, Presidente de la&nbsp; Comisi\u00f3n \u2013CJP-, de realizar actividades de capacitaci\u00f3n , Curso Taller: \u201cCAPACITACI\u00d3N JUDICIAL UNIFICACI\u00d3N DE CRITERIOS FORMALES \u2013 MANUAL DE PR\u00c1CTICA FORENSE\u201d.<\/p>\n\n\n\n<p>Los asociados del interior podr\u00e1n realizar aportes y observaciones, v\u00eda correo o telef\u00f3nicamente, y se espera la valiosa participaci\u00f3n de todos.<\/p>\n","protected":false},"excerpt":{"rendered":"<p>Se INVITA a todos los asociados del Fuero Civil y Comercial y en general a todos los interesados en continuar trabajando en propuestas y observaciones al Anteproyecto de C\u00f3digo Procesal Civil y Comercial de la Provincia, a una reuni\u00f3n el d\u00eda MARTES 17 DE mayo de 2016 a las 17.30 en la Sede del Colegio. En la misma, se comentar\u00e1&nbsp; [&hellip;]<\/p>\n","protected":false},"author":1,"featured_media":4929,"comment_status":"closed","ping_status":"open","sticky":false,"template":"","format":"standard","meta":{"ngg_post_thumbnail":0},"categories":[13],"tags":[],"_links":{"self":[{"href":"https:\/\/magistradoscorrientes.com\/magistrados\/wp-json\/wp\/v2\/posts\/4915"}],"collection":[{"href":"https:\/\/magistradoscorrientes.com\/magistrados\/wp-json\/wp\/v2\/posts"}],"about":[{"href":"https:\/\/magistradoscorrientes.com\/magistrados\/wp-json\/wp\/v2\/types\/post"}],"author":[{"embeddable":true,"href":"https:\/\/magistradoscorrientes.com\/magistrados\/wp-json\/wp\/v2\/users\/1"}],"replies":[{"embeddable":true,"href":"https:\/\/magistradoscorrientes.com\/magistrados\/wp-json\/wp\/v2\/comments?post=4915"}],"version-history":[{"count":1,"href":"https:\/\/magistradoscorrientes.com\/magistrados\/wp-json\/wp\/v2\/posts\/4915\/revisions"}],"predecessor-version":[{"id":4930,"href":"https:\/\/magistradoscorrientes.com\/magistrados\/wp-json\/wp\/v2\/posts\/4915\/revisions\/4930"}],"wp:featuredmedia":[{"embeddable":true,"href":"https:\/\/magistradoscorrientes.com\/magistrados\/wp-json\/wp\/v2\/media\/4929"}],"wp:attachment":[{"href":"https:\/\/magistradoscorrientes.com\/magistrados\/wp-json\/wp\/v2\/media?parent=4915"}],"wp:term":[{"taxonomy":"category","embeddable":true,"href":"https:\/\/magistradoscorrientes.com\/magistrados\/wp-json\/wp\/v2\/categories?post=4915"},{"taxonomy":"post_tag","embeddable":true,"href":"https:\/\/magistradoscorrientes.com\/magistrados\/wp-json\/wp\/v2\/tags?post=4915"}],"curies":[{"name":"wp","href":"https:\/\/api.w.org\/{rel}","templated":true}]}}