{"id":4916,"date":"2016-05-11T19:38:09","date_gmt":"2016-05-11T22:38:09","guid":{"rendered":"http:\/\/magistradoscorrientes.com\/magistrados\/?p=4916"},"modified":"2020-11-19T19:43:34","modified_gmt":"2020-11-19T22:43:34","slug":"la-comision-directiva-se-reunio-con-miembros-de-la-justicia-de-paz-para-analizar-la-realidad-del-sector","status":"publish","type":"post","link":"https:\/\/magistradoscorrientes.com\/magistrados\/la-comision-directiva-se-reunio-con-miembros-de-la-justicia-de-paz-para-analizar-la-realidad-del-sector\/","title":{"rendered":"La Comisi\u00f3n Directiva se reuni\u00f3 con miembros de la Justicia de Paz para analizar la realidad del sector"},"content":{"rendered":"\n<p>El pasado mi\u00e9rcoles, miembros de la Comisi\u00f3n Directiva del Colegio de Magistrados recibieron a magistrados y secretarios de la Justicia de Paz, quienes plantearon inquietudes ante el proyecto de ley de transformaci\u00f3n de Juzgados de Paz de la Provincia y la necesidad de instar a la jerarquizaci\u00f3n del sector con una mirada general.<\/p>\n\n\n\n<p>Participaron del encuentro -en representaci\u00f3n de la Comisi\u00f3n Directiva- la presidente, Dra. Luz Masferrer; y los Dres. Horacio Pisarello; Ariel Azcona; Mirtha Ram\u00edrez Barrios, Marina C\u00faneo y Diego N\u00fa\u00f1ez Huel. En tanto que en representaci\u00f3n de la Justicia de Paz se hicieron presentes los Dres.Hugo Alejandro S\u00e1nchez Mart\u00ednez, Ram\u00f3n Alfredo Aquino,&nbsp; Carlos Hugo Chiama, y Mar\u00eda Ang\u00e9lica Prado. Tambi\u00e9n acompa\u00f1\u00f3 la reuni\u00f3n la Dra. Mar\u00eda Eugenia Sierra de Desimoni (ex Presidente de esta instituci\u00f3n) y la Dra. Norma Oliva de Piatti (ex juez de paz letrada y luego civil).<\/p>\n\n\n\n<p>Durante la reuni\u00f3n se escuch\u00f3 a los asociados, quienes plantearon la situaci\u00f3n actual de la Justicia de Paz luego de las distintas transformaciones normativas y la importancia de esta funci\u00f3n como acceso a justicia.<\/p>\n\n\n\n<p>Luego de un nutrido intercambio de ideas, se acord\u00f3 reunir a la Comisi\u00f3n de Estudio Sobre Proyectos de Jerarquizaci\u00f3n de la Justicia de Paz para aunar posiciones y elaborar propuestas superadoras para canalizar ante las autoridades que correspondan.<\/p>\n","protected":false},"excerpt":{"rendered":"<p>El pasado mi\u00e9rcoles, miembros de la Comisi\u00f3n Directiva del Colegio de Magistrados recibieron a magistrados y secretarios de la Justicia de Paz, quienes plantearon inquietudes ante el proyecto de ley de transformaci\u00f3n de Juzgados de Paz de la Provincia y la necesidad de instar a la jerarquizaci\u00f3n del sector con una mirada general. Participaron del encuentro -en representaci\u00f3n de la [&hellip;]<\/p>\n","protected":false},"author":1,"featured_media":4931,"comment_status":"closed","ping_status":"open","sticky":false,"template":"","format":"standard","meta":{"ngg_post_thumbnail":0},"categories":[13],"tags":[],"_links":{"self":[{"href":"https:\/\/magistradoscorrientes.com\/magistrados\/wp-json\/wp\/v2\/posts\/4916"}],"collection":[{"href":"https:\/\/magistradoscorrientes.com\/magistrados\/wp-json\/wp\/v2\/posts"}],"about":[{"href":"https:\/\/magistradoscorrientes.com\/magistrados\/wp-json\/wp\/v2\/types\/post"}],"author":[{"embeddable":true,"href":"https:\/\/magistradoscorrientes.com\/magistrados\/wp-json\/wp\/v2\/users\/1"}],"replies":[{"embeddable":true,"href":"https:\/\/magistradoscorrientes.com\/magistrados\/wp-json\/wp\/v2\/comments?post=4916"}],"version-history":[{"count":1,"href":"https:\/\/magistradoscorrientes.com\/magistrados\/wp-json\/wp\/v2\/posts\/4916\/revisions"}],"predecessor-version":[{"id":4932,"href":"https:\/\/magistradoscorrientes.com\/magistrados\/wp-json\/wp\/v2\/posts\/4916\/revisions\/4932"}],"wp:featuredmedia":[{"embeddable":true,"href":"https:\/\/magistradoscorrientes.com\/magistrados\/wp-json\/wp\/v2\/media\/4931"}],"wp:attachment":[{"href":"https:\/\/magistradoscorrientes.com\/magistrados\/wp-json\/wp\/v2\/media?parent=4916"}],"wp:term":[{"taxonomy":"category","embeddable":true,"href":"https:\/\/magistradoscorrientes.com\/magistrados\/wp-json\/wp\/v2\/categories?post=4916"},{"taxonomy":"post_tag","embeddable":true,"href":"https:\/\/magistradoscorrientes.com\/magistrados\/wp-json\/wp\/v2\/tags?post=4916"}],"curies":[{"name":"wp","href":"https:\/\/api.w.org\/{rel}","templated":true}]}}