{"id":4918,"date":"2016-05-06T19:38:18","date_gmt":"2016-05-06T22:38:18","guid":{"rendered":"http:\/\/magistradoscorrientes.com\/magistrados\/?p=4918"},"modified":"2020-11-19T19:49:44","modified_gmt":"2020-11-19T22:49:44","slug":"comision-de-la-defensa-y-tutelar-coordina-la-visita-y-exposicion-del-dr-mario-juliano","status":"publish","type":"post","link":"https:\/\/magistradoscorrientes.com\/magistrados\/comision-de-la-defensa-y-tutelar-coordina-la-visita-y-exposicion-del-dr-mario-juliano\/","title":{"rendered":"Comisi\u00f3n de la Defensa y Tutelar coordina la visita y exposici\u00f3n del Dr. Mario Juliano"},"content":{"rendered":"\n<p>El pasado viernes 6 de mayo se concret\u00f3 una nueva reuni\u00f3n de la Comisi\u00f3n de la Defensa y Tutelar del Colegio de Magistrados y Funcionarios del Poder Judicial, en la cual se ultimaron detalles de cara a la visita del Dr. Mario Alberto Juliano, quien dar\u00e1 una conferencia titulada \u201cHacia un modelo penitenciario alternativo\u201d, el viernes 17 de junio en la sede de calle Buenos Aires 780.<br>En el encuentro del pasado viernes, los miembros de dicha comisi\u00f3n avanzaron en la planificaci\u00f3n y coordinaci\u00f3n del evento venidero que contar\u00e1 con el auspicio de la Fiscal\u00eda General, y para el cual se solicitar\u00e1 declaraci\u00f3n de inter\u00e9s al Superior Tribunal de Justicia.<br>El Vice-presidente del Colegio de Magistrados, Dr. Buenaventura Duarte acompa\u00f1\u00f3 el inicio de la reuni\u00f3n y escuch\u00f3 las propuestas y pedidos de los miembros de Comisi\u00f3n. Participaron del encuentro los Dres.: Nora Maciel, Mirtha Ram\u00edrez Barrios, Mirna Fern\u00e1ndez, Nicol\u00e1s Bonastre, Julio Ferreira Salas, Sof\u00eda Escobar Dom\u00ednguez, Roxana Duarte L\u00f3pez, Patricia Barbis, Susana Nacke, Esther Amada D\u00edaz de Bongianino, Mar\u00eda Estela Vallejos Romero, Margarita Canteros, Mar\u00eda Elisa Contte.<\/p>\n","protected":false},"excerpt":{"rendered":"<p>El pasado viernes 6 de mayo se concret\u00f3 una nueva reuni\u00f3n de la Comisi\u00f3n de la Defensa y Tutelar del Colegio de Magistrados y Funcionarios del Poder Judicial, en la cual se ultimaron detalles de cara a la visita del Dr. Mario Alberto Juliano, quien dar\u00e1 una conferencia titulada \u201cHacia un modelo penitenciario alternativo\u201d, el viernes 17 de junio en [&hellip;]<\/p>\n","protected":false},"author":1,"featured_media":4945,"comment_status":"closed","ping_status":"open","sticky":false,"template":"","format":"standard","meta":{"ngg_post_thumbnail":0},"categories":[13],"tags":[],"_links":{"self":[{"href":"https:\/\/magistradoscorrientes.com\/magistrados\/wp-json\/wp\/v2\/posts\/4918"}],"collection":[{"href":"https:\/\/magistradoscorrientes.com\/magistrados\/wp-json\/wp\/v2\/posts"}],"about":[{"href":"https:\/\/magistradoscorrientes.com\/magistrados\/wp-json\/wp\/v2\/types\/post"}],"author":[{"embeddable":true,"href":"https:\/\/magistradoscorrientes.com\/magistrados\/wp-json\/wp\/v2\/users\/1"}],"replies":[{"embeddable":true,"href":"https:\/\/magistradoscorrientes.com\/magistrados\/wp-json\/wp\/v2\/comments?post=4918"}],"version-history":[{"count":1,"href":"https:\/\/magistradoscorrientes.com\/magistrados\/wp-json\/wp\/v2\/posts\/4918\/revisions"}],"predecessor-version":[{"id":4946,"href":"https:\/\/magistradoscorrientes.com\/magistrados\/wp-json\/wp\/v2\/posts\/4918\/revisions\/4946"}],"wp:featuredmedia":[{"embeddable":true,"href":"https:\/\/magistradoscorrientes.com\/magistrados\/wp-json\/wp\/v2\/media\/4945"}],"wp:attachment":[{"href":"https:\/\/magistradoscorrientes.com\/magistrados\/wp-json\/wp\/v2\/media?parent=4918"}],"wp:term":[{"taxonomy":"category","embeddable":true,"href":"https:\/\/magistradoscorrientes.com\/magistrados\/wp-json\/wp\/v2\/categories?post=4918"},{"taxonomy":"post_tag","embeddable":true,"href":"https:\/\/magistradoscorrientes.com\/magistrados\/wp-json\/wp\/v2\/tags?post=4918"}],"curies":[{"name":"wp","href":"https:\/\/api.w.org\/{rel}","templated":true}]}}