{"id":4919,"date":"2016-05-06T19:38:18","date_gmt":"2016-05-06T22:38:18","guid":{"rendered":"http:\/\/magistradoscorrientes.com\/magistrados\/?p=4919"},"modified":"2020-11-19T19:48:42","modified_gmt":"2020-11-19T22:48:42","slug":"un-nuevo-simulacro-de-litigacion-oral-se-realizo-en-el-colegio","status":"publish","type":"post","link":"https:\/\/magistradoscorrientes.com\/magistrados\/un-nuevo-simulacro-de-litigacion-oral-se-realizo-en-el-colegio\/","title":{"rendered":"Un nuevo simulacro de litigaci\u00f3n oral se realiz\u00f3 en el Colegio"},"content":{"rendered":"\n<p>El Club de Litigaci\u00f3n llev\u00f3 a cabo su tercera jornada de pr\u00e1ctica gratuita de Litigaci\u00f3n Oral del a\u00f1o, en el Colegio de Magistrados el pasado viernes 6 de mayo. Con un concurrido p\u00fablico se desarroll\u00f3 el simulacro de audiencia que cont\u00f3 con la participaci\u00f3n del Vicepresidente del Colegio de Magistrados, Dr. Buenaventura Duarte como miembro del tribunal.<br>La jornada dio inicio a las 20: 30 Hs. y const\u00f3 de la presentaci\u00f3n de las partes, pruebas e indagatoria a testigos. Acompa\u00f1aron al Dr. Duarte en la representaci\u00f3n del Tribunal, los Dres. Dres. Sebasti\u00e1n Meana, y Mariana Montes. Adem\u00e1s los Dres. Laura Romero y Gabriel Cubilla, participaron como litigantes\/ fiscales, y Marcela Ort\u00edz y Gonzalo Quinteros Pampliega, como Defensores.<br>Cabe destacar que las jornadas promovidas por el Club de Litigaci\u00f3n cuentan con el respaldo y auspicio del Colegio de Magistrados que, a trav\u00e9s de su Comisi\u00f3n Acad\u00e9mica, colabora en la organizaci\u00f3n de eventos y en la participaci\u00f3n de las actividades.<\/p>\n\n\n\n<p>** VER GALER\u00cdA DE FOTO RELACIONADA<\/p>\n","protected":false},"excerpt":{"rendered":"<p>El Club de Litigaci\u00f3n llev\u00f3 a cabo su tercera jornada de pr\u00e1ctica gratuita de Litigaci\u00f3n Oral del a\u00f1o, en el Colegio de Magistrados el pasado viernes 6 de mayo. Con un concurrido p\u00fablico se desarroll\u00f3 el simulacro de audiencia que cont\u00f3 con la participaci\u00f3n del Vicepresidente del Colegio de Magistrados, Dr. Buenaventura Duarte como miembro del tribunal.La jornada dio inicio [&hellip;]<\/p>\n","protected":false},"author":1,"featured_media":4935,"comment_status":"closed","ping_status":"open","sticky":false,"template":"","format":"standard","meta":{"ngg_post_thumbnail":0},"categories":[13],"tags":[],"_links":{"self":[{"href":"https:\/\/magistradoscorrientes.com\/magistrados\/wp-json\/wp\/v2\/posts\/4919"}],"collection":[{"href":"https:\/\/magistradoscorrientes.com\/magistrados\/wp-json\/wp\/v2\/posts"}],"about":[{"href":"https:\/\/magistradoscorrientes.com\/magistrados\/wp-json\/wp\/v2\/types\/post"}],"author":[{"embeddable":true,"href":"https:\/\/magistradoscorrientes.com\/magistrados\/wp-json\/wp\/v2\/users\/1"}],"replies":[{"embeddable":true,"href":"https:\/\/magistradoscorrientes.com\/magistrados\/wp-json\/wp\/v2\/comments?post=4919"}],"version-history":[{"count":1,"href":"https:\/\/magistradoscorrientes.com\/magistrados\/wp-json\/wp\/v2\/posts\/4919\/revisions"}],"predecessor-version":[{"id":4936,"href":"https:\/\/magistradoscorrientes.com\/magistrados\/wp-json\/wp\/v2\/posts\/4919\/revisions\/4936"}],"wp:featuredmedia":[{"embeddable":true,"href":"https:\/\/magistradoscorrientes.com\/magistrados\/wp-json\/wp\/v2\/media\/4935"}],"wp:attachment":[{"href":"https:\/\/magistradoscorrientes.com\/magistrados\/wp-json\/wp\/v2\/media?parent=4919"}],"wp:term":[{"taxonomy":"category","embeddable":true,"href":"https:\/\/magistradoscorrientes.com\/magistrados\/wp-json\/wp\/v2\/categories?post=4919"},{"taxonomy":"post_tag","embeddable":true,"href":"https:\/\/magistradoscorrientes.com\/magistrados\/wp-json\/wp\/v2\/tags?post=4919"}],"curies":[{"name":"wp","href":"https:\/\/api.w.org\/{rel}","templated":true}]}}