{"id":4937,"date":"2016-04-27T19:48:44","date_gmt":"2016-04-27T22:48:44","guid":{"rendered":"http:\/\/magistradoscorrientes.com\/magistrados\/?p=4937"},"modified":"2020-11-19T19:55:27","modified_gmt":"2020-11-19T22:55:27","slug":"invitacion-a-las-jornadas-sobre-la-implementacion-del-codigo-civil-y-comercial","status":"publish","type":"post","link":"https:\/\/magistradoscorrientes.com\/magistrados\/invitacion-a-las-jornadas-sobre-la-implementacion-del-codigo-civil-y-comercial\/","title":{"rendered":"Invitaci\u00f3n a las Jornadas sobre la implementaci\u00f3n del C\u00f3digo Civil y Comercial"},"content":{"rendered":"\n<p>De cara a la realizaci\u00f3n de las Jornadas sobre la implementaci\u00f3n del C\u00f3digo Civil y Comercial, organizadas por la Federaci\u00f3n Argentina de la Magistratura y la Funci\u00f3n Judicial (FAM) que se realizar\u00e1n los d\u00edas 16 y 17 de junio en Rosario, el Dr. Ariel Ariza -Director del Instituto de Estudios Judiciales de la FAM- realiz\u00f3 una invitaci\u00f3n extensiva a trav\u00e9s de un corto audiovisual en el que convoca a jueces, fiscales secretarios, defensores y funcionarios judiciales \u201ca participar del \u00e1mbito de reflexi\u00f3n y discusi\u00f3n del impacto que la nueva legislaci\u00f3n en nuestra tarea\u201d.<\/p>\n\n\n\n<p>El encuentro que tendr\u00e1 lugar en el Centro de Convenciones Puerto Norte de la ciudad de Rosario, provincia de Santa Fe, reunir\u00e1 a magistrados y funcionarios de los poderes judiciales de todas las provincias y la Ciudad Aut\u00f3noma de Buenos Aires. Al respecto, Ariza coment\u00f3 que \u201cest\u00e1 lista la totalidad de la estructura acad\u00e9mica\u201d y que se tratar\u00e1 de \u201cun encuentro de m\u00e1xima trascendencia\u201d.<\/p>\n\n\n\n<p>\u201cEstamos apuntando a dar cuenta, como integrantes del sistema judicial, de la trascendente reforma que supuso la puesta en vigencia del Nuevo C\u00f3digo Civil y Comercial, y sobre todo del impacto concreto que esto supone para todos nosotros en nuestro quehacer como jueces, juezas, defensores, defensoras, fiscales y secretarios\u201d, manifest\u00f3 Ariza en el video y asegur\u00f3 que \u201cestas jornadas aspiran a ser el \u00e1mbito de reflexi\u00f3n y discusi\u00f3n\u201d de dicho impacto.<\/p>\n\n\n\n<p>Los costos de inscripci\u00f3n a las Jornadas es de $ 1.600 hasta el lunes 16 de Mayo (inclusive), y de $ 1.800 a partir del Martes 17 de Mayo. Existen dos modalidades de inscripci\u00f3n: Individual o Grupal (Indirecta), la cual se realizar\u00e1 a trav\u00e9s del Colegio de Magistrados y Funcionarios del Poder Judicial de Corrientes al cual los asociados interesados deber\u00e1n dirigirse a trav\u00e9s del e mail: colmagistrados@colmagistrado.arnetbiz.com.ar.<\/p>\n\n\n\n<p>Cabe se\u00f1alar que la FAM organiza estas Jornadas en el marco de actividades programadas por sus 50 A\u00f1os de creaci\u00f3n y aspira a lograr m\u00e1xima concurrencia. Desde el Colegio de Magistrados y Funcionarios del Poder Judicial de Corrientes, se acompa\u00f1a a la Federaci\u00f3n en este tan significativo evento, con importante participaci\u00f3n de los asociados.<\/p>\n\n\n\n<p>Para m\u00e1s informaci\u00f3n comunicarse al tel\u00e9fono (0341) 4492333; o a los e mail: fam-bsas@speedy.com.ar \u00f3 jornadasfam2016@gmail.com; o bien al sitio web: www.jornadasfam2016.com.ar.<br>El video completo del Dr. Ariel Ariza podr\u00e1 ser visto a trav\u00e9s del siguiente link:<br>https:\/\/www.youtube.com\/watch?v=1sN3xzZmZM8<\/p>\n","protected":false},"excerpt":{"rendered":"<p>De cara a la realizaci\u00f3n de las Jornadas sobre la implementaci\u00f3n del C\u00f3digo Civil y Comercial, organizadas por la Federaci\u00f3n Argentina de la Magistratura y la Funci\u00f3n Judicial (FAM) que se realizar\u00e1n los d\u00edas 16 y 17 de junio en Rosario, el Dr. Ariel Ariza -Director del Instituto de Estudios Judiciales de la FAM- realiz\u00f3 una invitaci\u00f3n extensiva a trav\u00e9s [&hellip;]<\/p>\n","protected":false},"author":1,"featured_media":4951,"comment_status":"closed","ping_status":"open","sticky":false,"template":"","format":"standard","meta":{"ngg_post_thumbnail":0},"categories":[13],"tags":[],"_links":{"self":[{"href":"https:\/\/magistradoscorrientes.com\/magistrados\/wp-json\/wp\/v2\/posts\/4937"}],"collection":[{"href":"https:\/\/magistradoscorrientes.com\/magistrados\/wp-json\/wp\/v2\/posts"}],"about":[{"href":"https:\/\/magistradoscorrientes.com\/magistrados\/wp-json\/wp\/v2\/types\/post"}],"author":[{"embeddable":true,"href":"https:\/\/magistradoscorrientes.com\/magistrados\/wp-json\/wp\/v2\/users\/1"}],"replies":[{"embeddable":true,"href":"https:\/\/magistradoscorrientes.com\/magistrados\/wp-json\/wp\/v2\/comments?post=4937"}],"version-history":[{"count":1,"href":"https:\/\/magistradoscorrientes.com\/magistrados\/wp-json\/wp\/v2\/posts\/4937\/revisions"}],"predecessor-version":[{"id":4952,"href":"https:\/\/magistradoscorrientes.com\/magistrados\/wp-json\/wp\/v2\/posts\/4937\/revisions\/4952"}],"wp:featuredmedia":[{"embeddable":true,"href":"https:\/\/magistradoscorrientes.com\/magistrados\/wp-json\/wp\/v2\/media\/4951"}],"wp:attachment":[{"href":"https:\/\/magistradoscorrientes.com\/magistrados\/wp-json\/wp\/v2\/media?parent=4937"}],"wp:term":[{"taxonomy":"category","embeddable":true,"href":"https:\/\/magistradoscorrientes.com\/magistrados\/wp-json\/wp\/v2\/categories?post=4937"},{"taxonomy":"post_tag","embeddable":true,"href":"https:\/\/magistradoscorrientes.com\/magistrados\/wp-json\/wp\/v2\/tags?post=4937"}],"curies":[{"name":"wp","href":"https:\/\/api.w.org\/{rel}","templated":true}]}}