{"id":4938,"date":"2016-04-25T19:48:46","date_gmt":"2016-04-25T22:48:46","guid":{"rendered":"http:\/\/magistradoscorrientes.com\/magistrados\/?p=4938"},"modified":"2020-11-19T19:56:24","modified_gmt":"2020-11-19T22:56:24","slug":"las-donaciones-recolectadas-seran-entregadas-a-esquina-y-bella-vista","status":"publish","type":"post","link":"https:\/\/magistradoscorrientes.com\/magistrados\/las-donaciones-recolectadas-seran-entregadas-a-esquina-y-bella-vista\/","title":{"rendered":"Las donaciones recolectadas ser\u00e1n entregadas a Esquina y Bella Vista"},"content":{"rendered":"\n<p>Tras una intensa campa\u00f1a de donaciones de alimentos, ropas, pa\u00f1ales y elementos de limpieza realizada durante las \u00faltimas semanas por el Colegio de Magistrados, se junt\u00f3 una importante cantidad de mercader\u00eda que ser\u00e1 entregada a las familias afectadas por las inundaciones en los municipios de Esquina y Bella Vista.<br>Lo recolectado fue clasificado y distribuido en dos grandes grupos que ser\u00e1n destinados pr\u00f3ximamente a las ciudades mencionadas.\u00a0 Desde el Colegio se agradece la colaboraci\u00f3n de los asociados en todas las gestas solidarias emprendidas.<\/p>\n","protected":false},"excerpt":{"rendered":"<p>Tras una intensa campa\u00f1a de donaciones de alimentos, ropas, pa\u00f1ales y elementos de limpieza realizada durante las \u00faltimas semanas por el Colegio de Magistrados, se junt\u00f3 una importante cantidad de mercader\u00eda que ser\u00e1 entregada a las familias afectadas por las inundaciones en los municipios de Esquina y Bella Vista.Lo recolectado fue clasificado y distribuido en dos grandes grupos que ser\u00e1n [&hellip;]<\/p>\n","protected":false},"author":1,"featured_media":4953,"comment_status":"closed","ping_status":"open","sticky":false,"template":"","format":"standard","meta":{"ngg_post_thumbnail":0},"categories":[13],"tags":[],"_links":{"self":[{"href":"https:\/\/magistradoscorrientes.com\/magistrados\/wp-json\/wp\/v2\/posts\/4938"}],"collection":[{"href":"https:\/\/magistradoscorrientes.com\/magistrados\/wp-json\/wp\/v2\/posts"}],"about":[{"href":"https:\/\/magistradoscorrientes.com\/magistrados\/wp-json\/wp\/v2\/types\/post"}],"author":[{"embeddable":true,"href":"https:\/\/magistradoscorrientes.com\/magistrados\/wp-json\/wp\/v2\/users\/1"}],"replies":[{"embeddable":true,"href":"https:\/\/magistradoscorrientes.com\/magistrados\/wp-json\/wp\/v2\/comments?post=4938"}],"version-history":[{"count":1,"href":"https:\/\/magistradoscorrientes.com\/magistrados\/wp-json\/wp\/v2\/posts\/4938\/revisions"}],"predecessor-version":[{"id":4954,"href":"https:\/\/magistradoscorrientes.com\/magistrados\/wp-json\/wp\/v2\/posts\/4938\/revisions\/4954"}],"wp:featuredmedia":[{"embeddable":true,"href":"https:\/\/magistradoscorrientes.com\/magistrados\/wp-json\/wp\/v2\/media\/4953"}],"wp:attachment":[{"href":"https:\/\/magistradoscorrientes.com\/magistrados\/wp-json\/wp\/v2\/media?parent=4938"}],"wp:term":[{"taxonomy":"category","embeddable":true,"href":"https:\/\/magistradoscorrientes.com\/magistrados\/wp-json\/wp\/v2\/categories?post=4938"},{"taxonomy":"post_tag","embeddable":true,"href":"https:\/\/magistradoscorrientes.com\/magistrados\/wp-json\/wp\/v2\/tags?post=4938"}],"curies":[{"name":"wp","href":"https:\/\/api.w.org\/{rel}","templated":true}]}}