{"id":4939,"date":"2016-04-19T19:48:50","date_gmt":"2016-04-19T22:48:50","guid":{"rendered":"http:\/\/magistradoscorrientes.com\/magistrados\/?p=4939"},"modified":"2020-11-19T19:57:14","modified_gmt":"2020-11-19T22:57:14","slug":"campana-de-recoleccion-de-donaciones-para-los-afectados-de-la-localidad-de-esquina","status":"publish","type":"post","link":"https:\/\/magistradoscorrientes.com\/magistrados\/campana-de-recoleccion-de-donaciones-para-los-afectados-de-la-localidad-de-esquina\/","title":{"rendered":"Campa\u00f1a de recolecci\u00f3n de donaciones para los afectados de la localidad de Esquina"},"content":{"rendered":"\n<p>En marco del Programa institucional \u201cColegio Solidario\u201d, el Colegio de Magistrados y Funcionarios del Poder Judicial de Corrientes realizar\u00e1 las pr\u00f3ximas semanas una campa\u00f1a de recolecci\u00f3n de ropas, mercader\u00edas, agua mineral, pa\u00f1ales y elementos de higiene que ser\u00e1 destinada a los afectados por las inclemencias clim\u00e1ticas e inundaciones en la localidad de Esquina.<br>Las donaciones ser\u00e1n recibidas en la sede de calle Buenos Aires 780 desde este\u00a0 lunes 11 al viernes 22 de abril en el horario de 8 a 12 y 17 a 20 Hs. Las mismas ser\u00e1n entregadas personalmente por autoridades del Colegio el s\u00e1bado 23 de abril, oportunidad en la que se realizar\u00e1 la reuni\u00f3n mensual de Comisi\u00f3n Directiva en esa localidad.<br>Se recibir\u00e1n todos los elementos y mercader\u00edas de primera necesidad que pudieran ser \u00fatiles para las familias afectadas y evacuadas. Apelando al compromiso de los asociados de la instituci\u00f3n y la ciudadan\u00eda en general, se los invita a participar de esta acci\u00f3n solidaria para ayudar a las familias correntinas que hoy lo necesitan.<\/p>\n","protected":false},"excerpt":{"rendered":"<p>En marco del Programa institucional \u201cColegio Solidario\u201d, el Colegio de Magistrados y Funcionarios del Poder Judicial de Corrientes realizar\u00e1 las pr\u00f3ximas semanas una campa\u00f1a de recolecci\u00f3n de ropas, mercader\u00edas, agua mineral, pa\u00f1ales y elementos de higiene que ser\u00e1 destinada a los afectados por las inclemencias clim\u00e1ticas e inundaciones en la localidad de Esquina.Las donaciones ser\u00e1n recibidas en la sede de [&hellip;]<\/p>\n","protected":false},"author":1,"featured_media":4955,"comment_status":"closed","ping_status":"open","sticky":false,"template":"","format":"standard","meta":{"ngg_post_thumbnail":0},"categories":[13],"tags":[],"_links":{"self":[{"href":"https:\/\/magistradoscorrientes.com\/magistrados\/wp-json\/wp\/v2\/posts\/4939"}],"collection":[{"href":"https:\/\/magistradoscorrientes.com\/magistrados\/wp-json\/wp\/v2\/posts"}],"about":[{"href":"https:\/\/magistradoscorrientes.com\/magistrados\/wp-json\/wp\/v2\/types\/post"}],"author":[{"embeddable":true,"href":"https:\/\/magistradoscorrientes.com\/magistrados\/wp-json\/wp\/v2\/users\/1"}],"replies":[{"embeddable":true,"href":"https:\/\/magistradoscorrientes.com\/magistrados\/wp-json\/wp\/v2\/comments?post=4939"}],"version-history":[{"count":1,"href":"https:\/\/magistradoscorrientes.com\/magistrados\/wp-json\/wp\/v2\/posts\/4939\/revisions"}],"predecessor-version":[{"id":4956,"href":"https:\/\/magistradoscorrientes.com\/magistrados\/wp-json\/wp\/v2\/posts\/4939\/revisions\/4956"}],"wp:featuredmedia":[{"embeddable":true,"href":"https:\/\/magistradoscorrientes.com\/magistrados\/wp-json\/wp\/v2\/media\/4955"}],"wp:attachment":[{"href":"https:\/\/magistradoscorrientes.com\/magistrados\/wp-json\/wp\/v2\/media?parent=4939"}],"wp:term":[{"taxonomy":"category","embeddable":true,"href":"https:\/\/magistradoscorrientes.com\/magistrados\/wp-json\/wp\/v2\/categories?post=4939"},{"taxonomy":"post_tag","embeddable":true,"href":"https:\/\/magistradoscorrientes.com\/magistrados\/wp-json\/wp\/v2\/tags?post=4939"}],"curies":[{"name":"wp","href":"https:\/\/api.w.org\/{rel}","templated":true}]}}