{"id":5251,"date":"2020-11-24T10:17:07","date_gmt":"2020-11-24T13:17:07","guid":{"rendered":"http:\/\/magistradoscorrientes.com\/magistrados\/?p=5251"},"modified":"2020-11-24T10:17:28","modified_gmt":"2020-11-24T13:17:28","slug":"extienden-el-servicio-de-justicia-de-atencion-extraordinaria-administrada-hasta-el-30-inclusive","status":"publish","type":"post","link":"https:\/\/magistradoscorrientes.com\/magistrados\/extienden-el-servicio-de-justicia-de-atencion-extraordinaria-administrada-hasta-el-30-inclusive\/","title":{"rendered":"Extienden el servicio de justicia de atenci\u00f3n extraordinaria administrada hasta el 30 inclusive"},"content":{"rendered":"\n<p>La medida, establecida en la Resoluci\u00f3n N\u00ba 562, dispone que desde el mi\u00e9rcoles 25 y hasta el lunes 30 inclusive las actividades judiciales de todos los Tribunales y dependencias de la ciudad de Corrientes (Capital), Paso de los Libres y Bella Vista seguir\u00e1n cumpliendo el servicio de justicia de atenci\u00f3n extraordinaria administrada por pandemia Covid-19.<\/p>\n\n\n\n<p>Se detall\u00f3 que continuar\u00e1n prestando ese servicio los Ministros del Superior Tribunal de Justicia, Fiscal General, Fiscal Adjunto, Jueces de Apelaciones, Jueces de los Tribunales Orales Penales, Jueces de primera instancia de todos los fueros, Jueces de Instrucci\u00f3n y Correccionales (hoy de Garant\u00edas), Juez de Ejecuci\u00f3n de Penas, Jueces de Menores, Jueces de Familia, Juez de Paz Barrial, como as\u00ed tambi\u00e9n los titulares de dependencias del Ministerio P\u00fablico \u2013 Fiscales, Defensores y Asesores- con sus respectivos Secretarios y Prosecretarios, con funciones de Actuarios y\/o Relatores, como as\u00ed tambi\u00e9n, Directores, Jefes de \u00c1reas Administrativas y T\u00e9cnicos-Profesionales.<\/p>\n\n\n\n<p>Los Tribunales y dependencias deber\u00e1n seguir convocando de manera rotativa a 1\/3 (un tercio) del plantel de Empleados Administrativos para que presten servicio de manera presencial.<\/p>\n\n\n\n<p>El resto del Plantel de Personal Administrativo podr\u00e1 ser convocado para prestar servicio home office.<\/p>\n\n\n\n<p>Los juzgados que se encuentran de turno podr\u00e1n convocar a todo el personal que sea indispensable para la efectiva prestaci\u00f3n del servicio de justicia.<\/p>\n\n\n\n<p>No podr\u00e1n ser citados a cumplir funciones de manera presencial, los agentes que se encuentren comprendidos dentro del grupo de riesgo conforme las pautas vigentes establecidas por este Tribunal.<\/p>\n\n\n\n<p>El horario de prestaci\u00f3n de servicio de los Tribunales, seguir\u00e1 siendo de 7 a 13 horas y se podr\u00e1 habilitar el turno vespertino hasta las 20 horas para cumplir las actividades del servicio.<\/p>\n\n\n\n<p>La Direcci\u00f3n de Arquitectura, deber\u00e1 seguir extremando la adopci\u00f3n de todas las medidas pertinentes a los fines de asegurar las \u00f3ptimas condiciones de higiene y salubridad de los espacios afectados al funcionamiento de los tribunales y dependencias, conforme las pautas e instrucciones establecidas en la Resoluci\u00f3n administrativa del Superior Tribunal de Justicia N\u00b0 116 de fecha 13 de marzo de 2020 y Protocolo de Limpieza y Desinfecci\u00f3n aprobado oportunamente.<\/p>\n\n\n\n<p><strong>Nuevas medidas para dependencias en Capital y Santo Tom\u00e9<\/strong><\/p>\n\n\n\n<p>El STJ -por Resoluci\u00f3n N\u00ba 563- levant\u00f3 la suspensi\u00f3n de plazos a partir del mi\u00e9rcoles 25 para las causas que se tramitan ante el Juzgado Civil y Comercial N\u00b0 7 de Corrientes; y decret\u00f3 feriado judicial a partir de hoy para las causas que se tramitan ante la Sala II de la C\u00e1mara de Apelaciones en lo Civil y Comercial de Corrientes y la Asesor\u00eda de Menores e Incapaces de Santo Tom\u00e9.<\/p>\n\n\n\n<p>Fuente: <a href=\"http:\/\/www.juscorrientes.gov.ar\/\">http:\/\/www.juscorrientes.gov.ar\/<\/a> <\/p>\n","protected":false},"excerpt":{"rendered":"<p>La medida, establecida en la Resoluci\u00f3n N\u00ba 562, dispone que desde el mi\u00e9rcoles 25 y hasta el lunes 30 inclusive las actividades judiciales de todos los Tribunales y dependencias de la ciudad de Corrientes (Capital), Paso de los Libres y Bella Vista seguir\u00e1n cumpliendo el servicio de justicia de atenci\u00f3n extraordinaria administrada por pandemia Covid-19. Se detall\u00f3 que continuar\u00e1n prestando [&hellip;]<\/p>\n","protected":false},"author":2,"featured_media":5252,"comment_status":"closed","ping_status":"open","sticky":false,"template":"","format":"standard","meta":{"ngg_post_thumbnail":0},"categories":[13],"tags":[],"_links":{"self":[{"href":"https:\/\/magistradoscorrientes.com\/magistrados\/wp-json\/wp\/v2\/posts\/5251"}],"collection":[{"href":"https:\/\/magistradoscorrientes.com\/magistrados\/wp-json\/wp\/v2\/posts"}],"about":[{"href":"https:\/\/magistradoscorrientes.com\/magistrados\/wp-json\/wp\/v2\/types\/post"}],"author":[{"embeddable":true,"href":"https:\/\/magistradoscorrientes.com\/magistrados\/wp-json\/wp\/v2\/users\/2"}],"replies":[{"embeddable":true,"href":"https:\/\/magistradoscorrientes.com\/magistrados\/wp-json\/wp\/v2\/comments?post=5251"}],"version-history":[{"count":1,"href":"https:\/\/magistradoscorrientes.com\/magistrados\/wp-json\/wp\/v2\/posts\/5251\/revisions"}],"predecessor-version":[{"id":5253,"href":"https:\/\/magistradoscorrientes.com\/magistrados\/wp-json\/wp\/v2\/posts\/5251\/revisions\/5253"}],"wp:featuredmedia":[{"embeddable":true,"href":"https:\/\/magistradoscorrientes.com\/magistrados\/wp-json\/wp\/v2\/media\/5252"}],"wp:attachment":[{"href":"https:\/\/magistradoscorrientes.com\/magistrados\/wp-json\/wp\/v2\/media?parent=5251"}],"wp:term":[{"taxonomy":"category","embeddable":true,"href":"https:\/\/magistradoscorrientes.com\/magistrados\/wp-json\/wp\/v2\/categories?post=5251"},{"taxonomy":"post_tag","embeddable":true,"href":"https:\/\/magistradoscorrientes.com\/magistrados\/wp-json\/wp\/v2\/tags?post=5251"}],"curies":[{"name":"wp","href":"https:\/\/api.w.org\/{rel}","templated":true}]}}