{"id":5262,"date":"2020-11-25T09:38:25","date_gmt":"2020-11-25T12:38:25","guid":{"rendered":"http:\/\/magistradoscorrientes.com\/magistrados\/?p=5262"},"modified":"2020-11-25T09:40:46","modified_gmt":"2020-11-25T12:40:46","slug":"alimentos-no-perecederos-por-un-barbijo-con-logo-del-colegio","status":"publish","type":"post","link":"https:\/\/magistradoscorrientes.com\/magistrados\/alimentos-no-perecederos-por-un-barbijo-con-logo-del-colegio\/","title":{"rendered":"\u2018\u2019Alimentos no perecederos por un barbijo con logo del Colegio\u2019\u2019"},"content":{"rendered":"\n<p>Con gran esp\u00edritu solidario y asociacionista de todos, sumamos una nueva actividad al proyecto \u2018\u2019Colegio Solidario\u2019\u2019 impulsado desde el 2014.<\/p>\n\n\n\n<p>Durante todo noviembre la Campa\u00f1a \u2018\u2019Alimentos no perecederos por una barbijo con logo del Colegio\u2019\u2019 suma inmensamente el aporte desinteresado de Asociados a nuestro Colegio.<\/p>\n\n\n\n<p>A lo largo y ancho el territorio provincial, las oficinas judiciales se trasforman en puntos receptores de las donaciones que ser\u00e1n destinadas a quienes m\u00e1s lo necesitan en este contexto cr\u00edtico y dif\u00edcil de pandemia por el Covid-19.<\/p>\n\n\n\n<p>Asociados de Capital, Goya, Esquina, Mercedes, Monte Caseros, Gobernador Virasoro, Santo Tom\u00e9, Saladas, Paso de los Libres, Caa Cat\u00ed han confirmado su compromiso y aporte solidario. &nbsp;<br><\/p>\n\n\n\n<p>Desde el equipo de prensa institucional del Colegio vamos a ir compartiendo la concreci\u00f3n de las donaciones en las diferentes zonas judiciales. A la espera de la llegada de los barbijos a los diferentes puntos de la provincia, el compromiso solidario de cada Asociado sigue creciendo.<\/p>\n\n\n\n<p>\u00a1Muchas gracias a todos!<\/p>\n","protected":false},"excerpt":{"rendered":"<p>Con gran esp\u00edritu solidario y asociacionista de todos, sumamos una nueva actividad al proyecto \u2018\u2019Colegio Solidario\u2019\u2019 impulsado desde el 2014. Durante todo noviembre la Campa\u00f1a \u2018\u2019Alimentos no perecederos por una barbijo con logo del Colegio\u2019\u2019 suma inmensamente el aporte desinteresado de Asociados a nuestro Colegio. A lo largo y ancho el territorio provincial, las oficinas judiciales se trasforman en puntos [&hellip;]<\/p>\n","protected":false},"author":2,"featured_media":5265,"comment_status":"closed","ping_status":"open","sticky":false,"template":"","format":"standard","meta":{"ngg_post_thumbnail":0},"categories":[13],"tags":[],"_links":{"self":[{"href":"https:\/\/magistradoscorrientes.com\/magistrados\/wp-json\/wp\/v2\/posts\/5262"}],"collection":[{"href":"https:\/\/magistradoscorrientes.com\/magistrados\/wp-json\/wp\/v2\/posts"}],"about":[{"href":"https:\/\/magistradoscorrientes.com\/magistrados\/wp-json\/wp\/v2\/types\/post"}],"author":[{"embeddable":true,"href":"https:\/\/magistradoscorrientes.com\/magistrados\/wp-json\/wp\/v2\/users\/2"}],"replies":[{"embeddable":true,"href":"https:\/\/magistradoscorrientes.com\/magistrados\/wp-json\/wp\/v2\/comments?post=5262"}],"version-history":[{"count":2,"href":"https:\/\/magistradoscorrientes.com\/magistrados\/wp-json\/wp\/v2\/posts\/5262\/revisions"}],"predecessor-version":[{"id":5266,"href":"https:\/\/magistradoscorrientes.com\/magistrados\/wp-json\/wp\/v2\/posts\/5262\/revisions\/5266"}],"wp:featuredmedia":[{"embeddable":true,"href":"https:\/\/magistradoscorrientes.com\/magistrados\/wp-json\/wp\/v2\/media\/5265"}],"wp:attachment":[{"href":"https:\/\/magistradoscorrientes.com\/magistrados\/wp-json\/wp\/v2\/media?parent=5262"}],"wp:term":[{"taxonomy":"category","embeddable":true,"href":"https:\/\/magistradoscorrientes.com\/magistrados\/wp-json\/wp\/v2\/categories?post=5262"},{"taxonomy":"post_tag","embeddable":true,"href":"https:\/\/magistradoscorrientes.com\/magistrados\/wp-json\/wp\/v2\/tags?post=5262"}],"curies":[{"name":"wp","href":"https:\/\/api.w.org\/{rel}","templated":true}]}}