{"id":5267,"date":"2020-11-25T10:17:07","date_gmt":"2020-11-25T13:17:07","guid":{"rendered":"http:\/\/magistradoscorrientes.com\/magistrados\/?p=5267"},"modified":"2020-11-25T10:29:25","modified_gmt":"2020-11-25T13:29:25","slug":"aporte-solidario-de-asociados-de-goya-a-la-guarderia-%c2%a8mama-perla%c2%a8","status":"publish","type":"post","link":"https:\/\/magistradoscorrientes.com\/magistrados\/aporte-solidario-de-asociados-de-goya-a-la-guarderia-%c2%a8mama-perla%c2%a8\/","title":{"rendered":"Aporte solidario de Asociados de Goya a la Guarder\u00eda \u00bbMam\u00e1 Perla\u00bb"},"content":{"rendered":"\n<p>En el marco del proyecto \u00abColegio Solidario\u00bb impulsado desde el 2014 y bajo la consigna <a href=\"https:\/\/magistradoscorrientes.com\/magistrados\/alimentos-no-perecederos-por-un-barbijo-con-logo-del-colegio\/\" data-type=\"URL\" data-id=\"https:\/\/magistradoscorrientes.com\/magistrados\/alimentos-no-perecederos-por-un-barbijo-con-logo-del-colegio\/\">\u00a8<\/a><strong><a href=\"https:\/\/magistradoscorrientes.com\/magistrados\/alimentos-no-perecederos-por-un-barbijo-con-logo-del-colegio\/\" data-type=\"URL\" data-id=\"https:\/\/magistradoscorrientes.com\/magistrados\/alimentos-no-perecederos-por-un-barbijo-con-logo-del-colegio\/\">Alimentos no perecederos por un barbijo con el logo del Colegio\u00a8<\/a>, <\/strong>compartimos las fotos que muestran el aporte realizado por Asociados de Goya a una ONG de la mencionada Ciudad. <\/p>\n\n\n\n<p>Puntualmente las mercader\u00edas recibidas y donadas se entregaron a la Guarder\u00eda \u00abMam\u00e1 Perla\u00bb donde se asiste en diversas \u00e1reas a ni\u00f1os y adolescentes.<\/p>\n\n\n\n<figure class=\"wp-block-gallery columns-3 is-cropped\"><ul class=\"blocks-gallery-grid\"><li class=\"blocks-gallery-item\"><figure><img loading=\"lazy\" width=\"1024\" height=\"768\" src=\"http:\/\/magistradoscorrientes.com\/magistrados\/wp-content\/uploads\/2020\/11\/Goya-7-1024x768.jpeg\" alt=\"\" data-id=\"5260\" data-full-url=\"http:\/\/magistradoscorrientes.com\/magistrados\/wp-content\/uploads\/2020\/11\/Goya-7.jpeg\" data-link=\"http:\/\/magistradoscorrientes.com\/magistrados\/goya-7\/\" class=\"wp-image-5260\" srcset=\"https:\/\/magistradoscorrientes.com\/magistrados\/wp-content\/uploads\/2020\/11\/Goya-7-1024x768.jpeg 1024w, https:\/\/magistradoscorrientes.com\/magistrados\/wp-content\/uploads\/2020\/11\/Goya-7-300x225.jpeg 300w, https:\/\/magistradoscorrientes.com\/magistrados\/wp-content\/uploads\/2020\/11\/Goya-7-768x576.jpeg 768w, https:\/\/magistradoscorrientes.com\/magistrados\/wp-content\/uploads\/2020\/11\/Goya-7.jpeg 1280w\" sizes=\"(max-width: 1024px) 100vw, 1024px\" \/><\/figure><\/li><li class=\"blocks-gallery-item\"><figure><img loading=\"lazy\" width=\"768\" height=\"1024\" src=\"http:\/\/magistradoscorrientes.com\/magistrados\/wp-content\/uploads\/2020\/11\/Goya-4-768x1024.jpeg\" alt=\"\" data-id=\"5257\" data-full-url=\"http:\/\/magistradoscorrientes.com\/magistrados\/wp-content\/uploads\/2020\/11\/Goya-4.jpeg\" data-link=\"http:\/\/magistradoscorrientes.com\/magistrados\/goya-4\/\" class=\"wp-image-5257\" srcset=\"https:\/\/magistradoscorrientes.com\/magistrados\/wp-content\/uploads\/2020\/11\/Goya-4-768x1024.jpeg 768w, https:\/\/magistradoscorrientes.com\/magistrados\/wp-content\/uploads\/2020\/11\/Goya-4-225x300.jpeg 225w, https:\/\/magistradoscorrientes.com\/magistrados\/wp-content\/uploads\/2020\/11\/Goya-4-300x400.jpeg 300w, https:\/\/magistradoscorrientes.com\/magistrados\/wp-content\/uploads\/2020\/11\/Goya-4.jpeg 960w\" sizes=\"(max-width: 768px) 100vw, 768px\" \/><\/figure><\/li><li class=\"blocks-gallery-item\"><figure><img loading=\"lazy\" width=\"768\" height=\"1024\" src=\"http:\/\/magistradoscorrientes.com\/magistrados\/wp-content\/uploads\/2020\/11\/Goya-3-768x1024.jpeg\" alt=\"\" data-id=\"5256\" data-full-url=\"http:\/\/magistradoscorrientes.com\/magistrados\/wp-content\/uploads\/2020\/11\/Goya-3.jpeg\" data-link=\"http:\/\/magistradoscorrientes.com\/magistrados\/goya-3\/\" class=\"wp-image-5256\" srcset=\"https:\/\/magistradoscorrientes.com\/magistrados\/wp-content\/uploads\/2020\/11\/Goya-3-768x1024.jpeg 768w, https:\/\/magistradoscorrientes.com\/magistrados\/wp-content\/uploads\/2020\/11\/Goya-3-225x300.jpeg 225w, https:\/\/magistradoscorrientes.com\/magistrados\/wp-content\/uploads\/2020\/11\/Goya-3-300x400.jpeg 300w, https:\/\/magistradoscorrientes.com\/magistrados\/wp-content\/uploads\/2020\/11\/Goya-3.jpeg 960w\" sizes=\"(max-width: 768px) 100vw, 768px\" \/><\/figure><\/li><\/ul><\/figure>\n\n\n\n<p>All\u00ed se atienden desde reci\u00e9n nacidos hasta los 6 a\u00f1os. En el mismo predio funciona el centro de d\u00eda \u2018\u2019Creciendo\u2019\u2019 al que concurren los peque\u00f1os cuando salen de \u2018\u2019\u2019Mam\u00e1 Perla\u2019\u2019 hasta los 12 o 13 a\u00f1os aproximadamente.<\/p>\n\n\n\n<p>Se realizan diversos talleres, tienen educaci\u00f3n f\u00edsica, se los asiste con servicios de odontolog\u00eda, medicina y psicolog\u00eda entre otros. Se les brinda desayuno, comida y merienda. Su p\u00e1gina de Facebook es https:\/\/www.facebook.com\/sursum.goya.12.<\/p>\n\n\n\n<figure class=\"wp-block-image size-large\"><img loading=\"lazy\" width=\"1024\" height=\"768\" src=\"http:\/\/magistradoscorrientes.com\/magistrados\/wp-content\/uploads\/2020\/11\/Goya-1-1024x768.jpeg\" alt=\"\" class=\"wp-image-5254\" srcset=\"https:\/\/magistradoscorrientes.com\/magistrados\/wp-content\/uploads\/2020\/11\/Goya-1-1024x768.jpeg 1024w, https:\/\/magistradoscorrientes.com\/magistrados\/wp-content\/uploads\/2020\/11\/Goya-1-300x225.jpeg 300w, https:\/\/magistradoscorrientes.com\/magistrados\/wp-content\/uploads\/2020\/11\/Goya-1-768x576.jpeg 768w, https:\/\/magistradoscorrientes.com\/magistrados\/wp-content\/uploads\/2020\/11\/Goya-1.jpeg 1280w\" sizes=\"(max-width: 1024px) 100vw, 1024px\" \/><\/figure>\n\n\n\n<p>\u2018\u2019Para nosotros ha sido muy hermoso y grato, colaborar con nuestro grano de arena en este momento que muchas personas no est\u00e1n pasando muy bien, ante la realidad que con la pandemia nos toca vivir\u2019\u2019, expresaron los Doctores Gabriel Saade, Liana Aguirre y Roberto Candas quien en representaci\u00f3n de los Asociados de Goya concretaron el aporte.<\/p>\n\n\n\n<p>\u2018\u2019Gracias a la Comisi\u00f3n Directiva por permitirnos ser parte de esta idea que naci\u00f3 de ustedes, y hacerla efectiva con una instituci\u00f3n de nuestro medio. Compartimos &nbsp;fotos para motivarlos en este loable acto de ayudar y hacer bien al pr\u00f3jimo. Los animamos a seguir colaborando en otros puntos de esta bendita Provincia, d\u00f3nde se est\u00e1 recibiendo mercader\u00edas con id\u00e9ntico fin\u2019\u2019 concluyeron.<\/p>\n","protected":false},"excerpt":{"rendered":"<p>En el marco del proyecto \u00abColegio Solidario\u00bb impulsado desde el 2014 y bajo la consigna \u00a8Alimentos no perecederos por un barbijo con el logo del Colegio\u00a8, compartimos las fotos que muestran el aporte realizado por Asociados de Goya a una ONG de la mencionada Ciudad. Puntualmente las mercader\u00edas recibidas y donadas se entregaron a la Guarder\u00eda \u00abMam\u00e1 Perla\u00bb donde se [&hellip;]<\/p>\n","protected":false},"author":2,"featured_media":5269,"comment_status":"closed","ping_status":"open","sticky":false,"template":"","format":"standard","meta":{"ngg_post_thumbnail":0},"categories":[13],"tags":[],"_links":{"self":[{"href":"https:\/\/magistradoscorrientes.com\/magistrados\/wp-json\/wp\/v2\/posts\/5267"}],"collection":[{"href":"https:\/\/magistradoscorrientes.com\/magistrados\/wp-json\/wp\/v2\/posts"}],"about":[{"href":"https:\/\/magistradoscorrientes.com\/magistrados\/wp-json\/wp\/v2\/types\/post"}],"author":[{"embeddable":true,"href":"https:\/\/magistradoscorrientes.com\/magistrados\/wp-json\/wp\/v2\/users\/2"}],"replies":[{"embeddable":true,"href":"https:\/\/magistradoscorrientes.com\/magistrados\/wp-json\/wp\/v2\/comments?post=5267"}],"version-history":[{"count":3,"href":"https:\/\/magistradoscorrientes.com\/magistrados\/wp-json\/wp\/v2\/posts\/5267\/revisions"}],"predecessor-version":[{"id":5271,"href":"https:\/\/magistradoscorrientes.com\/magistrados\/wp-json\/wp\/v2\/posts\/5267\/revisions\/5271"}],"wp:featuredmedia":[{"embeddable":true,"href":"https:\/\/magistradoscorrientes.com\/magistrados\/wp-json\/wp\/v2\/media\/5269"}],"wp:attachment":[{"href":"https:\/\/magistradoscorrientes.com\/magistrados\/wp-json\/wp\/v2\/media?parent=5267"}],"wp:term":[{"taxonomy":"category","embeddable":true,"href":"https:\/\/magistradoscorrientes.com\/magistrados\/wp-json\/wp\/v2\/categories?post=5267"},{"taxonomy":"post_tag","embeddable":true,"href":"https:\/\/magistradoscorrientes.com\/magistrados\/wp-json\/wp\/v2\/tags?post=5267"}],"curies":[{"name":"wp","href":"https:\/\/api.w.org\/{rel}","templated":true}]}}