{"id":5282,"date":"2020-12-11T12:52:40","date_gmt":"2020-12-11T15:52:40","guid":{"rendered":"http:\/\/magistradoscorrientes.com\/magistrados\/?p=5282"},"modified":"2020-12-11T17:25:32","modified_gmt":"2020-12-11T20:25:32","slug":"aporte-solidario-de-asociados-de-santo-tome-al-centro-conin","status":"publish","type":"post","link":"https:\/\/magistradoscorrientes.com\/magistrados\/aporte-solidario-de-asociados-de-santo-tome-al-centro-conin\/","title":{"rendered":"Aporte solidario de Asociados de Santo Tom\u00e9 al Centro Conin"},"content":{"rendered":"\n<p>Continuamos sumando solidaridad y compromiso Asociacionista en toda la provincia. En esta oportunidad Asociados de Santo Tom\u00e9 hicieron entrega de las donaciones de alimentos no perecederos al Centro Conin de la mencionada Ciudad.<\/p>\n\n\n\n<p>Recordemos que la actividad es en el marco del proyecto \u201cColegio Solidario\u2019\u2019 impulsado desde el 2014 y bajo la consigna: \u2018\u2019Alimentos no perecederos por un barbijo con el logo del Colegio\u2019\u2019.<a href=\"https:\/\/magistradoscorrientes.com\/magistrados\/aporte-solidario-de-asociados-de-goya-a-la-guarderia-%c2%a8mama-perla%c2%a8\/\" data-type=\"URL\" data-id=\"https:\/\/magistradoscorrientes.com\/magistrados\/aporte-solidario-de-asociados-de-goya-a-la-guarderia-%c2%a8mama-perla%c2%a8\/\"> <strong>Semanas atr\u00e1s Asociados de Goya concretaron tambi\u00e9n su aporte solidario. <\/strong><\/a><\/p>\n\n\n\n<figure class=\"wp-block-image size-large\"><img loading=\"lazy\" width=\"1024\" height=\"576\" src=\"https:\/\/magistradoscorrientes.com\/magistrados\/wp-content\/uploads\/2020\/12\/WhatsApp-Image-2020-12-11-at-11.57.40-1024x576.jpeg\" alt=\"\" class=\"wp-image-5283\" srcset=\"https:\/\/magistradoscorrientes.com\/magistrados\/wp-content\/uploads\/2020\/12\/WhatsApp-Image-2020-12-11-at-11.57.40-1024x576.jpeg 1024w, https:\/\/magistradoscorrientes.com\/magistrados\/wp-content\/uploads\/2020\/12\/WhatsApp-Image-2020-12-11-at-11.57.40-300x169.jpeg 300w, https:\/\/magistradoscorrientes.com\/magistrados\/wp-content\/uploads\/2020\/12\/WhatsApp-Image-2020-12-11-at-11.57.40-768x432.jpeg 768w, https:\/\/magistradoscorrientes.com\/magistrados\/wp-content\/uploads\/2020\/12\/WhatsApp-Image-2020-12-11-at-11.57.40-20x11.jpeg 20w, https:\/\/magistradoscorrientes.com\/magistrados\/wp-content\/uploads\/2020\/12\/WhatsApp-Image-2020-12-11-at-11.57.40.jpeg 1032w\" sizes=\"(max-width: 1024px) 100vw, 1024px\" \/><\/figure>\n\n\n\n<p>En esta oportunidad, puntualmente las mercader\u00edas fueron recibidas por la Comisi\u00f3n Directiva de \u00bbLa Misi\u00f3n\u00bb Pro Conin Santo Tom\u00e9 encabezada por el Dr Pablo Ordenav\u00eda junto al Secretario Sr F\u00e9lix Duarte. de la instituci\u00f3n del interior provincial. <\/p>\n\n\n\n<p>La mencionada instituci\u00f3n sin fines de lucro, estar\u00e1 conformada por un grupo de profesiones que se dedicar\u00e1n a tratar la desnutrici\u00f3n Infantil de 0 a 5 a\u00f1os en la localidad de Santo Tom\u00e9, promoviendo h\u00e1bitos saludables de salud, higiene y nutrici\u00f3n, en los ni\u00f1os y su entorno familiar. <\/p>\n\n\n\n<figure class=\"wp-block-image size-large\"><img loading=\"lazy\" width=\"1024\" height=\"576\" src=\"https:\/\/magistradoscorrientes.com\/magistrados\/wp-content\/uploads\/2020\/12\/WhatsApp-Image-2020-12-11-at-11.57.26-1024x576.jpeg\" alt=\"\" class=\"wp-image-5284\" srcset=\"https:\/\/magistradoscorrientes.com\/magistrados\/wp-content\/uploads\/2020\/12\/WhatsApp-Image-2020-12-11-at-11.57.26-1024x576.jpeg 1024w, https:\/\/magistradoscorrientes.com\/magistrados\/wp-content\/uploads\/2020\/12\/WhatsApp-Image-2020-12-11-at-11.57.26-300x169.jpeg 300w, https:\/\/magistradoscorrientes.com\/magistrados\/wp-content\/uploads\/2020\/12\/WhatsApp-Image-2020-12-11-at-11.57.26-768x432.jpeg 768w, https:\/\/magistradoscorrientes.com\/magistrados\/wp-content\/uploads\/2020\/12\/WhatsApp-Image-2020-12-11-at-11.57.26-20x11.jpeg 20w, https:\/\/magistradoscorrientes.com\/magistrados\/wp-content\/uploads\/2020\/12\/WhatsApp-Image-2020-12-11-at-11.57.26.jpeg 1032w\" sizes=\"(max-width: 1024px) 100vw, 1024px\" \/><\/figure>\n\n\n\n<p>\u2018\u2019Hace momentos se hizo entrega de mercader\u00edas no perecederos al Centro Conin de Santo Tom\u00e9.\u00a0 Ello producto del intercambio de barbijos provistos por nuestro Colegio, y el benepl\u00e1cito colaborativo de nuestro recurso humano\u2019\u2019, detall\u00f3 el Dr Arsenio Eduardo Moreyra quien junto a la Dra Marisol Ram\u00edrez concretaron el aporte en representaci\u00f3n de los Asociados de Santo Tom\u00e9.<\/p>\n\n\n\n<p>Agradecemos profundamente a las oficinas judiciales que se suman a la iniciativa y son receptoras de las donaciones.<\/p>\n\n\n\n<p>Continuamos adem\u00e1s, con el env\u00edo de los barbijos a los distintos puntos de la Provincia para as\u00ed concretar nuestro aporte solidario.<\/p>\n\n\n\n<p>Los alentamos a seguir sumando su granito de arena.<\/p>\n","protected":false},"excerpt":{"rendered":"<p>Continuamos sumando solidaridad y compromiso Asociacionista en toda la provincia. En esta oportunidad Asociados de Santo Tom\u00e9 hicieron entrega de las donaciones de alimentos no perecederos al Centro Conin de la mencionada Ciudad. Recordemos que la actividad es en el marco del proyecto \u201cColegio Solidario\u2019\u2019 impulsado desde el 2014 y bajo la consigna: \u2018\u2019Alimentos no perecederos por un barbijo con [&hellip;]<\/p>\n","protected":false},"author":2,"featured_media":5284,"comment_status":"closed","ping_status":"open","sticky":false,"template":"","format":"standard","meta":{"ngg_post_thumbnail":0},"categories":[13],"tags":[],"_links":{"self":[{"href":"https:\/\/magistradoscorrientes.com\/magistrados\/wp-json\/wp\/v2\/posts\/5282"}],"collection":[{"href":"https:\/\/magistradoscorrientes.com\/magistrados\/wp-json\/wp\/v2\/posts"}],"about":[{"href":"https:\/\/magistradoscorrientes.com\/magistrados\/wp-json\/wp\/v2\/types\/post"}],"author":[{"embeddable":true,"href":"https:\/\/magistradoscorrientes.com\/magistrados\/wp-json\/wp\/v2\/users\/2"}],"replies":[{"embeddable":true,"href":"https:\/\/magistradoscorrientes.com\/magistrados\/wp-json\/wp\/v2\/comments?post=5282"}],"version-history":[{"count":8,"href":"https:\/\/magistradoscorrientes.com\/magistrados\/wp-json\/wp\/v2\/posts\/5282\/revisions"}],"predecessor-version":[{"id":5292,"href":"https:\/\/magistradoscorrientes.com\/magistrados\/wp-json\/wp\/v2\/posts\/5282\/revisions\/5292"}],"wp:featuredmedia":[{"embeddable":true,"href":"https:\/\/magistradoscorrientes.com\/magistrados\/wp-json\/wp\/v2\/media\/5284"}],"wp:attachment":[{"href":"https:\/\/magistradoscorrientes.com\/magistrados\/wp-json\/wp\/v2\/media?parent=5282"}],"wp:term":[{"taxonomy":"category","embeddable":true,"href":"https:\/\/magistradoscorrientes.com\/magistrados\/wp-json\/wp\/v2\/categories?post=5282"},{"taxonomy":"post_tag","embeddable":true,"href":"https:\/\/magistradoscorrientes.com\/magistrados\/wp-json\/wp\/v2\/tags?post=5282"}],"curies":[{"name":"wp","href":"https:\/\/api.w.org\/{rel}","templated":true}]}}