{"id":5293,"date":"2020-12-14T09:26:05","date_gmt":"2020-12-14T12:26:05","guid":{"rendered":"http:\/\/magistradoscorrientes.com\/magistrados\/?p=5293"},"modified":"2020-12-14T09:26:22","modified_gmt":"2020-12-14T12:26:22","slug":"declaracion-de-fam-sobre-la-situacion-de-chaco","status":"publish","type":"post","link":"https:\/\/magistradoscorrientes.com\/magistrados\/declaracion-de-fam-sobre-la-situacion-de-chaco\/","title":{"rendered":"Declaraci\u00f3n de FAM sobre la situaci\u00f3n de Chaco"},"content":{"rendered":"\n<p>Compartimos con Ustedes la Declaraci\u00f3n de La Junta de Gobierno de FAM en Asamblea Extraordinaria sobre la situaci\u00f3n de Chaco.<\/p>\n\n\n\n<p><strong>La Federaci\u00f3n Argentina de la Magistratura y la Funci\u00f3n Judicial acompa\u00f1a, a trav\u00e9s de la Asociaci\u00f3n de Magistrados y Funcionarios Judiciales de la Provincia del Chaco, a las y los integrantes de la judicatura y el funcionariado provincial, quienes, mediante las acciones de amparo iniciadas en el a\u00f1o 2004, obtuvieron el dictado de sentencia definitiva por parte de la Corte Suprema de Justicia de la Naci\u00f3n que reconoce que la garant\u00eda de intangibilidad est\u00e1 vulnerada<\/strong>.<\/p>\n\n\n\n<p>La Asamblea Extraordinaria 117\u00b0 de la Junta de Gobierno fue realizada mediante teleconferencia el d\u00eda 10 de diciembre de 2020, con la asistencia de los representantes de las provincias del pa\u00eds.<\/p>\n\n\n\n<p>Se adjunta el texto. <\/p>\n\n\n\n<div class=\"wp-block-file\"><a href=\"https:\/\/magistradoscorrientes.com\/magistrados\/wp-content\/uploads\/2020\/12\/Declaracio\u0301n-Junta-de-Gobierno-de-la-FAM-Asamblea-Chaco.pdf\">Declaracio\u0301n-Junta-de-Gobierno-de-la-FAM-Asamblea-Chaco<\/a><a href=\"https:\/\/magistradoscorrientes.com\/magistrados\/wp-content\/uploads\/2020\/12\/Declaracio\u0301n-Junta-de-Gobierno-de-la-FAM-Asamblea-Chaco.pdf\" class=\"wp-block-file__button\" download>Descarga<\/a><\/div>\n","protected":false},"excerpt":{"rendered":"<p>Compartimos con Ustedes la Declaraci\u00f3n de La Junta de Gobierno de FAM en Asamblea Extraordinaria sobre la situaci\u00f3n de Chaco. La Federaci\u00f3n Argentina de la Magistratura y la Funci\u00f3n Judicial acompa\u00f1a, a trav\u00e9s de la Asociaci\u00f3n de Magistrados y Funcionarios Judiciales de la Provincia del Chaco, a las y los integrantes de la judicatura y el funcionariado provincial, quienes, mediante [&hellip;]<\/p>\n","protected":false},"author":2,"featured_media":5295,"comment_status":"closed","ping_status":"open","sticky":false,"template":"","format":"standard","meta":{"ngg_post_thumbnail":0},"categories":[13],"tags":[],"_links":{"self":[{"href":"https:\/\/magistradoscorrientes.com\/magistrados\/wp-json\/wp\/v2\/posts\/5293"}],"collection":[{"href":"https:\/\/magistradoscorrientes.com\/magistrados\/wp-json\/wp\/v2\/posts"}],"about":[{"href":"https:\/\/magistradoscorrientes.com\/magistrados\/wp-json\/wp\/v2\/types\/post"}],"author":[{"embeddable":true,"href":"https:\/\/magistradoscorrientes.com\/magistrados\/wp-json\/wp\/v2\/users\/2"}],"replies":[{"embeddable":true,"href":"https:\/\/magistradoscorrientes.com\/magistrados\/wp-json\/wp\/v2\/comments?post=5293"}],"version-history":[{"count":1,"href":"https:\/\/magistradoscorrientes.com\/magistrados\/wp-json\/wp\/v2\/posts\/5293\/revisions"}],"predecessor-version":[{"id":5296,"href":"https:\/\/magistradoscorrientes.com\/magistrados\/wp-json\/wp\/v2\/posts\/5293\/revisions\/5296"}],"wp:featuredmedia":[{"embeddable":true,"href":"https:\/\/magistradoscorrientes.com\/magistrados\/wp-json\/wp\/v2\/media\/5295"}],"wp:attachment":[{"href":"https:\/\/magistradoscorrientes.com\/magistrados\/wp-json\/wp\/v2\/media?parent=5293"}],"wp:term":[{"taxonomy":"category","embeddable":true,"href":"https:\/\/magistradoscorrientes.com\/magistrados\/wp-json\/wp\/v2\/categories?post=5293"},{"taxonomy":"post_tag","embeddable":true,"href":"https:\/\/magistradoscorrientes.com\/magistrados\/wp-json\/wp\/v2\/tags?post=5293"}],"curies":[{"name":"wp","href":"https:\/\/api.w.org\/{rel}","templated":true}]}}