{"id":5298,"date":"2020-12-15T13:33:12","date_gmt":"2020-12-15T16:33:12","guid":{"rendered":"http:\/\/magistradoscorrientes.com\/magistrados\/?p=5298"},"modified":"2020-12-15T13:38:27","modified_gmt":"2020-12-15T16:38:27","slug":"entrega-de-mercaderias-a-un-merendero-de-la-capilla-san-cayetano-en-saladas","status":"publish","type":"post","link":"https:\/\/magistradoscorrientes.com\/magistrados\/entrega-de-mercaderias-a-un-merendero-de-la-capilla-san-cayetano-en-saladas\/","title":{"rendered":"Entrega de mercader\u00edas a merendero de la Capilla San Cayetano en Saladas"},"content":{"rendered":"\n<p>En la semana se concret\u00f3 el aporte solidario de Asociados de Saladas en el marco de la propuesta \u2018\u2019Colegio Solidario\u2019\u2019 bajo la consigna \u2018\u2019Alimentos no perecederos por un barbijo con el logo del Colegio\u2019\u2019.<\/p>\n\n\n\n<p>En esta oportunidad Asociados de Saladas han sumado su granito de arena entregando las mercader\u00edas reunidas a un merendero que funciona en el predio de la Capilla San Cayetano y que est\u00e1 supervisado por el Padre Mart\u00edn quien es p\u00e1rroco de la Iglesia San Jos\u00e9 de Saladas.<\/p>\n\n\n\n<figure class=\"wp-block-image size-large\"><img loading=\"lazy\" width=\"1024\" height=\"768\" src=\"https:\/\/magistradoscorrientes.com\/magistrados\/wp-content\/uploads\/2020\/12\/WhatsApp-Image-2020-12-14-at-20.44.30-1024x768.jpeg\" alt=\"\" class=\"wp-image-5302\" srcset=\"https:\/\/magistradoscorrientes.com\/magistrados\/wp-content\/uploads\/2020\/12\/WhatsApp-Image-2020-12-14-at-20.44.30-1024x768.jpeg 1024w, https:\/\/magistradoscorrientes.com\/magistrados\/wp-content\/uploads\/2020\/12\/WhatsApp-Image-2020-12-14-at-20.44.30-300x225.jpeg 300w, https:\/\/magistradoscorrientes.com\/magistrados\/wp-content\/uploads\/2020\/12\/WhatsApp-Image-2020-12-14-at-20.44.30-768x576.jpeg 768w, https:\/\/magistradoscorrientes.com\/magistrados\/wp-content\/uploads\/2020\/12\/WhatsApp-Image-2020-12-14-at-20.44.30-20x15.jpeg 20w, https:\/\/magistradoscorrientes.com\/magistrados\/wp-content\/uploads\/2020\/12\/WhatsApp-Image-2020-12-14-at-20.44.30.jpeg 1280w\" sizes=\"(max-width: 1024px) 100vw, 1024px\" \/><\/figure>\n\n\n\n<p>De esta manera el esp\u00edritu asociacionista de nuestro Colegio crece cada d\u00eda m\u00e1s, concretando en hechos el compromiso solidario de todos.<\/p>\n\n\n\n<p>Recordemos Asociados de <a href=\"https:\/\/magistradoscorrientes.com\/magistrados\/aporte-solidario-de-asociados-de-goya-a-la-guarderia-%c2%a8mama-perla%c2%a8\/\" data-type=\"URL\" data-id=\"https:\/\/magistradoscorrientes.com\/magistrados\/aporte-solidario-de-asociados-de-goya-a-la-guarderia-%c2%a8mama-perla%c2%a8\/\" target=\"_blank\" rel=\"noreferrer noopener\">Goya <\/a>y<a href=\"https:\/\/magistradoscorrientes.com\/magistrados\/aporte-solidario-de-asociados-de-santo-tome-al-centro-conin\/\" data-type=\"URL\" data-id=\"https:\/\/magistradoscorrientes.com\/magistrados\/aporte-solidario-de-asociados-de-santo-tome-al-centro-conin\/\" target=\"_blank\" rel=\"noreferrer noopener\"> Santo Tom\u00e9<\/a> tambi\u00e9n han cumplido con el objetivo de hacer efectiva la entrega de alimentos no perecederos a una instituci\u00f3n, ONG o entidad sin fines de lucro de cada localidad. <\/p>\n\n\n\n<figure class=\"wp-block-image size-large\"><img loading=\"lazy\" width=\"1024\" height=\"768\" src=\"https:\/\/magistradoscorrientes.com\/magistrados\/wp-content\/uploads\/2020\/12\/WhatsApp-Image-2020-12-14-at-20.44.23-1024x768.jpeg\" alt=\"\" class=\"wp-image-5303\" srcset=\"https:\/\/magistradoscorrientes.com\/magistrados\/wp-content\/uploads\/2020\/12\/WhatsApp-Image-2020-12-14-at-20.44.23-1024x768.jpeg 1024w, https:\/\/magistradoscorrientes.com\/magistrados\/wp-content\/uploads\/2020\/12\/WhatsApp-Image-2020-12-14-at-20.44.23-300x225.jpeg 300w, https:\/\/magistradoscorrientes.com\/magistrados\/wp-content\/uploads\/2020\/12\/WhatsApp-Image-2020-12-14-at-20.44.23-768x576.jpeg 768w, https:\/\/magistradoscorrientes.com\/magistrados\/wp-content\/uploads\/2020\/12\/WhatsApp-Image-2020-12-14-at-20.44.23-20x15.jpeg 20w, https:\/\/magistradoscorrientes.com\/magistrados\/wp-content\/uploads\/2020\/12\/WhatsApp-Image-2020-12-14-at-20.44.23.jpeg 1280w\" sizes=\"(max-width: 1024px) 100vw, 1024px\" \/><\/figure>\n","protected":false},"excerpt":{"rendered":"<p>En la semana se concret\u00f3 el aporte solidario de Asociados de Saladas en el marco de la propuesta \u2018\u2019Colegio Solidario\u2019\u2019 bajo la consigna \u2018\u2019Alimentos no perecederos por un barbijo con el logo del Colegio\u2019\u2019. En esta oportunidad Asociados de Saladas han sumado su granito de arena entregando las mercader\u00edas reunidas a un merendero que funciona en el predio de la [&hellip;]<\/p>\n","protected":false},"author":2,"featured_media":5299,"comment_status":"closed","ping_status":"open","sticky":false,"template":"","format":"standard","meta":{"ngg_post_thumbnail":0},"categories":[13],"tags":[],"_links":{"self":[{"href":"https:\/\/magistradoscorrientes.com\/magistrados\/wp-json\/wp\/v2\/posts\/5298"}],"collection":[{"href":"https:\/\/magistradoscorrientes.com\/magistrados\/wp-json\/wp\/v2\/posts"}],"about":[{"href":"https:\/\/magistradoscorrientes.com\/magistrados\/wp-json\/wp\/v2\/types\/post"}],"author":[{"embeddable":true,"href":"https:\/\/magistradoscorrientes.com\/magistrados\/wp-json\/wp\/v2\/users\/2"}],"replies":[{"embeddable":true,"href":"https:\/\/magistradoscorrientes.com\/magistrados\/wp-json\/wp\/v2\/comments?post=5298"}],"version-history":[{"count":4,"href":"https:\/\/magistradoscorrientes.com\/magistrados\/wp-json\/wp\/v2\/posts\/5298\/revisions"}],"predecessor-version":[{"id":5305,"href":"https:\/\/magistradoscorrientes.com\/magistrados\/wp-json\/wp\/v2\/posts\/5298\/revisions\/5305"}],"wp:featuredmedia":[{"embeddable":true,"href":"https:\/\/magistradoscorrientes.com\/magistrados\/wp-json\/wp\/v2\/media\/5299"}],"wp:attachment":[{"href":"https:\/\/magistradoscorrientes.com\/magistrados\/wp-json\/wp\/v2\/media?parent=5298"}],"wp:term":[{"taxonomy":"category","embeddable":true,"href":"https:\/\/magistradoscorrientes.com\/magistrados\/wp-json\/wp\/v2\/categories?post=5298"},{"taxonomy":"post_tag","embeddable":true,"href":"https:\/\/magistradoscorrientes.com\/magistrados\/wp-json\/wp\/v2\/tags?post=5298"}],"curies":[{"name":"wp","href":"https:\/\/api.w.org\/{rel}","templated":true}]}}