{"id":5306,"date":"2020-12-16T08:24:11","date_gmt":"2020-12-16T11:24:11","guid":{"rendered":"http:\/\/magistradoscorrientes.com\/magistrados\/?p=5306"},"modified":"2020-12-16T08:25:40","modified_gmt":"2020-12-16T11:25:40","slug":"asamblea-extraordinaria-117-de-la-junta-de-gobierno-de-fam","status":"publish","type":"post","link":"https:\/\/magistradoscorrientes.com\/magistrados\/asamblea-extraordinaria-117-de-la-junta-de-gobierno-de-fam\/","title":{"rendered":"Asamblea Extraordinaria virtual 117\u00b0 de la Junta de Gobierno de FAM"},"content":{"rendered":"\n<p>El 10 de diciembre se realiz\u00f3 mediante teleconferencia la asamblea extraordinaria 117\u00b0 de la junta de gobierno, con la asistencia de los representantes de todas las provincias del pa\u00eds. <\/p>\n\n\n\n<p>Entre los temas que se abordaron se destaca el rol de la justicia en emergencia sanitaria, la situaci\u00f3n previsional, las pautas de aumento salarial anual y el deterioro de las remuneraciones, el proyecto de Formaci\u00f3n 2021 y las Jornadas Cient\u00edficas de la Magistratura del a\u00f1o venidero. <\/p>\n\n\n\n<p>Se celebraron los 37 a\u00f1os de la Restauraci\u00f3n de la Democracia y el d\u00eda Internacional de los Derechos Humanos, ambas efem\u00e9rides fueron transversales durante la jornada reafirmando el prop\u00f3sito de FAM en el fortalecimiento del Estado constitucional de derecho y en la calidad y extensi\u00f3n del reconocimiento de los derechos y garant\u00edas de la ciudadan\u00eda.<\/p>\n\n\n\n<iframe src=\"https:\/\/www.facebook.com\/plugins\/video.php?height=314&#038;href=https%3A%2F%2Fwww.facebook.com%2Ffederacion.magistratura%2Fvideos%2F754349178823325%2F&#038;show_text=true&#038;width=560\" width=\"560\" height=\"429\" style=\"border:none;overflow:hidden\" scrolling=\"no\" frameborder=\"0\" allowfullscreen=\"true\" allow=\"autoplay; clipboard-write; encrypted-media; picture-in-picture; web-share\" allowFullScreen=\"true\"><\/iframe>\n","protected":false},"excerpt":{"rendered":"<p>El 10 de diciembre se realiz\u00f3 mediante teleconferencia la asamblea extraordinaria 117\u00b0 de la junta de gobierno, con la asistencia de los representantes de todas las provincias del pa\u00eds. Entre los temas que se abordaron se destaca el rol de la justicia en emergencia sanitaria, la situaci\u00f3n previsional, las pautas de aumento salarial anual y el deterioro de las remuneraciones, [&hellip;]<\/p>\n","protected":false},"author":2,"featured_media":5307,"comment_status":"closed","ping_status":"open","sticky":false,"template":"","format":"standard","meta":{"ngg_post_thumbnail":0},"categories":[13],"tags":[],"_links":{"self":[{"href":"https:\/\/magistradoscorrientes.com\/magistrados\/wp-json\/wp\/v2\/posts\/5306"}],"collection":[{"href":"https:\/\/magistradoscorrientes.com\/magistrados\/wp-json\/wp\/v2\/posts"}],"about":[{"href":"https:\/\/magistradoscorrientes.com\/magistrados\/wp-json\/wp\/v2\/types\/post"}],"author":[{"embeddable":true,"href":"https:\/\/magistradoscorrientes.com\/magistrados\/wp-json\/wp\/v2\/users\/2"}],"replies":[{"embeddable":true,"href":"https:\/\/magistradoscorrientes.com\/magistrados\/wp-json\/wp\/v2\/comments?post=5306"}],"version-history":[{"count":3,"href":"https:\/\/magistradoscorrientes.com\/magistrados\/wp-json\/wp\/v2\/posts\/5306\/revisions"}],"predecessor-version":[{"id":5310,"href":"https:\/\/magistradoscorrientes.com\/magistrados\/wp-json\/wp\/v2\/posts\/5306\/revisions\/5310"}],"wp:featuredmedia":[{"embeddable":true,"href":"https:\/\/magistradoscorrientes.com\/magistrados\/wp-json\/wp\/v2\/media\/5307"}],"wp:attachment":[{"href":"https:\/\/magistradoscorrientes.com\/magistrados\/wp-json\/wp\/v2\/media?parent=5306"}],"wp:term":[{"taxonomy":"category","embeddable":true,"href":"https:\/\/magistradoscorrientes.com\/magistrados\/wp-json\/wp\/v2\/categories?post=5306"},{"taxonomy":"post_tag","embeddable":true,"href":"https:\/\/magistradoscorrientes.com\/magistrados\/wp-json\/wp\/v2\/tags?post=5306"}],"curies":[{"name":"wp","href":"https:\/\/api.w.org\/{rel}","templated":true}]}}