{"id":5317,"date":"2020-12-17T15:58:48","date_gmt":"2020-12-17T18:58:48","guid":{"rendered":"http:\/\/magistradoscorrientes.com\/magistrados\/?p=5317"},"modified":"2020-12-17T17:28:49","modified_gmt":"2020-12-17T20:28:49","slug":"gran-espiritu-solidario-de-asociados-en-toda-la-provincia","status":"publish","type":"post","link":"https:\/\/magistradoscorrientes.com\/magistrados\/gran-espiritu-solidario-de-asociados-en-toda-la-provincia\/","title":{"rendered":"Gran esp\u00edritu solidario de Asociados en toda la Provincia"},"content":{"rendered":"\n<p>Con el firme objetivo de acercar los integrantes del Colegio a la sociedad y no ajenos a las necesidades de cada circunscripci\u00f3n judicial, la propuesta <strong><a href=\"https:\/\/magistradoscorrientes.com\/magistrados\/alimentos-no-perecederos-por-un-barbijo-con-logo-del-colegio\/\" data-type=\"URL\" data-id=\"https:\/\/magistradoscorrientes.com\/magistrados\/alimentos-no-perecederos-por-un-barbijo-con-logo-del-colegio\/\">\u2018\u2019Colegio Solidario\u2019\u2019<\/a><\/strong> suma un nuevo cap\u00edtulo de \u00e9xito.<\/p>\n\n\n\n<p>En esta oportunidad la campa\u00f1a \u2018\u2019Alimentos no perecederos por un barbijo con el logo del Colegio\u2019\u2019 demostr\u00f3 el compromiso solidario de Asociados con actores de la sociedad que necesitan de nuestra ayuda. &nbsp;<\/p>\n\n\n\n<p>De esta manera <span class=\"has-inline-color has-vivid-purple-color\"><strong><a href=\"https:\/\/magistradoscorrientes.com\/magistrados\/aporte-solidario-de-asociados-de-goya-a-la-guarderia-%c2%a8mama-perla%c2%a8\/\" data-type=\"URL\" data-id=\"https:\/\/magistradoscorrientes.com\/magistrados\/aporte-solidario-de-asociados-de-goya-a-la-guarderia-%c2%a8mama-perla%c2%a8\/\">Goya<\/a><\/strong>, Esquina, <strong><a href=\"https:\/\/magistradoscorrientes.com\/magistrados\/aporte-solidario-de-asociados-de-santo-tome-al-centro-conin\/\" data-type=\"URL\" data-id=\"https:\/\/magistradoscorrientes.com\/magistrados\/aporte-solidario-de-asociados-de-santo-tome-al-centro-conin\/\">Santo Tom\u00e9<\/a><\/strong>, <strong><a href=\"https:\/\/magistradoscorrientes.com\/magistrados\/entrega-de-mercaderias-a-un-merendero-de-la-capilla-san-cayetano-en-saladas\/\" data-type=\"URL\" data-id=\"https:\/\/magistradoscorrientes.com\/magistrados\/entrega-de-mercaderias-a-un-merendero-de-la-capilla-san-cayetano-en-saladas\/\">Saladas<\/a><\/strong>, Paso de los Libres, Mercedes y Curuz\u00fa Cuati\u00e1 <\/span>concretaron (hasta el momento) la entrega de mercader\u00edas y alimentos no perecederos a ONG, merenderos, comedores comunitarios entre otros.<\/p>\n\n\n\n<p>Con un gran esp\u00edritu asociacionista fueron los propios jueces y secretarios quienes gestionaron la entrega de lo donado transformando las oficinas judiciales en puntos receptores de las mercader\u00edas.<\/p>\n\n\n\n<figure class=\"wp-block-gallery columns-3 is-cropped\"><ul class=\"blocks-gallery-grid\"><li class=\"blocks-gallery-item\"><figure><img loading=\"lazy\" width=\"768\" height=\"1024\" src=\"https:\/\/magistradoscorrientes.com\/magistrados\/wp-content\/uploads\/2020\/12\/Paso-de-los-Libres-2-768x1024.jpeg\" alt=\"\" data-id=\"5319\" data-full-url=\"https:\/\/magistradoscorrientes.com\/magistrados\/wp-content\/uploads\/2020\/12\/Paso-de-los-Libres-2.jpeg\" data-link=\"https:\/\/magistradoscorrientes.com\/magistrados\/?attachment_id=5319\" class=\"wp-image-5319\" srcset=\"https:\/\/magistradoscorrientes.com\/magistrados\/wp-content\/uploads\/2020\/12\/Paso-de-los-Libres-2-768x1024.jpeg 768w, https:\/\/magistradoscorrientes.com\/magistrados\/wp-content\/uploads\/2020\/12\/Paso-de-los-Libres-2-225x300.jpeg 225w, https:\/\/magistradoscorrientes.com\/magistrados\/wp-content\/uploads\/2020\/12\/Paso-de-los-Libres-2-300x400.jpeg 300w, https:\/\/magistradoscorrientes.com\/magistrados\/wp-content\/uploads\/2020\/12\/Paso-de-los-Libres-2-15x20.jpeg 15w, https:\/\/magistradoscorrientes.com\/magistrados\/wp-content\/uploads\/2020\/12\/Paso-de-los-Libres-2.jpeg 960w\" sizes=\"(max-width: 768px) 100vw, 768px\" \/><\/figure><\/li><li class=\"blocks-gallery-item\"><figure><img loading=\"lazy\" width=\"768\" height=\"1024\" src=\"https:\/\/magistradoscorrientes.com\/magistrados\/wp-content\/uploads\/2020\/12\/Paso-de-los-Libres-8-768x1024.jpeg\" alt=\"\" data-id=\"5320\" data-full-url=\"https:\/\/magistradoscorrientes.com\/magistrados\/wp-content\/uploads\/2020\/12\/Paso-de-los-Libres-8.jpeg\" data-link=\"https:\/\/magistradoscorrientes.com\/magistrados\/?attachment_id=5320\" class=\"wp-image-5320\" srcset=\"https:\/\/magistradoscorrientes.com\/magistrados\/wp-content\/uploads\/2020\/12\/Paso-de-los-Libres-8-768x1024.jpeg 768w, https:\/\/magistradoscorrientes.com\/magistrados\/wp-content\/uploads\/2020\/12\/Paso-de-los-Libres-8-225x300.jpeg 225w, https:\/\/magistradoscorrientes.com\/magistrados\/wp-content\/uploads\/2020\/12\/Paso-de-los-Libres-8-300x400.jpeg 300w, https:\/\/magistradoscorrientes.com\/magistrados\/wp-content\/uploads\/2020\/12\/Paso-de-los-Libres-8-15x20.jpeg 15w, https:\/\/magistradoscorrientes.com\/magistrados\/wp-content\/uploads\/2020\/12\/Paso-de-los-Libres-8.jpeg 960w\" sizes=\"(max-width: 768px) 100vw, 768px\" \/><\/figure><\/li><li class=\"blocks-gallery-item\"><figure><img loading=\"lazy\" width=\"768\" height=\"1024\" src=\"https:\/\/magistradoscorrientes.com\/magistrados\/wp-content\/uploads\/2020\/12\/Paso-de-los-Libres-11-768x1024.jpeg\" alt=\"\" data-id=\"5321\" data-full-url=\"https:\/\/magistradoscorrientes.com\/magistrados\/wp-content\/uploads\/2020\/12\/Paso-de-los-Libres-11.jpeg\" data-link=\"https:\/\/magistradoscorrientes.com\/magistrados\/?attachment_id=5321\" class=\"wp-image-5321\" srcset=\"https:\/\/magistradoscorrientes.com\/magistrados\/wp-content\/uploads\/2020\/12\/Paso-de-los-Libres-11-768x1024.jpeg 768w, https:\/\/magistradoscorrientes.com\/magistrados\/wp-content\/uploads\/2020\/12\/Paso-de-los-Libres-11-225x300.jpeg 225w, https:\/\/magistradoscorrientes.com\/magistrados\/wp-content\/uploads\/2020\/12\/Paso-de-los-Libres-11-300x400.jpeg 300w, https:\/\/magistradoscorrientes.com\/magistrados\/wp-content\/uploads\/2020\/12\/Paso-de-los-Libres-11-15x20.jpeg 15w, https:\/\/magistradoscorrientes.com\/magistrados\/wp-content\/uploads\/2020\/12\/Paso-de-los-Libres-11.jpeg 960w\" sizes=\"(max-width: 768px) 100vw, 768px\" \/><\/figure><\/li><\/ul><figcaption class=\"blocks-gallery-caption\"><strong><span class=\"has-inline-color has-vivid-red-color\">Asociados de Paso de los Libres en el Comedor \u00bbLa Uni\u00f3n\u00bb<\/span><\/strong><\/figcaption><\/figure>\n\n\n\n<p>\u00bbEn Paso de los Libres, el Comedor \u00bbLa Uni\u00f3n\u00bb es lugar de contenci\u00f3n y alimento que surgi\u00f3 a consecuencia de la \u00faltima inundaci\u00f3n quedando aislados de la Ciudad. De esta manera abri\u00f3 sus puertas recibiendo todo tipo de ayuda de vecinos para dar de comer a 100 chicos. La se\u00f1ora se emocion\u00f3 rompiendo en llanto de alegr\u00eda\u00bb, expresaron Asociados de Paso de los Libres.<\/p>\n\n\n\n<p>As\u00ed tambi\u00e9n se gener\u00f3 el compromiso de los integrantes de nuestro Colegio de colaborar con golosinas para los peque\u00f1os y elementos de limpieza para el comedor a pocos d\u00edas de celebrar una nueva Navidad.<\/p>\n\n\n\n<figure class=\"wp-block-gallery columns-3 is-cropped\"><ul class=\"blocks-gallery-grid\"><li class=\"blocks-gallery-item\"><figure><img loading=\"lazy\" width=\"1024\" height=\"576\" src=\"http:\/\/magistradoscorrientes.com\/magistrados\/wp-content\/uploads\/2020\/12\/Mercedes.-2-1024x576.jpeg\" alt=\"\" data-id=\"5324\" data-full-url=\"http:\/\/magistradoscorrientes.com\/magistrados\/wp-content\/uploads\/2020\/12\/Mercedes.-2.jpeg\" data-link=\"http:\/\/magistradoscorrientes.com\/magistrados\/gran-espiritu-solidario-de-asociados-en-toda-la-provincia\/mercedes-2\/\" class=\"wp-image-5324\" srcset=\"https:\/\/magistradoscorrientes.com\/magistrados\/wp-content\/uploads\/2020\/12\/Mercedes.-2-1024x576.jpeg 1024w, https:\/\/magistradoscorrientes.com\/magistrados\/wp-content\/uploads\/2020\/12\/Mercedes.-2-300x169.jpeg 300w, https:\/\/magistradoscorrientes.com\/magistrados\/wp-content\/uploads\/2020\/12\/Mercedes.-2-768x432.jpeg 768w, https:\/\/magistradoscorrientes.com\/magistrados\/wp-content\/uploads\/2020\/12\/Mercedes.-2-20x11.jpeg 20w, https:\/\/magistradoscorrientes.com\/magistrados\/wp-content\/uploads\/2020\/12\/Mercedes.-2.jpeg 1280w\" sizes=\"(max-width: 1024px) 100vw, 1024px\" \/><\/figure><\/li><li class=\"blocks-gallery-item\"><figure><img loading=\"lazy\" width=\"1024\" height=\"576\" src=\"http:\/\/magistradoscorrientes.com\/magistrados\/wp-content\/uploads\/2020\/12\/Mercedes.-6-1024x576.jpeg\" alt=\"\" data-id=\"5327\" data-full-url=\"http:\/\/magistradoscorrientes.com\/magistrados\/wp-content\/uploads\/2020\/12\/Mercedes.-6.jpeg\" data-link=\"http:\/\/magistradoscorrientes.com\/magistrados\/gran-espiritu-solidario-de-asociados-en-toda-la-provincia\/mercedes-6\/\" class=\"wp-image-5327\" srcset=\"https:\/\/magistradoscorrientes.com\/magistrados\/wp-content\/uploads\/2020\/12\/Mercedes.-6-1024x576.jpeg 1024w, https:\/\/magistradoscorrientes.com\/magistrados\/wp-content\/uploads\/2020\/12\/Mercedes.-6-300x169.jpeg 300w, https:\/\/magistradoscorrientes.com\/magistrados\/wp-content\/uploads\/2020\/12\/Mercedes.-6-768x432.jpeg 768w, https:\/\/magistradoscorrientes.com\/magistrados\/wp-content\/uploads\/2020\/12\/Mercedes.-6-20x11.jpeg 20w, https:\/\/magistradoscorrientes.com\/magistrados\/wp-content\/uploads\/2020\/12\/Mercedes.-6.jpeg 1280w\" sizes=\"(max-width: 1024px) 100vw, 1024px\" \/><\/figure><\/li><li class=\"blocks-gallery-item\"><figure><img loading=\"lazy\" width=\"1024\" height=\"576\" src=\"http:\/\/magistradoscorrientes.com\/magistrados\/wp-content\/uploads\/2020\/12\/Mercedes.-1-1024x576.jpeg\" alt=\"\" data-id=\"5329\" data-full-url=\"http:\/\/magistradoscorrientes.com\/magistrados\/wp-content\/uploads\/2020\/12\/Mercedes.-1.jpeg\" data-link=\"http:\/\/magistradoscorrientes.com\/magistrados\/gran-espiritu-solidario-de-asociados-en-toda-la-provincia\/mercedes-1\/\" class=\"wp-image-5329\" srcset=\"https:\/\/magistradoscorrientes.com\/magistrados\/wp-content\/uploads\/2020\/12\/Mercedes.-1-1024x576.jpeg 1024w, https:\/\/magistradoscorrientes.com\/magistrados\/wp-content\/uploads\/2020\/12\/Mercedes.-1-300x169.jpeg 300w, https:\/\/magistradoscorrientes.com\/magistrados\/wp-content\/uploads\/2020\/12\/Mercedes.-1-768x432.jpeg 768w, https:\/\/magistradoscorrientes.com\/magistrados\/wp-content\/uploads\/2020\/12\/Mercedes.-1-20x11.jpeg 20w, https:\/\/magistradoscorrientes.com\/magistrados\/wp-content\/uploads\/2020\/12\/Mercedes.-1.jpeg 1280w\" sizes=\"(max-width: 1024px) 100vw, 1024px\" \/><\/figure><\/li><li class=\"blocks-gallery-item\"><figure><img loading=\"lazy\" width=\"1024\" height=\"576\" src=\"http:\/\/magistradoscorrientes.com\/magistrados\/wp-content\/uploads\/2020\/12\/Mercedes.-4-1024x576.jpeg\" alt=\"\" data-id=\"5323\" data-full-url=\"http:\/\/magistradoscorrientes.com\/magistrados\/wp-content\/uploads\/2020\/12\/Mercedes.-4.jpeg\" data-link=\"http:\/\/magistradoscorrientes.com\/magistrados\/gran-espiritu-solidario-de-asociados-en-toda-la-provincia\/mercedes-4\/\" class=\"wp-image-5323\" srcset=\"https:\/\/magistradoscorrientes.com\/magistrados\/wp-content\/uploads\/2020\/12\/Mercedes.-4-1024x576.jpeg 1024w, https:\/\/magistradoscorrientes.com\/magistrados\/wp-content\/uploads\/2020\/12\/Mercedes.-4-300x169.jpeg 300w, https:\/\/magistradoscorrientes.com\/magistrados\/wp-content\/uploads\/2020\/12\/Mercedes.-4-768x432.jpeg 768w, https:\/\/magistradoscorrientes.com\/magistrados\/wp-content\/uploads\/2020\/12\/Mercedes.-4-20x11.jpeg 20w, https:\/\/magistradoscorrientes.com\/magistrados\/wp-content\/uploads\/2020\/12\/Mercedes.-4.jpeg 1280w\" sizes=\"(max-width: 1024px) 100vw, 1024px\" \/><\/figure><\/li><li class=\"blocks-gallery-item\"><figure><img loading=\"lazy\" width=\"1024\" height=\"768\" src=\"http:\/\/magistradoscorrientes.com\/magistrados\/wp-content\/uploads\/2020\/12\/Mercedes.-5-1024x768.jpeg\" alt=\"\" data-id=\"5326\" data-full-url=\"http:\/\/magistradoscorrientes.com\/magistrados\/wp-content\/uploads\/2020\/12\/Mercedes.-5.jpeg\" data-link=\"http:\/\/magistradoscorrientes.com\/magistrados\/gran-espiritu-solidario-de-asociados-en-toda-la-provincia\/mercedes-5\/\" class=\"wp-image-5326\" srcset=\"https:\/\/magistradoscorrientes.com\/magistrados\/wp-content\/uploads\/2020\/12\/Mercedes.-5-1024x768.jpeg 1024w, https:\/\/magistradoscorrientes.com\/magistrados\/wp-content\/uploads\/2020\/12\/Mercedes.-5-300x225.jpeg 300w, https:\/\/magistradoscorrientes.com\/magistrados\/wp-content\/uploads\/2020\/12\/Mercedes.-5-768x576.jpeg 768w, https:\/\/magistradoscorrientes.com\/magistrados\/wp-content\/uploads\/2020\/12\/Mercedes.-5-20x15.jpeg 20w, https:\/\/magistradoscorrientes.com\/magistrados\/wp-content\/uploads\/2020\/12\/Mercedes.-5.jpeg 1280w\" sizes=\"(max-width: 1024px) 100vw, 1024px\" \/><\/figure><\/li><li class=\"blocks-gallery-item\"><figure><img loading=\"lazy\" width=\"1024\" height=\"576\" src=\"http:\/\/magistradoscorrientes.com\/magistrados\/wp-content\/uploads\/2020\/12\/Mercedes.-3-1024x576.jpeg\" alt=\"\" data-id=\"5325\" data-full-url=\"http:\/\/magistradoscorrientes.com\/magistrados\/wp-content\/uploads\/2020\/12\/Mercedes.-3.jpeg\" data-link=\"http:\/\/magistradoscorrientes.com\/magistrados\/gran-espiritu-solidario-de-asociados-en-toda-la-provincia\/mercedes-3\/\" class=\"wp-image-5325\" srcset=\"https:\/\/magistradoscorrientes.com\/magistrados\/wp-content\/uploads\/2020\/12\/Mercedes.-3-1024x576.jpeg 1024w, https:\/\/magistradoscorrientes.com\/magistrados\/wp-content\/uploads\/2020\/12\/Mercedes.-3-300x169.jpeg 300w, https:\/\/magistradoscorrientes.com\/magistrados\/wp-content\/uploads\/2020\/12\/Mercedes.-3-768x432.jpeg 768w, https:\/\/magistradoscorrientes.com\/magistrados\/wp-content\/uploads\/2020\/12\/Mercedes.-3-20x11.jpeg 20w, https:\/\/magistradoscorrientes.com\/magistrados\/wp-content\/uploads\/2020\/12\/Mercedes.-3.jpeg 1280w\" sizes=\"(max-width: 1024px) 100vw, 1024px\" \/><\/figure><\/li><\/ul><figcaption class=\"blocks-gallery-caption\"><strong><span class=\"has-inline-color has-vivid-red-color\">Asociados de Mercedes en el comedor de la Iglesia Itat\u00ed.<\/span><\/strong><\/figcaption><\/figure>\n\n\n\n<p>\u00bbHicimos entrega de las donaciones al comedor de la Iglesia Itat\u00ed de Mercedes. En las donaciones participaron Colegiados, no Colegiados y administrativos de todos los Juzgados y C\u00e1maras y tambi\u00e9n el Ministerio P\u00fablico de Mercedes. Quien coordin\u00f3 aqu\u00ed en Mercedes fue el Dr. Gustavo Buffil, titular del Juzgado Civil Comercial y Laboral\u00bb, detall\u00f3 la Dra Fernanda Vercher, Prosecretaria del Juzgado Civil Comercial y Laboral de Mercedes.<\/p>\n\n\n\n<figure class=\"wp-block-image size-large\"><img loading=\"lazy\" width=\"961\" height=\"970\" src=\"https:\/\/magistradoscorrientes.com\/magistrados\/wp-content\/uploads\/2020\/12\/CRECER-actualmente-CONIN-Curuzu-2.jpeg\" alt=\"\" class=\"wp-image-5337\" srcset=\"https:\/\/magistradoscorrientes.com\/magistrados\/wp-content\/uploads\/2020\/12\/CRECER-actualmente-CONIN-Curuzu-2.jpeg 961w, https:\/\/magistradoscorrientes.com\/magistrados\/wp-content\/uploads\/2020\/12\/CRECER-actualmente-CONIN-Curuzu-2-297x300.jpeg 297w, https:\/\/magistradoscorrientes.com\/magistrados\/wp-content\/uploads\/2020\/12\/CRECER-actualmente-CONIN-Curuzu-2-150x150.jpeg 150w, https:\/\/magistradoscorrientes.com\/magistrados\/wp-content\/uploads\/2020\/12\/CRECER-actualmente-CONIN-Curuzu-2-768x775.jpeg 768w, https:\/\/magistradoscorrientes.com\/magistrados\/wp-content\/uploads\/2020\/12\/CRECER-actualmente-CONIN-Curuzu-2-20x20.jpeg 20w\" sizes=\"(max-width: 961px) 100vw, 961px\" \/><figcaption><strong><span class=\"has-inline-color has-vivid-red-color\">Asociados de Curuz\u00fa Cuati\u00e1 en el centro CRECER (actualmente CONIN).<\/span><\/strong><\/figcaption><\/figure>\n\n\n\n<p>\u00bbGracias a quienes colaboraron haciendo su aporte para el centro CRECER, actualmente CONIN. Se don\u00f3 az\u00facar, leche, alimentos no perecederos entre otros\u00bb, dijeron desde Curuz\u00fa Cuati\u00e1.<\/p>\n\n\n\n<figure class=\"wp-block-gallery columns-2 is-cropped\"><ul class=\"blocks-gallery-grid\"><li class=\"blocks-gallery-item\"><figure><img loading=\"lazy\" width=\"1024\" height=\"768\" src=\"https:\/\/magistradoscorrientes.com\/magistrados\/wp-content\/uploads\/2020\/12\/WhatsApp-Image-2020-12-17-at-16.50.45-1024x768.jpeg\" alt=\"\" data-id=\"5341\" data-full-url=\"https:\/\/magistradoscorrientes.com\/magistrados\/wp-content\/uploads\/2020\/12\/WhatsApp-Image-2020-12-17-at-16.50.45.jpeg\" data-link=\"https:\/\/magistradoscorrientes.com\/magistrados\/gran-espiritu-solidario-de-asociados-en-toda-la-provincia\/whatsapp-image-2020-12-17-at-16-50-45\/\" class=\"wp-image-5341\" srcset=\"https:\/\/magistradoscorrientes.com\/magistrados\/wp-content\/uploads\/2020\/12\/WhatsApp-Image-2020-12-17-at-16.50.45-1024x768.jpeg 1024w, https:\/\/magistradoscorrientes.com\/magistrados\/wp-content\/uploads\/2020\/12\/WhatsApp-Image-2020-12-17-at-16.50.45-300x225.jpeg 300w, https:\/\/magistradoscorrientes.com\/magistrados\/wp-content\/uploads\/2020\/12\/WhatsApp-Image-2020-12-17-at-16.50.45-768x576.jpeg 768w, https:\/\/magistradoscorrientes.com\/magistrados\/wp-content\/uploads\/2020\/12\/WhatsApp-Image-2020-12-17-at-16.50.45-20x15.jpeg 20w, https:\/\/magistradoscorrientes.com\/magistrados\/wp-content\/uploads\/2020\/12\/WhatsApp-Image-2020-12-17-at-16.50.45.jpeg 1280w\" sizes=\"(max-width: 1024px) 100vw, 1024px\" \/><\/figure><\/li><li class=\"blocks-gallery-item\"><figure><img loading=\"lazy\" width=\"1024\" height=\"768\" src=\"https:\/\/magistradoscorrientes.com\/magistrados\/wp-content\/uploads\/2020\/12\/WhatsApp-Image-2020-12-17-at-16.50.46-1024x768.jpeg\" alt=\"\" data-id=\"5342\" data-full-url=\"https:\/\/magistradoscorrientes.com\/magistrados\/wp-content\/uploads\/2020\/12\/WhatsApp-Image-2020-12-17-at-16.50.46.jpeg\" data-link=\"https:\/\/magistradoscorrientes.com\/magistrados\/gran-espiritu-solidario-de-asociados-en-toda-la-provincia\/whatsapp-image-2020-12-17-at-16-50-46\/\" class=\"wp-image-5342\" srcset=\"https:\/\/magistradoscorrientes.com\/magistrados\/wp-content\/uploads\/2020\/12\/WhatsApp-Image-2020-12-17-at-16.50.46-1024x768.jpeg 1024w, https:\/\/magistradoscorrientes.com\/magistrados\/wp-content\/uploads\/2020\/12\/WhatsApp-Image-2020-12-17-at-16.50.46-300x225.jpeg 300w, https:\/\/magistradoscorrientes.com\/magistrados\/wp-content\/uploads\/2020\/12\/WhatsApp-Image-2020-12-17-at-16.50.46-768x576.jpeg 768w, https:\/\/magistradoscorrientes.com\/magistrados\/wp-content\/uploads\/2020\/12\/WhatsApp-Image-2020-12-17-at-16.50.46-20x15.jpeg 20w, https:\/\/magistradoscorrientes.com\/magistrados\/wp-content\/uploads\/2020\/12\/WhatsApp-Image-2020-12-17-at-16.50.46.jpeg 1280w\" sizes=\"(max-width: 1024px) 100vw, 1024px\" \/><\/figure><\/li><\/ul><figcaption class=\"blocks-gallery-caption\"><strong><span class=\"has-inline-color has-vivid-red-color\">Asociados de Esquina entregaron pa\u00f1ales a la Fundaci\u00f3n Gravida&#8217;.<\/span><\/strong><\/figcaption><\/figure>\n","protected":false},"excerpt":{"rendered":"<p>Con el firme objetivo de acercar los integrantes del Colegio a la sociedad y no ajenos a las necesidades de cada circunscripci\u00f3n judicial, la propuesta \u2018\u2019Colegio Solidario\u2019\u2019 suma un nuevo cap\u00edtulo de \u00e9xito. En esta oportunidad la campa\u00f1a \u2018\u2019Alimentos no perecederos por un barbijo con el logo del Colegio\u2019\u2019 demostr\u00f3 el compromiso solidario de Asociados con actores de la sociedad [&hellip;]<\/p>\n","protected":false},"author":2,"featured_media":5323,"comment_status":"closed","ping_status":"open","sticky":false,"template":"","format":"standard","meta":{"ngg_post_thumbnail":0},"categories":[13],"tags":[],"_links":{"self":[{"href":"https:\/\/magistradoscorrientes.com\/magistrados\/wp-json\/wp\/v2\/posts\/5317"}],"collection":[{"href":"https:\/\/magistradoscorrientes.com\/magistrados\/wp-json\/wp\/v2\/posts"}],"about":[{"href":"https:\/\/magistradoscorrientes.com\/magistrados\/wp-json\/wp\/v2\/types\/post"}],"author":[{"embeddable":true,"href":"https:\/\/magistradoscorrientes.com\/magistrados\/wp-json\/wp\/v2\/users\/2"}],"replies":[{"embeddable":true,"href":"https:\/\/magistradoscorrientes.com\/magistrados\/wp-json\/wp\/v2\/comments?post=5317"}],"version-history":[{"count":10,"href":"https:\/\/magistradoscorrientes.com\/magistrados\/wp-json\/wp\/v2\/posts\/5317\/revisions"}],"predecessor-version":[{"id":5344,"href":"https:\/\/magistradoscorrientes.com\/magistrados\/wp-json\/wp\/v2\/posts\/5317\/revisions\/5344"}],"wp:featuredmedia":[{"embeddable":true,"href":"https:\/\/magistradoscorrientes.com\/magistrados\/wp-json\/wp\/v2\/media\/5323"}],"wp:attachment":[{"href":"https:\/\/magistradoscorrientes.com\/magistrados\/wp-json\/wp\/v2\/media?parent=5317"}],"wp:term":[{"taxonomy":"category","embeddable":true,"href":"https:\/\/magistradoscorrientes.com\/magistrados\/wp-json\/wp\/v2\/categories?post=5317"},{"taxonomy":"post_tag","embeddable":true,"href":"https:\/\/magistradoscorrientes.com\/magistrados\/wp-json\/wp\/v2\/tags?post=5317"}],"curies":[{"name":"wp","href":"https:\/\/api.w.org\/{rel}","templated":true}]}}