{"id":5345,"date":"2020-12-18T08:33:10","date_gmt":"2020-12-18T11:33:10","guid":{"rendered":"http:\/\/magistradoscorrientes.com\/magistrados\/?p=5345"},"modified":"2020-12-18T08:33:13","modified_gmt":"2020-12-18T11:33:13","slug":"ultima-reunion-de-comision-directiva-de-2020","status":"publish","type":"post","link":"https:\/\/magistradoscorrientes.com\/magistrados\/ultima-reunion-de-comision-directiva-de-2020\/","title":{"rendered":"\u00daltima reuni\u00f3n de Comisi\u00f3n Directiva de 2020"},"content":{"rendered":"\n<p>Este mi\u00e9rcoles 16 de diciembre de 2020 se llev\u00f3 a cabo la \u00faltima reuni\u00f3n del a\u00f1o de la Comisi\u00f3n Directiva del Colegio de Magistrados y Funcionarios del Poder Judicial de la Provincia de Corrientes. El encuentro tuvo la particularidad de desarrollarse en forma presencial y virtual a trav\u00e9s de la plataforma Zoom, con presencia de asociados.<\/p>\n\n\n\n<p>El orden del d\u00eda comenz\u00f3 con el habitual informe de Presidencia, donde la doctora Luz Masferrer dio a conocer una serie de notas remitidas al Superior Tribunal de Justicia de la Provincia de Corrientes y tambi\u00e9n al Ministerio de Justicia y Derechos Humanos de la Provincia. <\/p>\n\n\n\n<figure class=\"wp-block-image size-large\"><img loading=\"lazy\" width=\"1024\" height=\"768\" src=\"http:\/\/magistradoscorrientes.com\/magistrados\/wp-content\/uploads\/2020\/12\/IMG_6320-1024x768.jpg\" alt=\"\" class=\"wp-image-5349\" srcset=\"https:\/\/magistradoscorrientes.com\/magistrados\/wp-content\/uploads\/2020\/12\/IMG_6320-1024x768.jpg 1024w, https:\/\/magistradoscorrientes.com\/magistrados\/wp-content\/uploads\/2020\/12\/IMG_6320-300x225.jpg 300w, https:\/\/magistradoscorrientes.com\/magistrados\/wp-content\/uploads\/2020\/12\/IMG_6320-768x576.jpg 768w, https:\/\/magistradoscorrientes.com\/magistrados\/wp-content\/uploads\/2020\/12\/IMG_6320-1536x1152.jpg 1536w, https:\/\/magistradoscorrientes.com\/magistrados\/wp-content\/uploads\/2020\/12\/IMG_6320-2048x1536.jpg 2048w\" sizes=\"(max-width: 1024px) 100vw, 1024px\" \/><\/figure>\n\n\n\n<p>\u00abAl STJ enviamos notas relacionadas con la Participaci\u00f3n en el Proyecto de la Reforma de LOAJ, asignaci\u00f3n de Asistente Social para la ciudad de Gobernador Virasoro y Revisi\u00f3n de designaci\u00f3n fuera de Escalaf\u00f3n en Acuerdo 22 de Prosecretario Relator fuero penal del STJ\u00bb, explic\u00f3 Masferrer.<\/p>\n\n\n\n<p>La presidente mencion\u00f3 dos env\u00edos m\u00e1s al doctor Rey V\u00e1zquez: \u00abexclusi\u00f3n del prosecretario del R\u00e9gimen de ascenso por m\u00e9rito a trav\u00e9s de sistema de puntuaci\u00f3n (acuerdo 23) y recomposici\u00f3n salarial del sector\u00bb.<\/p>\n\n\n\n<p>\u00abEn tanto que la nota que enviamos al ministro Buenaventura Duarte estuvo relacionada con la comunicaci\u00f3n de las representantes del Colegio en el Programa Estrat\u00e9gico de Gesti\u00f3n 2030\u00bb, a\u00f1adi\u00f3 la presidente.<\/p>\n\n\n\n<p>En lo que refiere a notas que recibi\u00f3 la instituci\u00f3n mencion\u00f3 la invitaci\u00f3n de la Comisi\u00f3n de Asuntos Constitucionales de la C\u00e1mara de Diputados de Corrientes a participar del Proyecto de C\u00f3digo Contencioso Administrativo, y otras m\u00e1s desde Sancor Salud, Banco Patagonia y AMJA.<\/p>\n\n\n\n<figure class=\"wp-block-image size-large\"><img loading=\"lazy\" width=\"1024\" height=\"768\" src=\"http:\/\/magistradoscorrientes.com\/magistrados\/wp-content\/uploads\/2020\/12\/IMG_6312-1024x768.jpg\" alt=\"\" class=\"wp-image-5346\" srcset=\"https:\/\/magistradoscorrientes.com\/magistrados\/wp-content\/uploads\/2020\/12\/IMG_6312-1024x768.jpg 1024w, https:\/\/magistradoscorrientes.com\/magistrados\/wp-content\/uploads\/2020\/12\/IMG_6312-300x225.jpg 300w, https:\/\/magistradoscorrientes.com\/magistrados\/wp-content\/uploads\/2020\/12\/IMG_6312-768x576.jpg 768w, https:\/\/magistradoscorrientes.com\/magistrados\/wp-content\/uploads\/2020\/12\/IMG_6312-1536x1152.jpg 1536w, https:\/\/magistradoscorrientes.com\/magistrados\/wp-content\/uploads\/2020\/12\/IMG_6312-2048x1536.jpg 2048w, https:\/\/magistradoscorrientes.com\/magistrados\/wp-content\/uploads\/2020\/12\/IMG_6312-20x15.jpg 20w\" sizes=\"(max-width: 1024px) 100vw, 1024px\" \/><\/figure>\n\n\n\n<p>Entre las gestiones que se encararon en las \u00faltimas semanas, se mencion\u00f3 en la asamblea las entrevistas mantenidas en el Superior Tribunal de Justicia, con el Secretario Administrativo, el doctor Guillermo Casaro Lodoli, acerca de las autoridades y personal de feria y r\u00e9gimen de ascenso por m\u00e9rito.<\/p>\n\n\n\n<p>Otro tema informado en el encuentro fueron las capacitaciones que organiz\u00f3 el Colegio a trav\u00e9s de la plataforma Formarte: \u00abNuevo C\u00f3digo Procesal Penal de la Provincia de Corrientes &#8211; segunda etapa\u00bb, actividad que se llev\u00f3 adelante junto al STJ, con exposiciones de los doctores Juan R. Alegre y Gabriela Arom\u00ed; e \u00abInvestigaci\u00f3n Fiscal en redes sociales y proveedores de Internet\u00bb, abordado por el doctor Rafael Garc\u00eda.<\/p>\n\n\n\n<p>Al respecto el doctor Eugenio Balbastro propuso llevar adelante la tercera parte del curso \u00abNuevo C\u00f3digo Procesal Penal de la Provincia de Corrientes\u00bb, a cargo de los doctores Alegre y Arom\u00ed, \u00abpero con una impronta m\u00e1s pragm\u00e1tica y operativa, con espacios para fiscales y defensores\u00bb; y adem\u00e1s impulsar una capacitaci\u00f3n sobre \u00abCiberdelito\u00bb.<\/p>\n\n\n\n<figure class=\"wp-block-image size-large\"><img loading=\"lazy\" width=\"768\" height=\"1024\" src=\"http:\/\/magistradoscorrientes.com\/magistrados\/wp-content\/uploads\/2020\/12\/IMG_6318-768x1024.jpg\" alt=\"\" class=\"wp-image-5347\" srcset=\"https:\/\/magistradoscorrientes.com\/magistrados\/wp-content\/uploads\/2020\/12\/IMG_6318-768x1024.jpg 768w, https:\/\/magistradoscorrientes.com\/magistrados\/wp-content\/uploads\/2020\/12\/IMG_6318-225x300.jpg 225w, https:\/\/magistradoscorrientes.com\/magistrados\/wp-content\/uploads\/2020\/12\/IMG_6318-300x400.jpg 300w, https:\/\/magistradoscorrientes.com\/magistrados\/wp-content\/uploads\/2020\/12\/IMG_6318-1152x1536.jpg 1152w, https:\/\/magistradoscorrientes.com\/magistrados\/wp-content\/uploads\/2020\/12\/IMG_6318-1536x2048.jpg 1536w, https:\/\/magistradoscorrientes.com\/magistrados\/wp-content\/uploads\/2020\/12\/IMG_6318-scaled.jpg 1920w\" sizes=\"(max-width: 768px) 100vw, 768px\" \/><\/figure>\n\n\n\n<p>En lo que respecta al accionar institucional en el interior provincial, se escucharon las voces de representantes de Paso de los Libres, que solicitaron colaboraci\u00f3n de \u00abColegio Solidario\u00bb para aportar art\u00edculos de limpieza a instituciones; y tambi\u00e9n de Curuz\u00fa Cuati\u00e1, que plantearon inquietudes sobre el proceso de enjuiciamiento.<\/p>\n\n\n\n<p>Por su parte representantes de Curuz\u00fa Cuati\u00e1 trasladaron los agradecimientos de CONIN por los aportes que realiz\u00f3 el \u00abColegio Solidario\u00bb, e inst\u00f3 a los colegas a seguir colaborando con instituciones de bien p\u00fablico que as\u00ed lo requieran. Lo propio hicieron desde Goya, que solicitaron la colaboraci\u00f3n institucional para peticionar ante el Poder Judicial la incorporaci\u00f3n de un psiquiatra forense.<\/p>\n\n\n\n<p>La doctora Masferrer dio a conocer las donaciones que la instituci\u00f3n realiz\u00f3 a la Guarder\u00eda \u00abMam\u00e1 Perla\u00bb de Goya, Fundaci\u00f3n Gravida de Esquina, Centro CONIN de Santo Tom\u00e9, Merendero \u00abSan Cayetano\u00bb de Saladas y Comedor \u00abLa Uni\u00f3n\u00bb de Paso de los Libres, y agradeci\u00f3 la colaboraci\u00f3n prestada por los asociados en este proyecto, que acerca a los operadores judiciales a la comunidad.<\/p>\n\n\n\n<p>En el punto\u00a0 \u00abInforme de actividades FAM\u00bb se mencion\u00f3 la capacitaci\u00f3n que se llev\u00f3 a cabo a fines de octubre \u00abC\u00f3mo funciona el juicio por jurados en Argentina, que coordin\u00f3 Rub\u00e9n Chaia; se brindaron detalles de la invitaci\u00f3n recibida por el Colegio para tomar parte del I\u00b0 Congreso Binacional de Derecho Privado Argentina Chile, la realizaci\u00f3n de la Asamblea Extraordinaria 117\u00b0 de la Junta de Gobierno de la FAM y las capacitaciones de equipos de comunicaci\u00f3n que impulsa la Federaci\u00f3n.<\/p>\n\n\n\n<figure class=\"wp-block-image size-large\"><img loading=\"lazy\" width=\"750\" height=\"750\" src=\"https:\/\/magistradoscorrientes.com\/magistrados\/wp-content\/uploads\/2020\/12\/130922687_2762260390698877_7228322539074804527_n.jpg\" alt=\"\" class=\"wp-image-5350\" srcset=\"https:\/\/magistradoscorrientes.com\/magistrados\/wp-content\/uploads\/2020\/12\/130922687_2762260390698877_7228322539074804527_n.jpg 750w, https:\/\/magistradoscorrientes.com\/magistrados\/wp-content\/uploads\/2020\/12\/130922687_2762260390698877_7228322539074804527_n-300x300.jpg 300w, https:\/\/magistradoscorrientes.com\/magistrados\/wp-content\/uploads\/2020\/12\/130922687_2762260390698877_7228322539074804527_n-150x150.jpg 150w, https:\/\/magistradoscorrientes.com\/magistrados\/wp-content\/uploads\/2020\/12\/130922687_2762260390698877_7228322539074804527_n-20x20.jpg 20w\" sizes=\"(max-width: 750px) 100vw, 750px\" \/><\/figure>\n","protected":false},"excerpt":{"rendered":"<p>Este mi\u00e9rcoles 16 de diciembre de 2020 se llev\u00f3 a cabo la \u00faltima reuni\u00f3n del a\u00f1o de la Comisi\u00f3n Directiva del Colegio de Magistrados y Funcionarios del Poder Judicial de la Provincia de Corrientes. El encuentro tuvo la particularidad de desarrollarse en forma presencial y virtual a trav\u00e9s de la plataforma Zoom, con presencia de asociados. El orden del d\u00eda [&hellip;]<\/p>\n","protected":false},"author":2,"featured_media":5348,"comment_status":"closed","ping_status":"open","sticky":false,"template":"","format":"standard","meta":{"ngg_post_thumbnail":0},"categories":[13],"tags":[],"_links":{"self":[{"href":"https:\/\/magistradoscorrientes.com\/magistrados\/wp-json\/wp\/v2\/posts\/5345"}],"collection":[{"href":"https:\/\/magistradoscorrientes.com\/magistrados\/wp-json\/wp\/v2\/posts"}],"about":[{"href":"https:\/\/magistradoscorrientes.com\/magistrados\/wp-json\/wp\/v2\/types\/post"}],"author":[{"embeddable":true,"href":"https:\/\/magistradoscorrientes.com\/magistrados\/wp-json\/wp\/v2\/users\/2"}],"replies":[{"embeddable":true,"href":"https:\/\/magistradoscorrientes.com\/magistrados\/wp-json\/wp\/v2\/comments?post=5345"}],"version-history":[{"count":1,"href":"https:\/\/magistradoscorrientes.com\/magistrados\/wp-json\/wp\/v2\/posts\/5345\/revisions"}],"predecessor-version":[{"id":5351,"href":"https:\/\/magistradoscorrientes.com\/magistrados\/wp-json\/wp\/v2\/posts\/5345\/revisions\/5351"}],"wp:featuredmedia":[{"embeddable":true,"href":"https:\/\/magistradoscorrientes.com\/magistrados\/wp-json\/wp\/v2\/media\/5348"}],"wp:attachment":[{"href":"https:\/\/magistradoscorrientes.com\/magistrados\/wp-json\/wp\/v2\/media?parent=5345"}],"wp:term":[{"taxonomy":"category","embeddable":true,"href":"https:\/\/magistradoscorrientes.com\/magistrados\/wp-json\/wp\/v2\/categories?post=5345"},{"taxonomy":"post_tag","embeddable":true,"href":"https:\/\/magistradoscorrientes.com\/magistrados\/wp-json\/wp\/v2\/tags?post=5345"}],"curies":[{"name":"wp","href":"https:\/\/api.w.org\/{rel}","templated":true}]}}