{"id":5431,"date":"2021-02-16T08:50:57","date_gmt":"2021-02-16T11:50:57","guid":{"rendered":"http:\/\/magistradoscorrientes.com\/magistrados\/?p=5431"},"modified":"2021-02-16T08:50:57","modified_gmt":"2021-02-16T11:50:57","slug":"118o-asamblea-extraordinaria-de-fam","status":"publish","type":"post","link":"https:\/\/magistradoscorrientes.com\/magistrados\/118o-asamblea-extraordinaria-de-fam\/","title":{"rendered":"118\u00ba Asamblea Extraordinaria de FAM"},"content":{"rendered":"\n<p>La Junta de Gobierno de la Federaci\u00f3n Argentina de la Magistratura y Funci\u00f3n Judicial (FAM), en Asamblea Extraordinaria, realizada en la Ciudad Aut\u00f3noma de Buenos Aires los d\u00edas 11 y 12 de febrero de 2021.<\/p>\n\n\n\n<p>Con la asistencia de los y las representantes de las provincias de Chubut, Entre R\u00edos, La Pampa, Mendoza, Santa Fe, Tucum\u00e1n y la Ciudad Aut\u00f3noma de Buenos Aires y, con asistencia virtual, los y las representantes de las provincias de Buenos Aires, Catamarca Chaco, C\u00f3rdoba, Corrientes, Formosa, Jujuy, Neuqu\u00e9n, Misiones, R\u00edo Negro, Salta, San Juan, San Luis, Santa Cruz, Santa , Santiago del Estero y Tierra del Fuego.<\/p>\n\n\n\n<div class=\"wp-block-file\"><a href=\"https:\/\/magistradoscorrientes.com\/magistrados\/wp-content\/uploads\/2021\/02\/Declaracioin-de-Buenos-Aires-12-2-2021.pdf\"><strong>Declaracioin-de-Buenos-Aires-12-2-2021<\/strong><\/a><a href=\"https:\/\/magistradoscorrientes.com\/magistrados\/wp-content\/uploads\/2021\/02\/Declaracioin-de-Buenos-Aires-12-2-2021.pdf\" class=\"wp-block-file__button\" download>Descarga<\/a><\/div>\n\n\n\n<p>La FAM trabaja por la defensa de la independencia judicial y el mejoramiento de la justicia desde hace m\u00e1s de 50 a\u00f1os, atravesando coyunturas, crisis econ\u00f3micas y, en este momento, en el contexto mundial de la pandemia de Covid -19. <\/p>\n\n\n\n<p>M\u00e1s que nunca, en este a\u00f1o 2021 la labor de FAM y de los Colegios y Asociaciones que la componen se orienta a la protecci\u00f3n de los derechos y garant\u00edas de las ciudadanas y los ciudadanos; a resguardar de manera m\u00e1s efectiva la independencia judicial; a mejorar el desempe\u00f1o y la calidad de respuesta de los sistemas de justicia y garantizar la vigencia plena de la Constituci\u00f3n Nacional y los Derechos Humanos.<\/p>\n\n\n\n<div class=\"wp-block-file\"><a href=\"http:\/\/magistradoscorrientes.com\/magistrados\/wp-content\/uploads\/2021\/02\/Afianzar-las-justicias-1.pdf\"><strong>Afianzar-las-justicias-1<\/strong><\/a><a href=\"http:\/\/magistradoscorrientes.com\/magistrados\/wp-content\/uploads\/2021\/02\/Afianzar-las-justicias-1.pdf\" class=\"wp-block-file__button\" download>Descarga<\/a><\/div>\n\n\n\n<figure class=\"wp-block-gallery columns-2 is-cropped\"><ul class=\"blocks-gallery-grid\"><li class=\"blocks-gallery-item\"><figure><img loading=\"lazy\" width=\"1024\" height=\"1024\" src=\"http:\/\/magistradoscorrientes.com\/magistrados\/wp-content\/uploads\/2021\/02\/118\u00b0-Asamblea-Extraordinaria-de-la-Junta-de-Gobierno-de-l-FAM-1024x1024.png\" alt=\"\" data-id=\"5434\" data-full-url=\"http:\/\/magistradoscorrientes.com\/magistrados\/wp-content\/uploads\/2021\/02\/118\u00b0-Asamblea-Extraordinaria-de-la-Junta-de-Gobierno-de-l-FAM.png\" data-link=\"http:\/\/magistradoscorrientes.com\/magistrados\/?attachment_id=5434\" class=\"wp-image-5434\" srcset=\"https:\/\/magistradoscorrientes.com\/magistrados\/wp-content\/uploads\/2021\/02\/118\u00b0-Asamblea-Extraordinaria-de-la-Junta-de-Gobierno-de-l-FAM-1024x1024.png 1024w, https:\/\/magistradoscorrientes.com\/magistrados\/wp-content\/uploads\/2021\/02\/118\u00b0-Asamblea-Extraordinaria-de-la-Junta-de-Gobierno-de-l-FAM-300x300.png 300w, https:\/\/magistradoscorrientes.com\/magistrados\/wp-content\/uploads\/2021\/02\/118\u00b0-Asamblea-Extraordinaria-de-la-Junta-de-Gobierno-de-l-FAM-150x150.png 150w, https:\/\/magistradoscorrientes.com\/magistrados\/wp-content\/uploads\/2021\/02\/118\u00b0-Asamblea-Extraordinaria-de-la-Junta-de-Gobierno-de-l-FAM-768x768.png 768w, https:\/\/magistradoscorrientes.com\/magistrados\/wp-content\/uploads\/2021\/02\/118\u00b0-Asamblea-Extraordinaria-de-la-Junta-de-Gobierno-de-l-FAM.png 1080w\" sizes=\"(max-width: 1024px) 100vw, 1024px\" \/><\/figure><\/li><li class=\"blocks-gallery-item\"><figure><img loading=\"lazy\" width=\"1024\" height=\"615\" src=\"http:\/\/magistradoscorrientes.com\/magistrados\/wp-content\/uploads\/2021\/02\/fam-foto-4-1024x615.jpg\" alt=\"\" data-id=\"5435\" data-full-url=\"http:\/\/magistradoscorrientes.com\/magistrados\/wp-content\/uploads\/2021\/02\/fam-foto-4.jpg\" data-link=\"http:\/\/magistradoscorrientes.com\/magistrados\/?attachment_id=5435\" class=\"wp-image-5435\" srcset=\"https:\/\/magistradoscorrientes.com\/magistrados\/wp-content\/uploads\/2021\/02\/fam-foto-4-1024x615.jpg 1024w, https:\/\/magistradoscorrientes.com\/magistrados\/wp-content\/uploads\/2021\/02\/fam-foto-4-300x180.jpg 300w, https:\/\/magistradoscorrientes.com\/magistrados\/wp-content\/uploads\/2021\/02\/fam-foto-4-768x462.jpg 768w, https:\/\/magistradoscorrientes.com\/magistrados\/wp-content\/uploads\/2021\/02\/fam-foto-4.jpg 1273w\" sizes=\"(max-width: 1024px) 100vw, 1024px\" \/><\/figure><\/li><\/ul><\/figure>\n","protected":false},"excerpt":{"rendered":"<p>La Junta de Gobierno de la Federaci\u00f3n Argentina de la Magistratura y Funci\u00f3n Judicial (FAM), en Asamblea Extraordinaria, realizada en la Ciudad Aut\u00f3noma de Buenos Aires los d\u00edas 11 y 12 de febrero de 2021. Con la asistencia de los y las representantes de las provincias de Chubut, Entre R\u00edos, La Pampa, Mendoza, Santa Fe, Tucum\u00e1n y la Ciudad Aut\u00f3noma [&hellip;]<\/p>\n","protected":false},"author":2,"featured_media":5435,"comment_status":"closed","ping_status":"open","sticky":false,"template":"","format":"standard","meta":{"ngg_post_thumbnail":0},"categories":[13],"tags":[],"_links":{"self":[{"href":"https:\/\/magistradoscorrientes.com\/magistrados\/wp-json\/wp\/v2\/posts\/5431"}],"collection":[{"href":"https:\/\/magistradoscorrientes.com\/magistrados\/wp-json\/wp\/v2\/posts"}],"about":[{"href":"https:\/\/magistradoscorrientes.com\/magistrados\/wp-json\/wp\/v2\/types\/post"}],"author":[{"embeddable":true,"href":"https:\/\/magistradoscorrientes.com\/magistrados\/wp-json\/wp\/v2\/users\/2"}],"replies":[{"embeddable":true,"href":"https:\/\/magistradoscorrientes.com\/magistrados\/wp-json\/wp\/v2\/comments?post=5431"}],"version-history":[{"count":1,"href":"https:\/\/magistradoscorrientes.com\/magistrados\/wp-json\/wp\/v2\/posts\/5431\/revisions"}],"predecessor-version":[{"id":5436,"href":"https:\/\/magistradoscorrientes.com\/magistrados\/wp-json\/wp\/v2\/posts\/5431\/revisions\/5436"}],"wp:featuredmedia":[{"embeddable":true,"href":"https:\/\/magistradoscorrientes.com\/magistrados\/wp-json\/wp\/v2\/media\/5435"}],"wp:attachment":[{"href":"https:\/\/magistradoscorrientes.com\/magistrados\/wp-json\/wp\/v2\/media?parent=5431"}],"wp:term":[{"taxonomy":"category","embeddable":true,"href":"https:\/\/magistradoscorrientes.com\/magistrados\/wp-json\/wp\/v2\/categories?post=5431"},{"taxonomy":"post_tag","embeddable":true,"href":"https:\/\/magistradoscorrientes.com\/magistrados\/wp-json\/wp\/v2\/tags?post=5431"}],"curies":[{"name":"wp","href":"https:\/\/api.w.org\/{rel}","templated":true}]}}