{"id":5465,"date":"2021-04-12T08:42:00","date_gmt":"2021-04-12T11:42:00","guid":{"rendered":"http:\/\/magistradoscorrientes.com\/magistrados\/?p=5465"},"modified":"2021-04-13T12:18:23","modified_gmt":"2021-04-13T15:18:23","slug":"descuento-para-asociados-en-carreras-de-la-facultad-de-derecho-de-la-unne","status":"publish","type":"post","link":"https:\/\/magistradoscorrientes.com\/magistrados\/descuento-para-asociados-en-carreras-de-la-facultad-de-derecho-de-la-unne\/","title":{"rendered":"Descuento para Asociados en carreras de la Facultad de Derecho de la UNNE"},"content":{"rendered":"\n<p>Asociados del Colegio de Magistrados y Funcionarios del Poder Judicial de Corrientes, tendr\u00e1n descuento en dos carreras de la Facultad de Derecho de la UNNE.<\/p>\n\n\n\n<p>Gracias a un convenio recientemente suscripto entre las partes asociados del Colegio de Magistrados, gozan del beneficio de descuento del 10% en aranceles de la <strong>6ta Cohorte de la Carrera de Posgrado \u2018\u2019Especializaci\u00f3n en Derecho Administrativo\u2019\u2019<\/strong> bajo la Direcci\u00f3n de la Dra. Mirta Gladis Sotelo de Andreau.<\/p>\n\n\n\n<p>Interesados en inscribirse a la Especializaci\u00f3n en Derecho Administrativo: https:\/\/docs.google.com\/forms\/d\/e\/1FAIpQLSfoCO5hk8JLKS9NG0ipqtzLZqf4GIwJlOSzRZ9Ap37VQs9XOA\/viewform<\/p>\n\n\n\n<p>\u2705 Informes en: especializacionda.6tacohorte@gmail.com<\/p>\n\n\n\n<p>\u2705 Duraci\u00f3n: dos a\u00f1os de cursado.<\/p>\n\n\n\n<p>\u2705 Cr\u00e9ditos Acad\u00e9micos: 40 cr\u00e9ditos.<\/p>\n\n\n\n<p>Adjuntamos im\u00e1genes del convenio presente y del programa en detalle.&nbsp;<\/p>\n\n\n\n<figure class=\"wp-block-gallery columns-1 is-cropped\"><ul class=\"blocks-gallery-grid\"><li class=\"blocks-gallery-item\"><figure><img loading=\"lazy\" width=\"1024\" height=\"769\" src=\"https:\/\/magistradoscorrientes.com\/magistrados\/wp-content\/uploads\/2021\/03\/WhatsApp-Image-2021-03-25-at-11.03.20.jpeg\" alt=\"\" data-id=\"5466\" data-full-url=\"https:\/\/magistradoscorrientes.com\/magistrados\/wp-content\/uploads\/2021\/03\/WhatsApp-Image-2021-03-25-at-11.03.20.jpeg\" data-link=\"https:\/\/magistradoscorrientes.com\/magistrados\/?attachment_id=5466\" class=\"wp-image-5466\" srcset=\"https:\/\/magistradoscorrientes.com\/magistrados\/wp-content\/uploads\/2021\/03\/WhatsApp-Image-2021-03-25-at-11.03.20.jpeg 1024w, https:\/\/magistradoscorrientes.com\/magistrados\/wp-content\/uploads\/2021\/03\/WhatsApp-Image-2021-03-25-at-11.03.20-300x225.jpeg 300w, https:\/\/magistradoscorrientes.com\/magistrados\/wp-content\/uploads\/2021\/03\/WhatsApp-Image-2021-03-25-at-11.03.20-768x577.jpeg 768w\" sizes=\"(max-width: 1024px) 100vw, 1024px\" \/><\/figure><\/li><\/ul><\/figure>\n\n\n\n<div class=\"wp-block-file\"><a href=\"https:\/\/magistradoscorrientes.com\/magistrados\/wp-content\/uploads\/2021\/03\/CEDA-6ta-Cohorte-1.pdf\"><strong>Programa de la Especializaci\u00f3n en Derecho Administrativo<\/strong> CEDA-6ta-Cohorte-1<\/a><a href=\"https:\/\/magistradoscorrientes.com\/magistrados\/wp-content\/uploads\/2021\/03\/CEDA-6ta-Cohorte-1.pdf\" class=\"wp-block-file__button\" download>Descarga<\/a><\/div>\n\n\n\n<p>Adem\u00e1s, Asociados podr\u00e1n acceder al 10% de descuento en cuotas o aranceles de la<strong> \u201cDiplomatura Superior en Derechos Humanos de las Mujeres\u2019\u2019<\/strong> a desarrollarse en la Facultad de Derecho de la UNNE.<\/p>\n\n\n\n<p>\u2705 Inicio: 17 de abril de 2021<br>\u2705 Directora: Dra M\u00f3nica An\u00eds<br>\u2705 Duraci\u00f3n: 10 meses<br>\u2705 Carga horaria: 270 horas.<br>\u2705 Modalidad. Virtual<\/p>\n\n\n\n<p><strong>Destinado a<\/strong>: Profesionales graduadas\/os con carreras universitarias de m\u00e1s de 4 a\u00f1os, interesado en la tem\u00e1tica.<\/p>\n\n\n\n<p><strong>IMPORTANTE:<\/strong> El descuento acordado NO es acumulable con el beneficio del mismo porcentaje para los cursantes portadores de la tarjeta del Graduado.<\/p>\n\n\n\n<figure class=\"wp-block-image size-large\"><img loading=\"lazy\" width=\"1024\" height=\"512\" src=\"https:\/\/magistradoscorrientes.com\/magistrados\/wp-content\/uploads\/2021\/04\/EulkbsGXYAMcUZI.jpg\" alt=\"\" class=\"wp-image-5509\" srcset=\"https:\/\/magistradoscorrientes.com\/magistrados\/wp-content\/uploads\/2021\/04\/EulkbsGXYAMcUZI.jpg 1024w, https:\/\/magistradoscorrientes.com\/magistrados\/wp-content\/uploads\/2021\/04\/EulkbsGXYAMcUZI-300x150.jpg 300w, https:\/\/magistradoscorrientes.com\/magistrados\/wp-content\/uploads\/2021\/04\/EulkbsGXYAMcUZI-768x384.jpg 768w\" sizes=\"(max-width: 1024px) 100vw, 1024px\" \/><\/figure>\n\n\n\n<p>Cabe recordar tambi\u00e9n que para la segunda mitad del presente a\u00f1o (Agosto),  Asociados podr\u00e1n inscribirse a la nueva Cohorte de la <strong>\u2018\u2019Maestr\u00eda en Magistratura y Funci\u00f3n Judicial\u2019\u2019<\/strong> gozando del mismo beneficio vigente.<\/p>\n\n\n\n<p>Pr\u00f3ximamente estaremos compartiendo mayor informaci\u00f3n sobre la misma.<\/p>\n","protected":false},"excerpt":{"rendered":"<p>Asociados del Colegio de Magistrados y Funcionarios del Poder Judicial de Corrientes, tendr\u00e1n descuento en dos carreras de la Facultad de Derecho de la UNNE. Gracias a un convenio recientemente suscripto entre las partes asociados del Colegio de Magistrados, gozan del beneficio de descuento del 10% en aranceles de la 6ta Cohorte de la Carrera de Posgrado \u2018\u2019Especializaci\u00f3n en Derecho [&hellip;]<\/p>\n","protected":false},"author":2,"featured_media":5467,"comment_status":"closed","ping_status":"open","sticky":false,"template":"","format":"standard","meta":{"ngg_post_thumbnail":0},"categories":[13],"tags":[],"_links":{"self":[{"href":"https:\/\/magistradoscorrientes.com\/magistrados\/wp-json\/wp\/v2\/posts\/5465"}],"collection":[{"href":"https:\/\/magistradoscorrientes.com\/magistrados\/wp-json\/wp\/v2\/posts"}],"about":[{"href":"https:\/\/magistradoscorrientes.com\/magistrados\/wp-json\/wp\/v2\/types\/post"}],"author":[{"embeddable":true,"href":"https:\/\/magistradoscorrientes.com\/magistrados\/wp-json\/wp\/v2\/users\/2"}],"replies":[{"embeddable":true,"href":"https:\/\/magistradoscorrientes.com\/magistrados\/wp-json\/wp\/v2\/comments?post=5465"}],"version-history":[{"count":5,"href":"https:\/\/magistradoscorrientes.com\/magistrados\/wp-json\/wp\/v2\/posts\/5465\/revisions"}],"predecessor-version":[{"id":5510,"href":"https:\/\/magistradoscorrientes.com\/magistrados\/wp-json\/wp\/v2\/posts\/5465\/revisions\/5510"}],"wp:featuredmedia":[{"embeddable":true,"href":"https:\/\/magistradoscorrientes.com\/magistrados\/wp-json\/wp\/v2\/media\/5467"}],"wp:attachment":[{"href":"https:\/\/magistradoscorrientes.com\/magistrados\/wp-json\/wp\/v2\/media?parent=5465"}],"wp:term":[{"taxonomy":"category","embeddable":true,"href":"https:\/\/magistradoscorrientes.com\/magistrados\/wp-json\/wp\/v2\/categories?post=5465"},{"taxonomy":"post_tag","embeddable":true,"href":"https:\/\/magistradoscorrientes.com\/magistrados\/wp-json\/wp\/v2\/tags?post=5465"}],"curies":[{"name":"wp","href":"https:\/\/api.w.org\/{rel}","templated":true}]}}