{"id":5487,"date":"2021-04-07T11:27:27","date_gmt":"2021-04-07T14:27:27","guid":{"rendered":"http:\/\/magistradoscorrientes.com\/magistrados\/?p=5487"},"modified":"2021-04-07T11:27:27","modified_gmt":"2021-04-07T14:27:27","slug":"santo-tome-hizo-entrega-de-donaciones-al-hogar-san-francisco-de-asis","status":"publish","type":"post","link":"https:\/\/magistradoscorrientes.com\/magistrados\/santo-tome-hizo-entrega-de-donaciones-al-hogar-san-francisco-de-asis\/","title":{"rendered":"Santo Tom\u00e9 hizo entrega de donaciones al Hogar \u00bbSan Francisco de As\u00eds\u00bb"},"content":{"rendered":"\n<p>Se concret\u00f3 el aporte solidario de Asociados de Santo Tom\u00e9 en el marco de la propuesta <a href=\"https:\/\/magistradoscorrientes.com\/magistrados\/gran-espiritu-solidario-de-asociados-en-toda-la-provincia\/\">\u2018<strong>\u2019Colegio Solidario\u2019\u2019<\/strong><\/a> bajo la consigna \u2018\u2019Alimentos no perecederos por un barbijo con logo del Colegio\u2019\u2019.<\/p>\n\n\n\n<p>De esta manera las mercader\u00edas reunidas fueron entregadas al Hogar de Ni\u00f1os \u00abSan Francisco de As\u00eds\u00bb en manos de la Se\u00f1ora M\u00f3nica Barrios quien muy amablemente recibi\u00f3 el aporte solidario de los Asociados.<\/p>\n\n\n\n<p>Much\u00edsimas gracias a quienes han colaborado en la Campa\u00f1a impulsada por nuestro Colegio ya que bien hemos hecho eco de la frase compartida d\u00edas atr\u00e1s:<\/p>\n\n\n\n<p>\u2018\u2019Que nuestros corazones renazcan con solidaridad y conciencia de las necesidades del pr\u00f3jimo y se expresen con gestos solidarios\u201d.<\/p>\n\n\n\n<figure class=\"wp-block-gallery columns-3 is-cropped\"><ul class=\"blocks-gallery-grid\"><li class=\"blocks-gallery-item\"><figure><img loading=\"lazy\" width=\"1024\" height=\"576\" src=\"http:\/\/magistradoscorrientes.com\/magistrados\/wp-content\/uploads\/2021\/04\/WhatsApp-Image-2021-04-07-at-11.06.06-1024x576.jpeg\" alt=\"\" data-id=\"5490\" data-full-url=\"http:\/\/magistradoscorrientes.com\/magistrados\/wp-content\/uploads\/2021\/04\/WhatsApp-Image-2021-04-07-at-11.06.06.jpeg\" data-link=\"http:\/\/magistradoscorrientes.com\/magistrados\/?attachment_id=5490\" class=\"wp-image-5490\" srcset=\"https:\/\/magistradoscorrientes.com\/magistrados\/wp-content\/uploads\/2021\/04\/WhatsApp-Image-2021-04-07-at-11.06.06-1024x576.jpeg 1024w, https:\/\/magistradoscorrientes.com\/magistrados\/wp-content\/uploads\/2021\/04\/WhatsApp-Image-2021-04-07-at-11.06.06-300x169.jpeg 300w, https:\/\/magistradoscorrientes.com\/magistrados\/wp-content\/uploads\/2021\/04\/WhatsApp-Image-2021-04-07-at-11.06.06-768x432.jpeg 768w, https:\/\/magistradoscorrientes.com\/magistrados\/wp-content\/uploads\/2021\/04\/WhatsApp-Image-2021-04-07-at-11.06.06.jpeg 1032w\" sizes=\"(max-width: 1024px) 100vw, 1024px\" \/><\/figure><\/li><li class=\"blocks-gallery-item\"><figure><img loading=\"lazy\" width=\"1024\" height=\"576\" src=\"http:\/\/magistradoscorrientes.com\/magistrados\/wp-content\/uploads\/2021\/04\/WhatsApp-Image-2021-04-07-at-11.06.07-1024x576.jpeg\" alt=\"\" data-id=\"5489\" data-full-url=\"http:\/\/magistradoscorrientes.com\/magistrados\/wp-content\/uploads\/2021\/04\/WhatsApp-Image-2021-04-07-at-11.06.07.jpeg\" data-link=\"http:\/\/magistradoscorrientes.com\/magistrados\/?attachment_id=5489\" class=\"wp-image-5489\" srcset=\"https:\/\/magistradoscorrientes.com\/magistrados\/wp-content\/uploads\/2021\/04\/WhatsApp-Image-2021-04-07-at-11.06.07-1024x576.jpeg 1024w, https:\/\/magistradoscorrientes.com\/magistrados\/wp-content\/uploads\/2021\/04\/WhatsApp-Image-2021-04-07-at-11.06.07-300x169.jpeg 300w, https:\/\/magistradoscorrientes.com\/magistrados\/wp-content\/uploads\/2021\/04\/WhatsApp-Image-2021-04-07-at-11.06.07-768x432.jpeg 768w, https:\/\/magistradoscorrientes.com\/magistrados\/wp-content\/uploads\/2021\/04\/WhatsApp-Image-2021-04-07-at-11.06.07.jpeg 1280w\" sizes=\"(max-width: 1024px) 100vw, 1024px\" \/><\/figure><\/li><li class=\"blocks-gallery-item\"><figure><img loading=\"lazy\" width=\"581\" height=\"326\" src=\"http:\/\/magistradoscorrientes.com\/magistrados\/wp-content\/uploads\/2021\/04\/WhatsApp-Image-2021-04-07-at-11.06.08.jpeg\" alt=\"\" data-id=\"5488\" data-full-url=\"http:\/\/magistradoscorrientes.com\/magistrados\/wp-content\/uploads\/2021\/04\/WhatsApp-Image-2021-04-07-at-11.06.08.jpeg\" data-link=\"http:\/\/magistradoscorrientes.com\/magistrados\/?attachment_id=5488\" class=\"wp-image-5488\" srcset=\"https:\/\/magistradoscorrientes.com\/magistrados\/wp-content\/uploads\/2021\/04\/WhatsApp-Image-2021-04-07-at-11.06.08.jpeg 581w, https:\/\/magistradoscorrientes.com\/magistrados\/wp-content\/uploads\/2021\/04\/WhatsApp-Image-2021-04-07-at-11.06.08-300x168.jpeg 300w\" sizes=\"(max-width: 581px) 100vw, 581px\" \/><\/figure><\/li><\/ul><\/figure>\n","protected":false},"excerpt":{"rendered":"<p>Se concret\u00f3 el aporte solidario de Asociados de Santo Tom\u00e9 en el marco de la propuesta \u2018\u2019Colegio Solidario\u2019\u2019 bajo la consigna \u2018\u2019Alimentos no perecederos por un barbijo con logo del Colegio\u2019\u2019. De esta manera las mercader\u00edas reunidas fueron entregadas al Hogar de Ni\u00f1os \u00abSan Francisco de As\u00eds\u00bb en manos de la Se\u00f1ora M\u00f3nica Barrios quien muy amablemente recibi\u00f3 el aporte [&hellip;]<\/p>\n","protected":false},"author":2,"featured_media":5490,"comment_status":"closed","ping_status":"open","sticky":false,"template":"","format":"standard","meta":{"ngg_post_thumbnail":0},"categories":[13],"tags":[],"_links":{"self":[{"href":"https:\/\/magistradoscorrientes.com\/magistrados\/wp-json\/wp\/v2\/posts\/5487"}],"collection":[{"href":"https:\/\/magistradoscorrientes.com\/magistrados\/wp-json\/wp\/v2\/posts"}],"about":[{"href":"https:\/\/magistradoscorrientes.com\/magistrados\/wp-json\/wp\/v2\/types\/post"}],"author":[{"embeddable":true,"href":"https:\/\/magistradoscorrientes.com\/magistrados\/wp-json\/wp\/v2\/users\/2"}],"replies":[{"embeddable":true,"href":"https:\/\/magistradoscorrientes.com\/magistrados\/wp-json\/wp\/v2\/comments?post=5487"}],"version-history":[{"count":1,"href":"https:\/\/magistradoscorrientes.com\/magistrados\/wp-json\/wp\/v2\/posts\/5487\/revisions"}],"predecessor-version":[{"id":5491,"href":"https:\/\/magistradoscorrientes.com\/magistrados\/wp-json\/wp\/v2\/posts\/5487\/revisions\/5491"}],"wp:featuredmedia":[{"embeddable":true,"href":"https:\/\/magistradoscorrientes.com\/magistrados\/wp-json\/wp\/v2\/media\/5490"}],"wp:attachment":[{"href":"https:\/\/magistradoscorrientes.com\/magistrados\/wp-json\/wp\/v2\/media?parent=5487"}],"wp:term":[{"taxonomy":"category","embeddable":true,"href":"https:\/\/magistradoscorrientes.com\/magistrados\/wp-json\/wp\/v2\/categories?post=5487"},{"taxonomy":"post_tag","embeddable":true,"href":"https:\/\/magistradoscorrientes.com\/magistrados\/wp-json\/wp\/v2\/tags?post=5487"}],"curies":[{"name":"wp","href":"https:\/\/api.w.org\/{rel}","templated":true}]}}