{"id":5618,"date":"2021-07-27T17:54:23","date_gmt":"2021-07-27T20:54:23","guid":{"rendered":"http:\/\/magistradoscorrientes.com\/magistrados\/?p=5618"},"modified":"2021-07-27T17:54:23","modified_gmt":"2021-07-27T20:54:23","slug":"participacion-de-la-direccion-del-secretariado-en-fam","status":"publish","type":"post","link":"https:\/\/magistradoscorrientes.com\/magistrados\/participacion-de-la-direccion-del-secretariado-en-fam\/","title":{"rendered":"Participaci\u00f3n de la Direcci\u00f3n del Secretariado en FAM"},"content":{"rendered":"\n<p>La Mesa Ejecutiva de la Federaci\u00f3n Argentina de la Magistratura se reuni\u00f3 v\u00eda Zoom, con la participaci\u00f3n &#8211; por primera vez- de las autoridades de la Direcci\u00f3n del Secretariado y Funciones Judiciales Afines de la Federaci\u00f3n Argentina de la Magistratura, el Doctor Pablo Mariano Lazzeri y la doctora Mar\u00eda Jos\u00e9 \u00abMaico\u00bb Barrero. <\/p>\n\n\n\n<p>Cabe recordar, que un hito hist\u00f3rico para el asociacionismo judicial, secretarias y secretarios <strong><a href=\"https:\/\/magistradoscorrientes.com\/magistrados\/creacion-de-la-direccion-del-secretariado-y-funciones-judiciales-afines\/\">se incorporaron a la conducci\u00f3n de la Federaci\u00f3n<\/a><\/strong> a trav\u00e9s de la creaci\u00f3n de la <a href=\"https:\/\/magistradoscorrientes.com\/magistrados\/representacion-correntina-en-la-primera-direccion-del-secretariado-y-funciones-judiciales-afines-de-fam\/\"><strong>Direcci\u00f3n Nacional del Secretariado y Funciones Judiciales Afines,<\/strong><\/a> decisi\u00f3n que adopt\u00f3 la Junta de Gobierno en su 120\u00b0 Asamblea Extraordinaria efectuada el pasado viernes 11 de junio. <\/p>\n\n\n\n<figure class=\"wp-block-image size-large\"><img loading=\"lazy\" width=\"1024\" height=\"576\" src=\"http:\/\/magistradoscorrientes.com\/magistrados\/wp-content\/uploads\/2021\/07\/WhatsApp-Image-2021-07-27-at-17.30.38-1024x576.jpeg\" alt=\"\" class=\"wp-image-5620\" srcset=\"https:\/\/magistradoscorrientes.com\/magistrados\/wp-content\/uploads\/2021\/07\/WhatsApp-Image-2021-07-27-at-17.30.38-1024x576.jpeg 1024w, https:\/\/magistradoscorrientes.com\/magistrados\/wp-content\/uploads\/2021\/07\/WhatsApp-Image-2021-07-27-at-17.30.38-300x169.jpeg 300w, https:\/\/magistradoscorrientes.com\/magistrados\/wp-content\/uploads\/2021\/07\/WhatsApp-Image-2021-07-27-at-17.30.38-768x432.jpeg 768w, https:\/\/magistradoscorrientes.com\/magistrados\/wp-content\/uploads\/2021\/07\/WhatsApp-Image-2021-07-27-at-17.30.38-1536x864.jpeg 1536w, https:\/\/magistradoscorrientes.com\/magistrados\/wp-content\/uploads\/2021\/07\/WhatsApp-Image-2021-07-27-at-17.30.38.jpeg 1600w\" sizes=\"(max-width: 1024px) 100vw, 1024px\" \/><\/figure>\n","protected":false},"excerpt":{"rendered":"<p>La Mesa Ejecutiva de la Federaci\u00f3n Argentina de la Magistratura se reuni\u00f3 v\u00eda Zoom, con la participaci\u00f3n &#8211; por primera vez- de las autoridades de la Direcci\u00f3n del Secretariado y Funciones Judiciales Afines de la Federaci\u00f3n Argentina de la Magistratura, el Doctor Pablo Mariano Lazzeri y la doctora Mar\u00eda Jos\u00e9 \u00abMaico\u00bb Barrero. Cabe recordar, que un hito hist\u00f3rico para el [&hellip;]<\/p>\n","protected":false},"author":2,"featured_media":5619,"comment_status":"closed","ping_status":"open","sticky":false,"template":"","format":"standard","meta":{"ngg_post_thumbnail":0},"categories":[13],"tags":[],"_links":{"self":[{"href":"https:\/\/magistradoscorrientes.com\/magistrados\/wp-json\/wp\/v2\/posts\/5618"}],"collection":[{"href":"https:\/\/magistradoscorrientes.com\/magistrados\/wp-json\/wp\/v2\/posts"}],"about":[{"href":"https:\/\/magistradoscorrientes.com\/magistrados\/wp-json\/wp\/v2\/types\/post"}],"author":[{"embeddable":true,"href":"https:\/\/magistradoscorrientes.com\/magistrados\/wp-json\/wp\/v2\/users\/2"}],"replies":[{"embeddable":true,"href":"https:\/\/magistradoscorrientes.com\/magistrados\/wp-json\/wp\/v2\/comments?post=5618"}],"version-history":[{"count":1,"href":"https:\/\/magistradoscorrientes.com\/magistrados\/wp-json\/wp\/v2\/posts\/5618\/revisions"}],"predecessor-version":[{"id":5621,"href":"https:\/\/magistradoscorrientes.com\/magistrados\/wp-json\/wp\/v2\/posts\/5618\/revisions\/5621"}],"wp:featuredmedia":[{"embeddable":true,"href":"https:\/\/magistradoscorrientes.com\/magistrados\/wp-json\/wp\/v2\/media\/5619"}],"wp:attachment":[{"href":"https:\/\/magistradoscorrientes.com\/magistrados\/wp-json\/wp\/v2\/media?parent=5618"}],"wp:term":[{"taxonomy":"category","embeddable":true,"href":"https:\/\/magistradoscorrientes.com\/magistrados\/wp-json\/wp\/v2\/categories?post=5618"},{"taxonomy":"post_tag","embeddable":true,"href":"https:\/\/magistradoscorrientes.com\/magistrados\/wp-json\/wp\/v2\/tags?post=5618"}],"curies":[{"name":"wp","href":"https:\/\/api.w.org\/{rel}","templated":true}]}}