{"id":5640,"date":"2021-08-15T06:16:37","date_gmt":"2021-08-15T09:16:37","guid":{"rendered":"http:\/\/magistradoscorrientes.com\/magistrados\/?p=5640"},"modified":"2021-08-15T06:26:56","modified_gmt":"2021-08-15T09:26:56","slug":"celebracion-de-las-infancias-feliz-en-paso-de-los-libres","status":"publish","type":"post","link":"https:\/\/magistradoscorrientes.com\/magistrados\/celebracion-de-las-infancias-feliz-en-paso-de-los-libres\/","title":{"rendered":"Celebraci\u00f3n feliz del \u00bbD\u00eda de las Infancias\u00bb en Paso de los Libres"},"content":{"rendered":"\n<p>Se celebra el <strong>\u2018\u2019D\u00eda del Ni\u00f1o o de las Infancias\u2019\u2019<\/strong> en nuestro pa\u00eds y gratamente compartimos un nuevo gesto solidario de Asociados de la IV Circunscripci\u00f3n de Paso de los Libres en el marco de la <strong><a href=\"https:\/\/magistradoscorrientes.com\/magistrados\/colegio-solidario-entrega-de-elementos-al-comedor-la-union-de-paso-de-los-libres\/\">Campa\u00f1a \u00bbUn barbijo con el logo del Colegio por alimentos no perecederos\u00bb.<\/a><\/strong> <\/p>\n\n\n\n<p>Continuando con el objetivo de extender manos solidarias y construir redes de apoyo y contenci\u00f3n, integrantes del Juzgado de Familia, del Juzgado Civil, Comercial y Laboral y personal del Tribunal Oral Penal y Oficina de Notificaciones reunieron dinero, mercader\u00edas y elementos varios para hacer entrega a la responsable del Comedor \u2018\u2019La Uni\u00f3n\u2019\u2019 en el barrio Ombucito.<\/p>\n\n\n\n<figure class=\"wp-block-image size-large\"><img loading=\"lazy\" width=\"1024\" height=\"871\" src=\"http:\/\/magistradoscorrientes.com\/magistrados\/wp-content\/uploads\/2021\/08\/WhatsApp-Image-2021-08-14-at-14.50.09-1024x871.jpeg\" alt=\"\" class=\"wp-image-5641\" srcset=\"https:\/\/magistradoscorrientes.com\/magistrados\/wp-content\/uploads\/2021\/08\/WhatsApp-Image-2021-08-14-at-14.50.09-1024x871.jpeg 1024w, https:\/\/magistradoscorrientes.com\/magistrados\/wp-content\/uploads\/2021\/08\/WhatsApp-Image-2021-08-14-at-14.50.09-300x255.jpeg 300w, https:\/\/magistradoscorrientes.com\/magistrados\/wp-content\/uploads\/2021\/08\/WhatsApp-Image-2021-08-14-at-14.50.09-768x653.jpeg 768w, https:\/\/magistradoscorrientes.com\/magistrados\/wp-content\/uploads\/2021\/08\/WhatsApp-Image-2021-08-14-at-14.50.09.jpeg 1529w\" sizes=\"(max-width: 1024px) 100vw, 1024px\" \/><\/figure>\n\n\n\n<p>\u2018\u2019Un mensaje nos lleg\u00f3 por parte de la responsable del Comedor coment\u00e1ndonos que organizaba un chocolate para agasajar a m\u00e1s de 100 chicos de la zona. Nos pidi\u00f3 colaborar con bollitos, bizcochitos para compartirles\u2019\u2019, detall\u00f3 la Doctora Beatriz Batalla.<\/p>\n\n\n\n<p>\u2018\u2019R\u00e1pidamente nos organizamos y a cambio del barbijo con el logo del Colegio pedimos una colaboraci\u00f3n solidaria y con lo reunido se compr\u00f3 450 bollitos. Adem\u00e1s, hicimos una nueva entrega de ropas, calzados, abrigos, frazadas y mantas\u2019\u2019.<\/p>\n\n\n\n<p>Personal del Juzgado de Familia, del Juzgado Civil, Comercial y Laboral acerc\u00f3 las donaciones hasta el lugar en dos autos particulares. &nbsp;<\/p>\n\n\n\n<p>\u2018\u2019Estamos muy felices de haber colaborado con la responsable del Comedor. Estaba muy emocionada por poder compartirles el agasajo. Con la suma de dinero reunida se pudo comprar en la panader\u00eda bollitos y bizcochos\u2019\u2019.<\/p>\n\n\n\n<p>\u2018\u2019Gracias a quienes sumaron nuevamente su aporte desinteresado. Seguimos colaborando y juntando siempre que podamos varias cosas. Ya los equipos de trabajo son todos muy solidarios, siempre todos est\u00e1n muy predispuestos a ayudar\u2019\u2019, finaliz\u00f3 la Dra Batalla.<\/p>\n","protected":false},"excerpt":{"rendered":"<p>Se celebra el \u2018\u2019D\u00eda del Ni\u00f1o o de las Infancias\u2019\u2019 en nuestro pa\u00eds y gratamente compartimos un nuevo gesto solidario de Asociados de la IV Circunscripci\u00f3n de Paso de los Libres en el marco de la Campa\u00f1a \u00bbUn barbijo con el logo del Colegio por alimentos no perecederos\u00bb. Continuando con el objetivo de extender manos solidarias y construir redes de [&hellip;]<\/p>\n","protected":false},"author":2,"featured_media":5642,"comment_status":"closed","ping_status":"open","sticky":false,"template":"","format":"standard","meta":{"ngg_post_thumbnail":0},"categories":[13],"tags":[],"_links":{"self":[{"href":"https:\/\/magistradoscorrientes.com\/magistrados\/wp-json\/wp\/v2\/posts\/5640"}],"collection":[{"href":"https:\/\/magistradoscorrientes.com\/magistrados\/wp-json\/wp\/v2\/posts"}],"about":[{"href":"https:\/\/magistradoscorrientes.com\/magistrados\/wp-json\/wp\/v2\/types\/post"}],"author":[{"embeddable":true,"href":"https:\/\/magistradoscorrientes.com\/magistrados\/wp-json\/wp\/v2\/users\/2"}],"replies":[{"embeddable":true,"href":"https:\/\/magistradoscorrientes.com\/magistrados\/wp-json\/wp\/v2\/comments?post=5640"}],"version-history":[{"count":5,"href":"https:\/\/magistradoscorrientes.com\/magistrados\/wp-json\/wp\/v2\/posts\/5640\/revisions"}],"predecessor-version":[{"id":5647,"href":"https:\/\/magistradoscorrientes.com\/magistrados\/wp-json\/wp\/v2\/posts\/5640\/revisions\/5647"}],"wp:featuredmedia":[{"embeddable":true,"href":"https:\/\/magistradoscorrientes.com\/magistrados\/wp-json\/wp\/v2\/media\/5642"}],"wp:attachment":[{"href":"https:\/\/magistradoscorrientes.com\/magistrados\/wp-json\/wp\/v2\/media?parent=5640"}],"wp:term":[{"taxonomy":"category","embeddable":true,"href":"https:\/\/magistradoscorrientes.com\/magistrados\/wp-json\/wp\/v2\/categories?post=5640"},{"taxonomy":"post_tag","embeddable":true,"href":"https:\/\/magistradoscorrientes.com\/magistrados\/wp-json\/wp\/v2\/tags?post=5640"}],"curies":[{"name":"wp","href":"https:\/\/api.w.org\/{rel}","templated":true}]}}