{"id":5650,"date":"2021-08-23T20:54:33","date_gmt":"2021-08-23T23:54:33","guid":{"rendered":"http:\/\/magistradoscorrientes.com\/magistrados\/?p=5650"},"modified":"2021-08-23T20:55:25","modified_gmt":"2021-08-23T23:55:25","slug":"reunion-con-el-sr-presidente-del-stj-por-recomposicion-salarial","status":"publish","type":"post","link":"https:\/\/magistradoscorrientes.com\/magistrados\/reunion-con-el-sr-presidente-del-stj-por-recomposicion-salarial\/","title":{"rendered":"Reuni\u00f3n con el Sr Presidente del STJ por recomposici\u00f3n salarial"},"content":{"rendered":"\n<p>En el d\u00eda de la fecha, la Comisi\u00f3n Directiva de nuestro Colegio se entrevist\u00f3 con el Sr Presidente del STJ, Dr Luis Eduardo Rey V\u00e1zquez presentando simult\u00e1neamente una nota reiteratoria del pedido de recomposici\u00f3n salarial para magistrados, funcionarios y agentes judiciales.<\/p>\n\n\n\n<figure class=\"wp-block-gallery columns-3 is-cropped\"><ul class=\"blocks-gallery-grid\"><li class=\"blocks-gallery-item\"><figure><img loading=\"lazy\" width=\"1024\" height=\"768\" src=\"https:\/\/magistradoscorrientes.com\/magistrados\/wp-content\/uploads\/2021\/08\/WhatsApp-Image-2021-08-23-at-13.24.24-1024x768.jpeg\" alt=\"\" data-id=\"5651\" data-full-url=\"https:\/\/magistradoscorrientes.com\/magistrados\/wp-content\/uploads\/2021\/08\/WhatsApp-Image-2021-08-23-at-13.24.24.jpeg\" data-link=\"https:\/\/magistradoscorrientes.com\/magistrados\/?attachment_id=5651\" class=\"wp-image-5651\" srcset=\"https:\/\/magistradoscorrientes.com\/magistrados\/wp-content\/uploads\/2021\/08\/WhatsApp-Image-2021-08-23-at-13.24.24-1024x768.jpeg 1024w, https:\/\/magistradoscorrientes.com\/magistrados\/wp-content\/uploads\/2021\/08\/WhatsApp-Image-2021-08-23-at-13.24.24-300x225.jpeg 300w, https:\/\/magistradoscorrientes.com\/magistrados\/wp-content\/uploads\/2021\/08\/WhatsApp-Image-2021-08-23-at-13.24.24-768x576.jpeg 768w, https:\/\/magistradoscorrientes.com\/magistrados\/wp-content\/uploads\/2021\/08\/WhatsApp-Image-2021-08-23-at-13.24.24.jpeg 1032w\" sizes=\"(max-width: 1024px) 100vw, 1024px\" \/><\/figure><\/li><li class=\"blocks-gallery-item\"><figure><img loading=\"lazy\" width=\"1024\" height=\"498\" src=\"https:\/\/magistradoscorrientes.com\/magistrados\/wp-content\/uploads\/2021\/08\/WhatsApp-Image-2021-08-23-at-13.24.23-1024x498.jpeg\" alt=\"\" data-id=\"5652\" data-full-url=\"https:\/\/magistradoscorrientes.com\/magistrados\/wp-content\/uploads\/2021\/08\/WhatsApp-Image-2021-08-23-at-13.24.23.jpeg\" data-link=\"https:\/\/magistradoscorrientes.com\/magistrados\/?attachment_id=5652\" class=\"wp-image-5652\" srcset=\"https:\/\/magistradoscorrientes.com\/magistrados\/wp-content\/uploads\/2021\/08\/WhatsApp-Image-2021-08-23-at-13.24.23-1024x498.jpeg 1024w, https:\/\/magistradoscorrientes.com\/magistrados\/wp-content\/uploads\/2021\/08\/WhatsApp-Image-2021-08-23-at-13.24.23-300x146.jpeg 300w, https:\/\/magistradoscorrientes.com\/magistrados\/wp-content\/uploads\/2021\/08\/WhatsApp-Image-2021-08-23-at-13.24.23-768x373.jpeg 768w, https:\/\/magistradoscorrientes.com\/magistrados\/wp-content\/uploads\/2021\/08\/WhatsApp-Image-2021-08-23-at-13.24.23-825x400.jpeg 825w, https:\/\/magistradoscorrientes.com\/magistrados\/wp-content\/uploads\/2021\/08\/WhatsApp-Image-2021-08-23-at-13.24.23.jpeg 1280w\" sizes=\"(max-width: 1024px) 100vw, 1024px\" \/><\/figure><\/li><li class=\"blocks-gallery-item\"><figure><img loading=\"lazy\" width=\"1024\" height=\"768\" src=\"https:\/\/magistradoscorrientes.com\/magistrados\/wp-content\/uploads\/2021\/08\/WhatsApp-Image-2021-08-23-at-13.58.35-1024x768.jpeg\" alt=\"\" data-id=\"5653\" data-full-url=\"https:\/\/magistradoscorrientes.com\/magistrados\/wp-content\/uploads\/2021\/08\/WhatsApp-Image-2021-08-23-at-13.58.35.jpeg\" data-link=\"https:\/\/magistradoscorrientes.com\/magistrados\/?attachment_id=5653\" class=\"wp-image-5653\" srcset=\"https:\/\/magistradoscorrientes.com\/magistrados\/wp-content\/uploads\/2021\/08\/WhatsApp-Image-2021-08-23-at-13.58.35-1024x768.jpeg 1024w, https:\/\/magistradoscorrientes.com\/magistrados\/wp-content\/uploads\/2021\/08\/WhatsApp-Image-2021-08-23-at-13.58.35-300x225.jpeg 300w, https:\/\/magistradoscorrientes.com\/magistrados\/wp-content\/uploads\/2021\/08\/WhatsApp-Image-2021-08-23-at-13.58.35-768x576.jpeg 768w, https:\/\/magistradoscorrientes.com\/magistrados\/wp-content\/uploads\/2021\/08\/WhatsApp-Image-2021-08-23-at-13.58.35-1536x1152.jpeg 1536w, https:\/\/magistradoscorrientes.com\/magistrados\/wp-content\/uploads\/2021\/08\/WhatsApp-Image-2021-08-23-at-13.58.35.jpeg 1600w\" sizes=\"(max-width: 1024px) 100vw, 1024px\" \/><\/figure><\/li><li class=\"blocks-gallery-item\"><figure><img loading=\"lazy\" width=\"1024\" height=\"768\" src=\"https:\/\/magistradoscorrientes.com\/magistrados\/wp-content\/uploads\/2021\/08\/WhatsApp-Image-2021-08-23-at-13.58.34-1-1024x768.jpeg\" alt=\"\" data-id=\"5654\" data-full-url=\"https:\/\/magistradoscorrientes.com\/magistrados\/wp-content\/uploads\/2021\/08\/WhatsApp-Image-2021-08-23-at-13.58.34-1.jpeg\" data-link=\"https:\/\/magistradoscorrientes.com\/magistrados\/?attachment_id=5654\" class=\"wp-image-5654\" srcset=\"https:\/\/magistradoscorrientes.com\/magistrados\/wp-content\/uploads\/2021\/08\/WhatsApp-Image-2021-08-23-at-13.58.34-1-1024x768.jpeg 1024w, https:\/\/magistradoscorrientes.com\/magistrados\/wp-content\/uploads\/2021\/08\/WhatsApp-Image-2021-08-23-at-13.58.34-1-300x225.jpeg 300w, https:\/\/magistradoscorrientes.com\/magistrados\/wp-content\/uploads\/2021\/08\/WhatsApp-Image-2021-08-23-at-13.58.34-1-768x576.jpeg 768w, https:\/\/magistradoscorrientes.com\/magistrados\/wp-content\/uploads\/2021\/08\/WhatsApp-Image-2021-08-23-at-13.58.34-1-1536x1152.jpeg 1536w, https:\/\/magistradoscorrientes.com\/magistrados\/wp-content\/uploads\/2021\/08\/WhatsApp-Image-2021-08-23-at-13.58.34-1.jpeg 1600w\" sizes=\"(max-width: 1024px) 100vw, 1024px\" \/><\/figure><\/li><li class=\"blocks-gallery-item\"><figure><img loading=\"lazy\" width=\"1024\" height=\"768\" src=\"https:\/\/magistradoscorrientes.com\/magistrados\/wp-content\/uploads\/2021\/08\/WhatsApp-Image-2021-08-23-at-13.58.34-1024x768.jpeg\" alt=\"\" data-id=\"5655\" data-full-url=\"https:\/\/magistradoscorrientes.com\/magistrados\/wp-content\/uploads\/2021\/08\/WhatsApp-Image-2021-08-23-at-13.58.34.jpeg\" data-link=\"https:\/\/magistradoscorrientes.com\/magistrados\/?attachment_id=5655\" class=\"wp-image-5655\" srcset=\"https:\/\/magistradoscorrientes.com\/magistrados\/wp-content\/uploads\/2021\/08\/WhatsApp-Image-2021-08-23-at-13.58.34-1024x768.jpeg 1024w, https:\/\/magistradoscorrientes.com\/magistrados\/wp-content\/uploads\/2021\/08\/WhatsApp-Image-2021-08-23-at-13.58.34-300x225.jpeg 300w, https:\/\/magistradoscorrientes.com\/magistrados\/wp-content\/uploads\/2021\/08\/WhatsApp-Image-2021-08-23-at-13.58.34-768x576.jpeg 768w, https:\/\/magistradoscorrientes.com\/magistrados\/wp-content\/uploads\/2021\/08\/WhatsApp-Image-2021-08-23-at-13.58.34-1536x1152.jpeg 1536w, https:\/\/magistradoscorrientes.com\/magistrados\/wp-content\/uploads\/2021\/08\/WhatsApp-Image-2021-08-23-at-13.58.34.jpeg 1600w\" sizes=\"(max-width: 1024px) 100vw, 1024px\" \/><\/figure><\/li><\/ul><\/figure>\n\n\n\n<p>Durante la reuni\u00f3n se expres\u00f3 con \u00e9nfasis la profunda preocupaci\u00f3n de los asociados del Colegio ante el desajuste desproporcionado de las remuneraciones frente a la situaci\u00f3n inflacionaria.<\/p>\n\n\n\n<p>Se hizo hincapi\u00e9 en la necesidad de que se tenga en cuenta la situaci\u00f3n laboral que nos impide contar con otros ingresos y en la importancia de la funci\u00f3n judicial para la resoluci\u00f3n de la conflictividad social, mencion\u00e1ndose expresamente que los sueldos de los magistrados y funcionarios de Corrientes se encuentran debajo de la media nacional seg\u00fan datos de la Federaci\u00f3n Argentina de la Magistratura.<\/p>\n\n\n\n<p>Adem\u00e1s se focaliz\u00f3 en la necesidad de que se realicen pronta y firmemente las gestiones para obtener un refuerzo de partidas, haciendo ver que el servicio de justicia solo se activa ante el trabajo de sus operadores, los que de un tiempo a esta parte sienten que su funci\u00f3n se encuentra desvalorizada, siendo la retribuci\u00f3n uno de los tantos aspectos que manifiestan tambi\u00e9n tal situaci\u00f3n.<\/p>\n\n\n\n<p>La reuni\u00f3n se desarroll\u00f3 en un clima de buen di\u00e1logo, tras lo cual el Sr. Presidente se comprometi\u00f3 a trasladar a sus pares las cuestiones planteadas a fin de realizar gestiones ante el Poder Ejecutivo en el sentido peticionado.<\/p>\n","protected":false},"excerpt":{"rendered":"<p>En el d\u00eda de la fecha, la Comisi\u00f3n Directiva de nuestro Colegio se entrevist\u00f3 con el Sr Presidente del STJ, Dr Luis Eduardo Rey V\u00e1zquez presentando simult\u00e1neamente una nota reiteratoria del pedido de recomposici\u00f3n salarial para magistrados, funcionarios y agentes judiciales. Durante la reuni\u00f3n se expres\u00f3 con \u00e9nfasis la profunda preocupaci\u00f3n de los asociados del Colegio ante el desajuste desproporcionado [&hellip;]<\/p>\n","protected":false},"author":2,"featured_media":5653,"comment_status":"closed","ping_status":"open","sticky":false,"template":"","format":"standard","meta":{"ngg_post_thumbnail":0},"categories":[13],"tags":[],"_links":{"self":[{"href":"https:\/\/magistradoscorrientes.com\/magistrados\/wp-json\/wp\/v2\/posts\/5650"}],"collection":[{"href":"https:\/\/magistradoscorrientes.com\/magistrados\/wp-json\/wp\/v2\/posts"}],"about":[{"href":"https:\/\/magistradoscorrientes.com\/magistrados\/wp-json\/wp\/v2\/types\/post"}],"author":[{"embeddable":true,"href":"https:\/\/magistradoscorrientes.com\/magistrados\/wp-json\/wp\/v2\/users\/2"}],"replies":[{"embeddable":true,"href":"https:\/\/magistradoscorrientes.com\/magistrados\/wp-json\/wp\/v2\/comments?post=5650"}],"version-history":[{"count":1,"href":"https:\/\/magistradoscorrientes.com\/magistrados\/wp-json\/wp\/v2\/posts\/5650\/revisions"}],"predecessor-version":[{"id":5656,"href":"https:\/\/magistradoscorrientes.com\/magistrados\/wp-json\/wp\/v2\/posts\/5650\/revisions\/5656"}],"wp:featuredmedia":[{"embeddable":true,"href":"https:\/\/magistradoscorrientes.com\/magistrados\/wp-json\/wp\/v2\/media\/5653"}],"wp:attachment":[{"href":"https:\/\/magistradoscorrientes.com\/magistrados\/wp-json\/wp\/v2\/media?parent=5650"}],"wp:term":[{"taxonomy":"category","embeddable":true,"href":"https:\/\/magistradoscorrientes.com\/magistrados\/wp-json\/wp\/v2\/categories?post=5650"},{"taxonomy":"post_tag","embeddable":true,"href":"https:\/\/magistradoscorrientes.com\/magistrados\/wp-json\/wp\/v2\/tags?post=5650"}],"curies":[{"name":"wp","href":"https:\/\/api.w.org\/{rel}","templated":true}]}}