{"id":5657,"date":"2021-08-30T23:32:58","date_gmt":"2021-08-31T02:32:58","guid":{"rendered":"http:\/\/magistradoscorrientes.com\/magistrados\/?p=5657"},"modified":"2021-08-30T23:32:58","modified_gmt":"2021-08-31T02:32:58","slug":"enfatico-reclamo-de-recomposicion-salarial-de-magistrados-y-funcionarios-del-poder-judicial","status":"publish","type":"post","link":"https:\/\/magistradoscorrientes.com\/magistrados\/enfatico-reclamo-de-recomposicion-salarial-de-magistrados-y-funcionarios-del-poder-judicial\/","title":{"rendered":"Enf\u00e1tico reclamo de recomposici\u00f3n salarial de magistrados y funcionarios del Poder Judicial"},"content":{"rendered":"\n<p>Corrientes, Martes 31 de Agosto de 2021.-<\/p>\n\n\n\n<p>El Colegio de Magistrados y Funcionarios de la Provincia de Corrientes, se expresa de manera enf\u00e1tica en reclamo de una <strong><em>recomposici\u00f3n de las remuneraciones de los magistrados y funcionarios del Poder Judicial de esta provincia, <\/em><\/strong>luego de haber formulado reiterados planteos ante el Superior Tribunal de Justicia, sin lograr que se recepte nuestro pedido, que debe ser tratado de manera prioritaria.&nbsp;<\/p>\n\n\n\n<p>&nbsp;&nbsp;&nbsp;&nbsp;&nbsp;&nbsp;&nbsp;&nbsp;&nbsp;&nbsp;&nbsp; Recordamos que por imperativo constitucional, el salario es el <em>\u00fanico sost\u00e9n de vida<\/em> de quienes cumplimos funci\u00f3n judicial, siendo ella incompatible con la obtenci\u00f3n de otros beneficios econ\u00f3micos generados por otras fuentes laborales.<\/p>\n\n\n\n<p>&nbsp;&nbsp;&nbsp;&nbsp;&nbsp;&nbsp;&nbsp;&nbsp;&nbsp;&nbsp;&nbsp; El sostenimiento de una vida decorosa, con ingresos suficientes para atender las necesidades primordiales de la vida, es un eje fundamental de la independencia judicial. Esta garant\u00eda pertenece a los ciudadanos, quienes al confiar sus conflictos a los jueces esperan que \u00e9stos se concentren en sus decisiones y no a la b\u00fasqueda de otros ingresos para su subsistencia.<\/p>\n\n\n\n<p>&nbsp;&nbsp;&nbsp;&nbsp;&nbsp;&nbsp;&nbsp;&nbsp;&nbsp;&nbsp;&nbsp; En estos tiempos inflacionarios como los que estamos atravesando, el poder adquisitivo de la moneda se ve disminuido sustancialmente, lo que impacta en la econom\u00eda familiar y dificulta el cumplimiento de los compromisos asumidos.<\/p>\n\n\n\n<p>&nbsp;&nbsp;&nbsp;&nbsp;&nbsp;&nbsp;&nbsp;&nbsp;&nbsp;&nbsp;&nbsp; El porcentaje asignado a comienzos de a\u00f1o por actualizaci\u00f3n salarial para magistrados y funcionarios (10%) se presenta, a esta altura del a\u00f1o, como absolutamente insuficiente, vi\u00e9ndose licuado por la inflaci\u00f3n, a lo que debe sumarse la continua ca\u00edda del poder adquisitivo que proviene de a\u00f1os anteriores.<\/p>\n\n\n\n<p>&nbsp;&nbsp;&nbsp;&nbsp;&nbsp;&nbsp;&nbsp;&nbsp;&nbsp;&nbsp;&nbsp; En este momento, los sueldos de los magistrados y funcionarios de Corrientes se encuentran por <em>debajo de la media nacional <\/em>en comparaci\u00f3n con el nivel salarial de las dem\u00e1s provincias, muy lejos estamos de percibir las remuneraciones del fuero federal como a veces se piensa, y tampoco recibimos los beneficios adicionales (plus) que se otorgan a otros agentes de la administraci\u00f3n provincial.<\/p>\n\n\n\n<p>&nbsp;&nbsp;&nbsp;&nbsp;&nbsp;&nbsp;&nbsp;&nbsp;&nbsp;&nbsp;&nbsp; Hacemos notar esta situaci\u00f3n, esperando sea comprendida por la ciudadan\u00eda, y acompa\u00f1amos en\u00e9rgicamente el reclamo que vienen formulando los trabajadores judiciales, buscando ser escuchados por el Superior Tribunal de Justicia, a quien nuevamente pedimos <strong><em>urgente tratamient<\/em><\/strong><strong><em>o d<\/em><\/strong><strong><em>e tema y en caso necesario <\/em><\/strong><strong><em>se gestionen &#8211;<\/em><\/strong><strong><em>c<\/em><\/strong><strong><em>on premura y firmeza- las partidas presupuestarias ante las autoridades que correspondan, a efectos de concretar la decisi\u00f3n de recomposici\u00f3n salarial de todo el sector judicial.<\/em><\/strong><\/p>\n\n\n\n<p><strong>Comisi\u00f3n Directiva<\/strong><\/p>\n\n\n\n<p><strong>Colegio de Magistrados y Funcionarios Poder Judicial Provincia de Corrientes<\/strong><strong><\/strong><\/p>\n","protected":false},"excerpt":{"rendered":"<p>Corrientes, Martes 31 de Agosto de 2021.- El Colegio de Magistrados y Funcionarios de la Provincia de Corrientes, se expresa de manera enf\u00e1tica en reclamo de una recomposici\u00f3n de las remuneraciones de los magistrados y funcionarios del Poder Judicial de esta provincia, luego de haber formulado reiterados planteos ante el Superior Tribunal de Justicia, sin lograr que se recepte nuestro [&hellip;]<\/p>\n","protected":false},"author":2,"featured_media":4323,"comment_status":"closed","ping_status":"open","sticky":false,"template":"","format":"standard","meta":{"ngg_post_thumbnail":0},"categories":[13],"tags":[],"_links":{"self":[{"href":"https:\/\/magistradoscorrientes.com\/magistrados\/wp-json\/wp\/v2\/posts\/5657"}],"collection":[{"href":"https:\/\/magistradoscorrientes.com\/magistrados\/wp-json\/wp\/v2\/posts"}],"about":[{"href":"https:\/\/magistradoscorrientes.com\/magistrados\/wp-json\/wp\/v2\/types\/post"}],"author":[{"embeddable":true,"href":"https:\/\/magistradoscorrientes.com\/magistrados\/wp-json\/wp\/v2\/users\/2"}],"replies":[{"embeddable":true,"href":"https:\/\/magistradoscorrientes.com\/magistrados\/wp-json\/wp\/v2\/comments?post=5657"}],"version-history":[{"count":1,"href":"https:\/\/magistradoscorrientes.com\/magistrados\/wp-json\/wp\/v2\/posts\/5657\/revisions"}],"predecessor-version":[{"id":5658,"href":"https:\/\/magistradoscorrientes.com\/magistrados\/wp-json\/wp\/v2\/posts\/5657\/revisions\/5658"}],"wp:featuredmedia":[{"embeddable":true,"href":"https:\/\/magistradoscorrientes.com\/magistrados\/wp-json\/wp\/v2\/media\/4323"}],"wp:attachment":[{"href":"https:\/\/magistradoscorrientes.com\/magistrados\/wp-json\/wp\/v2\/media?parent=5657"}],"wp:term":[{"taxonomy":"category","embeddable":true,"href":"https:\/\/magistradoscorrientes.com\/magistrados\/wp-json\/wp\/v2\/categories?post=5657"},{"taxonomy":"post_tag","embeddable":true,"href":"https:\/\/magistradoscorrientes.com\/magistrados\/wp-json\/wp\/v2\/tags?post=5657"}],"curies":[{"name":"wp","href":"https:\/\/api.w.org\/{rel}","templated":true}]}}