{"id":5660,"date":"2021-09-25T10:08:03","date_gmt":"2021-09-25T13:08:03","guid":{"rendered":"http:\/\/magistradoscorrientes.com\/magistrados\/?p=5660"},"modified":"2021-09-25T10:08:03","modified_gmt":"2021-09-25T13:08:03","slug":"resumen-de-cd-septiembre-2021","status":"publish","type":"post","link":"https:\/\/magistradoscorrientes.com\/magistrados\/resumen-de-cd-septiembre-2021\/","title":{"rendered":"Resumen de CD \u2013 Septiembre 2021"},"content":{"rendered":"\n<p>El d\u00eda 24 de septiembre en horas de la tarde se realiz\u00f3 la reuni\u00f3n de la Comisi\u00f3n Directiva el Colegio de magistrados y funcionarios, v\u00eda zoom, con la participaci\u00f3n de numerosos asociados.<\/p>\n\n\n\n<p>En la misma se fij\u00f3 cronograma electoral para la renovaci\u00f3n de autoridades disponi\u00e9ndose adem\u00e1s la convocatoria a Asamblea General Ordinaria para el d\u00eda 18 de diciembre fij\u00e1ndose su orden del d\u00eda. Tambi\u00e9n se autoriz\u00f3 a la Mesa Ejecutiva la designaci\u00f3n de integrantes suplentes del Tribunal Electoral.<\/p>\n\n\n\n<p>El punto central del encuentro vers\u00f3 sobre los cursos de acci\u00f3n a tomar por parte del Colegio con respecto a la falta de cumplimiento de lo dispuesto por Acuerdo Extraordinario N\u00b05\/21 del Superior Tribunal de Justicia que fij\u00f3 una recomposici\u00f3n salarial del 10% para todos los agentes judiciales. Y tambi\u00e9n respecto de las expresiones vertidas por el Sr. Gobernador de la Provincia en un medio radial sobre dicho tema.<\/p>\n\n\n\n<p>Luego de un enriquecedor debate de ideas que puso sobre la mesa el profundo malestar expresado por gran parte de asociados de toda la Provincia, se resolvi\u00f3 realizar acciones prontas y concretas en resguardo de la importancia institucional de la funci\u00f3n judicial y del derecho a la remuneraci\u00f3n digna de quienes la ejercen.<\/p>\n\n\n\n<p>Entre estas, se propici\u00f3 la petici\u00f3n de una <em><strong>urgente<\/strong> reuni\u00f3n<\/em> con el Superior Tribunal de Justicia en pleno, en horario vespertino para posibilitar la participaci\u00f3n de los integrantes de Comisi\u00f3n Directiva del interior, con invitaci\u00f3n a asociados a <em><strong>acompa\u00f1ar masivamente<\/strong><\/em> en defensa de la autarqu\u00eda judicial, la dignidad de las remuneraciones y la valorizaci\u00f3n del recurso humano del Poder Judicial, con posterior comunicaci\u00f3n a medios period\u00edsticos.<\/p>\n\n\n\n<p>Tambi\u00e9n se peticionar\u00e1, con car\u00e1cter urgente, el acompa\u00f1amiento de la <em><strong>Federaci\u00f3n Argentina de la Magistratura<\/strong><\/em> mediante comunicado de amplia difusi\u00f3n, reafirmando la autarqu\u00eda judicial como base fundamental de la independencia del Poder Judicial. Y, de manera inmediata se har\u00e1 conocer un <em><strong>comunicado<\/strong><\/em> de amplia difusi\u00f3n rechazando en\u00e9rgicamente las expresiones del Sr. Gobernador respecto de la recomposici\u00f3n de remuneraciones decidida por el STJ mediante Acuerdo y reclamando enf\u00e1ticamente al Alto Cuerpo la firme defensa de lo decidido conforme facultades constitucionales que son de su competencia.<\/p>\n\n\n\n<p>En el informe de actividades realizadas destac\u00f3 la Sra. Presidente la realizaci\u00f3n del <em>\u201cCiclo de Conferencias sobre el nuevo C\u00f3digo Procesal Civil y Comercial de Corrientes\u201d<\/em> dictado por quienes formaron parte de la Comisi\u00f3n Redactora de dicho C\u00f3digo, e hizo menci\u00f3n a las Declaraciones de inter\u00e9s dadas por el Colegio a varias actividades acad\u00e9micas relacionadas con la gesti\u00f3n judicial, peticionadas por asociados y otras instituciones.<\/p>\n\n\n\n<p>Adem\u00e1s, se refiri\u00f3 a notas y audiencias realizadas para obtener vacunaci\u00f3n de los agentes judiciales, recomposici\u00f3n de remuneraciones, r\u00e9gimen&nbsp; de calificaciones de Prosecretarios e implementaci\u00f3n del nuevo CPCC, respecto de lo cual invit\u00f3 a hacer saber a los asociados que podr\u00e1n manifestar inquietudes para ser trasladadas a la Comisi\u00f3n que lleva adelante el Plan de implementaci\u00f3n.<\/p>\n\n\n\n<p>Tambi\u00e9n se brind\u00f3 informe sobre la actividad de FAM destacando la creaci\u00f3n de la <em>Direcci\u00f3n del Secretariado y actividades afines<\/em> como un gran logro de este sector, teniendo Corrientes una participaci\u00f3n de relevancia con la elecci\u00f3n de la Dra. Mar\u00eda Jos\u00e9 Barrero como representante suplente en el cargo mencionado. Y se hizo referencia al programa de las <em>Jornadas Cient\u00edficas de la Magistratura,<\/em> resaltando la impronta de acercar la justicia a la ciudadan\u00eda con encuentros virtuales abiertos al p\u00fablico, adem\u00e1s del tratamiento de los temas propios del quehacer judicial: Independencia Judicial, Formaci\u00f3n de los jueces, Gesti\u00f3n, Toma de decisiones, \u00c9tica, Resiliencia, Violencia y Perspectiva de g\u00e9nero, entre otros.<\/p>\n\n\n\n<p>Entre los temas del interior, a pedido de asociados, se decidi\u00f3 reflotar los reiterados pedidos de \u201cno descuento de presentismo\u201d por estudios o tratamientos m\u00e9dicos para asociados del interior que deban trasladarse de su localidad para realizarlos. Y apoyar el pedido de compensaci\u00f3n econ\u00f3mica para jueces multifuero que cumplan turnos penales.<\/p>\n\n\n\n<p>Ante la apertura hacia la normalidad, qued\u00f3 reanudado el uso de Sal\u00f3n y de quincho, con los aforos y otras exigencias municipales. Y se aprob\u00f3 la construcci\u00f3n del acceso al terreno sobre avenida Maip\u00fa con el respectivo cerramiento.<\/p>\n","protected":false},"excerpt":{"rendered":"<p>El d\u00eda 24 de septiembre en horas de la tarde se realiz\u00f3 la reuni\u00f3n de la Comisi\u00f3n Directiva el Colegio de magistrados y funcionarios, v\u00eda zoom, con la participaci\u00f3n de numerosos asociados. En la misma se fij\u00f3 cronograma electoral para la renovaci\u00f3n de autoridades disponi\u00e9ndose adem\u00e1s la convocatoria a Asamblea General Ordinaria para el d\u00eda 18 de diciembre fij\u00e1ndose su [&hellip;]<\/p>\n","protected":false},"author":2,"featured_media":5661,"comment_status":"closed","ping_status":"open","sticky":false,"template":"","format":"standard","meta":{"ngg_post_thumbnail":0},"categories":[13],"tags":[],"_links":{"self":[{"href":"https:\/\/magistradoscorrientes.com\/magistrados\/wp-json\/wp\/v2\/posts\/5660"}],"collection":[{"href":"https:\/\/magistradoscorrientes.com\/magistrados\/wp-json\/wp\/v2\/posts"}],"about":[{"href":"https:\/\/magistradoscorrientes.com\/magistrados\/wp-json\/wp\/v2\/types\/post"}],"author":[{"embeddable":true,"href":"https:\/\/magistradoscorrientes.com\/magistrados\/wp-json\/wp\/v2\/users\/2"}],"replies":[{"embeddable":true,"href":"https:\/\/magistradoscorrientes.com\/magistrados\/wp-json\/wp\/v2\/comments?post=5660"}],"version-history":[{"count":1,"href":"https:\/\/magistradoscorrientes.com\/magistrados\/wp-json\/wp\/v2\/posts\/5660\/revisions"}],"predecessor-version":[{"id":5662,"href":"https:\/\/magistradoscorrientes.com\/magistrados\/wp-json\/wp\/v2\/posts\/5660\/revisions\/5662"}],"wp:featuredmedia":[{"embeddable":true,"href":"https:\/\/magistradoscorrientes.com\/magistrados\/wp-json\/wp\/v2\/media\/5661"}],"wp:attachment":[{"href":"https:\/\/magistradoscorrientes.com\/magistrados\/wp-json\/wp\/v2\/media?parent=5660"}],"wp:term":[{"taxonomy":"category","embeddable":true,"href":"https:\/\/magistradoscorrientes.com\/magistrados\/wp-json\/wp\/v2\/categories?post=5660"},{"taxonomy":"post_tag","embeddable":true,"href":"https:\/\/magistradoscorrientes.com\/magistrados\/wp-json\/wp\/v2\/tags?post=5660"}],"curies":[{"name":"wp","href":"https:\/\/api.w.org\/{rel}","templated":true}]}}