{"id":5669,"date":"2021-10-04T08:14:49","date_gmt":"2021-10-04T11:14:49","guid":{"rendered":"http:\/\/magistradoscorrientes.com\/magistrados\/?p=5669"},"modified":"2021-10-04T08:14:49","modified_gmt":"2021-10-04T11:14:49","slug":"resumen-de-la-reunion-con-el-sr-presidente-del-stj-dr-luis-eduardo-rey-vazquez","status":"publish","type":"post","link":"https:\/\/magistradoscorrientes.com\/magistrados\/resumen-de-la-reunion-con-el-sr-presidente-del-stj-dr-luis-eduardo-rey-vazquez\/","title":{"rendered":"Resumen de la reuni\u00f3n con el Sr Presidente del STJ, Dr Luis Eduardo Rey V\u00e1zquez"},"content":{"rendered":"\n<p>En la tarde del viernes 1\u00b0 de octubre se llev\u00f3 a cabo la reuni\u00f3n solicitada por el Colegio al Superior Tribunal de Justicia con motivo de la recomposici\u00f3n salarial dispuesta por Acuerdo 5\/21 que no se hizo efectiva en el mes de septiembre.<\/p>\n\n\n\n<p><img alt=\"\u2705\" src=\"https:\/\/fonts.gstatic.com\/s\/e\/notoemoji\/13.1.1\/2705\/32.png\"> Dicha reuni\u00f3n se realiz\u00f3 en la sede del Colegio por razones de espacio y a fin de posibilitar la participaci\u00f3n de asociados. Y se concret\u00f3 con la presencia del Sr. Presidente Dr. Luis Eduardo Rey V\u00e1zquez, asistiendo numerosos Asociados de toda la Provincia, adem\u00e1s de los integrantes de la Comisi\u00f3n Directiva y de otros \u00f3rganos de la instituci\u00f3n.<\/p>\n\n\n\n<p><img alt=\"\u2705\" src=\"https:\/\/fonts.gstatic.com\/s\/e\/notoemoji\/13.1.1\/2705\/32.png\"> Durante el encuentro, el Dr. Rey V\u00e1zquez explic\u00f3 la \u00a0situaci\u00f3n presupuestaria del Poder Judicial y las gestiones que precedieron al dictado del Acuerdo. Se\u00f1al\u00f3 que la cuesti\u00f3n se vincula con la recaudaci\u00f3n de las rentas generales, y que, sin embargo, conf\u00eda en que el di\u00e1logo institucional permitir\u00e1 arribar a una soluci\u00f3n satisfactoria.<\/p>\n\n\n\n<figure class=\"wp-block-gallery columns-3 is-cropped\"><ul class=\"blocks-gallery-grid\"><li class=\"blocks-gallery-item\"><figure><img loading=\"lazy\" width=\"1024\" height=\"682\" src=\"http:\/\/magistradoscorrientes.com\/magistrados\/wp-content\/uploads\/2021\/10\/WhatsApp-Image-2021-10-02-at-10.53.36-1024x682.jpeg\" alt=\"\" data-id=\"5676\" data-full-url=\"http:\/\/magistradoscorrientes.com\/magistrados\/wp-content\/uploads\/2021\/10\/WhatsApp-Image-2021-10-02-at-10.53.36.jpeg\" data-link=\"http:\/\/magistradoscorrientes.com\/magistrados\/?attachment_id=5676\" class=\"wp-image-5676\" srcset=\"https:\/\/magistradoscorrientes.com\/magistrados\/wp-content\/uploads\/2021\/10\/WhatsApp-Image-2021-10-02-at-10.53.36-1024x682.jpeg 1024w, https:\/\/magistradoscorrientes.com\/magistrados\/wp-content\/uploads\/2021\/10\/WhatsApp-Image-2021-10-02-at-10.53.36-300x200.jpeg 300w, https:\/\/magistradoscorrientes.com\/magistrados\/wp-content\/uploads\/2021\/10\/WhatsApp-Image-2021-10-02-at-10.53.36-768x512.jpeg 768w, https:\/\/magistradoscorrientes.com\/magistrados\/wp-content\/uploads\/2021\/10\/WhatsApp-Image-2021-10-02-at-10.53.36-391x260.jpeg 391w, https:\/\/magistradoscorrientes.com\/magistrados\/wp-content\/uploads\/2021\/10\/WhatsApp-Image-2021-10-02-at-10.53.36-600x400.jpeg 600w, https:\/\/magistradoscorrientes.com\/magistrados\/wp-content\/uploads\/2021\/10\/WhatsApp-Image-2021-10-02-at-10.53.36.jpeg 1280w\" sizes=\"(max-width: 1024px) 100vw, 1024px\" \/><\/figure><\/li><li class=\"blocks-gallery-item\"><figure><img loading=\"lazy\" width=\"1024\" height=\"682\" src=\"http:\/\/magistradoscorrientes.com\/magistrados\/wp-content\/uploads\/2021\/10\/WhatsApp-Image-2021-10-02-at-10.53.38-1024x682.jpeg\" alt=\"\" data-id=\"5675\" data-full-url=\"http:\/\/magistradoscorrientes.com\/magistrados\/wp-content\/uploads\/2021\/10\/WhatsApp-Image-2021-10-02-at-10.53.38.jpeg\" data-link=\"http:\/\/magistradoscorrientes.com\/magistrados\/?attachment_id=5675\" class=\"wp-image-5675\" srcset=\"https:\/\/magistradoscorrientes.com\/magistrados\/wp-content\/uploads\/2021\/10\/WhatsApp-Image-2021-10-02-at-10.53.38-1024x682.jpeg 1024w, https:\/\/magistradoscorrientes.com\/magistrados\/wp-content\/uploads\/2021\/10\/WhatsApp-Image-2021-10-02-at-10.53.38-300x200.jpeg 300w, https:\/\/magistradoscorrientes.com\/magistrados\/wp-content\/uploads\/2021\/10\/WhatsApp-Image-2021-10-02-at-10.53.38-768x512.jpeg 768w, https:\/\/magistradoscorrientes.com\/magistrados\/wp-content\/uploads\/2021\/10\/WhatsApp-Image-2021-10-02-at-10.53.38-391x260.jpeg 391w, https:\/\/magistradoscorrientes.com\/magistrados\/wp-content\/uploads\/2021\/10\/WhatsApp-Image-2021-10-02-at-10.53.38-600x400.jpeg 600w, https:\/\/magistradoscorrientes.com\/magistrados\/wp-content\/uploads\/2021\/10\/WhatsApp-Image-2021-10-02-at-10.53.38.jpeg 1280w\" sizes=\"(max-width: 1024px) 100vw, 1024px\" \/><\/figure><\/li><li class=\"blocks-gallery-item\"><figure><img loading=\"lazy\" width=\"1024\" height=\"682\" src=\"http:\/\/magistradoscorrientes.com\/magistrados\/wp-content\/uploads\/2021\/10\/WhatsApp-Image-2021-10-02-at-10.53.38-1-1024x682.jpeg\" alt=\"\" data-id=\"5674\" data-full-url=\"http:\/\/magistradoscorrientes.com\/magistrados\/wp-content\/uploads\/2021\/10\/WhatsApp-Image-2021-10-02-at-10.53.38-1.jpeg\" data-link=\"http:\/\/magistradoscorrientes.com\/magistrados\/?attachment_id=5674\" class=\"wp-image-5674\" srcset=\"https:\/\/magistradoscorrientes.com\/magistrados\/wp-content\/uploads\/2021\/10\/WhatsApp-Image-2021-10-02-at-10.53.38-1-1024x682.jpeg 1024w, https:\/\/magistradoscorrientes.com\/magistrados\/wp-content\/uploads\/2021\/10\/WhatsApp-Image-2021-10-02-at-10.53.38-1-300x200.jpeg 300w, https:\/\/magistradoscorrientes.com\/magistrados\/wp-content\/uploads\/2021\/10\/WhatsApp-Image-2021-10-02-at-10.53.38-1-768x512.jpeg 768w, https:\/\/magistradoscorrientes.com\/magistrados\/wp-content\/uploads\/2021\/10\/WhatsApp-Image-2021-10-02-at-10.53.38-1-391x260.jpeg 391w, https:\/\/magistradoscorrientes.com\/magistrados\/wp-content\/uploads\/2021\/10\/WhatsApp-Image-2021-10-02-at-10.53.38-1-600x400.jpeg 600w, https:\/\/magistradoscorrientes.com\/magistrados\/wp-content\/uploads\/2021\/10\/WhatsApp-Image-2021-10-02-at-10.53.38-1.jpeg 1280w\" sizes=\"(max-width: 1024px) 100vw, 1024px\" \/><\/figure><\/li><\/ul><\/figure>\n\n\n\n<p><img alt=\"\u2705\" src=\"https:\/\/fonts.gstatic.com\/s\/e\/notoemoji\/13.1.1\/2705\/32.png\"> La reuni\u00f3n tuvo un marco distendido y de respetuoso intercambio entre los asistentes y el Presidente, donde se plantearon diversas cuestiones, destacando la necesidad -en estos tiempos dif\u00edciles- de priorizar el recurso humano del Poder Judicial por sobre otras \u00e1reas u objetivos de la pol\u00edtica institucional.<\/p>\n\n\n\n<p><img alt=\"\u2705\" src=\"https:\/\/fonts.gstatic.com\/s\/e\/notoemoji\/13.1.1\/2705\/32.png\"> Se ha conversado sobre la importancia de hacer saber a la ciudadan\u00eda que el Poder Judicial siempre trabaj\u00f3 durante la pandemia prestando el servicio de justicia, sin haber contado con recomposiciones salariales que s\u00ed tuvieron los otros poderes del Estado, y que esa defensa de la funci\u00f3n judicial frente a la opini\u00f3n p\u00fablica sea asumida por el Superior Tribunal como cabeza de poder.<\/p>\n\n\n\n<p><img alt=\"\u2705\" src=\"https:\/\/fonts.gstatic.com\/s\/e\/notoemoji\/13.1.1\/2705\/32.png\"> Esperamos que los mecanismos que de parte del Superior Tribunal se arbitren para destrabar esta cuesti\u00f3n tengan resultados positivos en beneficio de todos los operadores judiciales, que son quienes hacen posible el funcionamiento del servicio de justicia.<\/p>\n\n\n\n<p><img alt=\"\u2705\" src=\"https:\/\/fonts.gstatic.com\/s\/e\/notoemoji\/13.1.1\/2705\/32.png\"> Asimismo, que el canal de di\u00e1logo generado entre los asociados del Colegio y el Sr. Presidente perdure en el tiempo y permita una efectiva participaci\u00f3n de magistrados y funcionarios en la mejora del sistema de justicia.<\/p>\n\n\n\n<figure class=\"wp-block-gallery columns-1 is-cropped\"><ul class=\"blocks-gallery-grid\"><li class=\"blocks-gallery-item\"><figure><img loading=\"lazy\" width=\"1024\" height=\"768\" src=\"http:\/\/magistradoscorrientes.com\/magistrados\/wp-content\/uploads\/2021\/10\/WhatsApp-Image-2021-10-01-at-20.25.11-1024x768.jpeg\" alt=\"\" data-id=\"5670\" data-full-url=\"http:\/\/magistradoscorrientes.com\/magistrados\/wp-content\/uploads\/2021\/10\/WhatsApp-Image-2021-10-01-at-20.25.11.jpeg\" data-link=\"http:\/\/magistradoscorrientes.com\/magistrados\/?attachment_id=5670\" class=\"wp-image-5670\" srcset=\"https:\/\/magistradoscorrientes.com\/magistrados\/wp-content\/uploads\/2021\/10\/WhatsApp-Image-2021-10-01-at-20.25.11-1024x768.jpeg 1024w, https:\/\/magistradoscorrientes.com\/magistrados\/wp-content\/uploads\/2021\/10\/WhatsApp-Image-2021-10-01-at-20.25.11-300x225.jpeg 300w, https:\/\/magistradoscorrientes.com\/magistrados\/wp-content\/uploads\/2021\/10\/WhatsApp-Image-2021-10-01-at-20.25.11-768x576.jpeg 768w, https:\/\/magistradoscorrientes.com\/magistrados\/wp-content\/uploads\/2021\/10\/WhatsApp-Image-2021-10-01-at-20.25.11-1536x1152.jpeg 1536w, https:\/\/magistradoscorrientes.com\/magistrados\/wp-content\/uploads\/2021\/10\/WhatsApp-Image-2021-10-01-at-20.25.11.jpeg 1600w\" sizes=\"(max-width: 1024px) 100vw, 1024px\" \/><\/figure><\/li><\/ul><\/figure>\n\n\n\n<p><img alt=\"\u2705\" src=\"https:\/\/fonts.gstatic.com\/s\/e\/notoemoji\/13.1.1\/2705\/32.png\"> Agradecemos a cada uno de los Asociados que se han acercado a acompa\u00f1ar en esta reuni\u00f3n, manifestando sus opiniones y puntos de vista, y muy especialmente a quienes se han trasladado desde Esquina, Saladas e Ituzaing\u00f3 para presenciar el encuentro.<\/p>\n","protected":false},"excerpt":{"rendered":"<p>En la tarde del viernes 1\u00b0 de octubre se llev\u00f3 a cabo la reuni\u00f3n solicitada por el Colegio al Superior Tribunal de Justicia con motivo de la recomposici\u00f3n salarial dispuesta por Acuerdo 5\/21 que no se hizo efectiva en el mes de septiembre. Dicha reuni\u00f3n se realiz\u00f3 en la sede del Colegio por razones de espacio y a fin de [&hellip;]<\/p>\n","protected":false},"author":2,"featured_media":5676,"comment_status":"closed","ping_status":"open","sticky":false,"template":"","format":"standard","meta":{"ngg_post_thumbnail":0},"categories":[13],"tags":[],"_links":{"self":[{"href":"https:\/\/magistradoscorrientes.com\/magistrados\/wp-json\/wp\/v2\/posts\/5669"}],"collection":[{"href":"https:\/\/magistradoscorrientes.com\/magistrados\/wp-json\/wp\/v2\/posts"}],"about":[{"href":"https:\/\/magistradoscorrientes.com\/magistrados\/wp-json\/wp\/v2\/types\/post"}],"author":[{"embeddable":true,"href":"https:\/\/magistradoscorrientes.com\/magistrados\/wp-json\/wp\/v2\/users\/2"}],"replies":[{"embeddable":true,"href":"https:\/\/magistradoscorrientes.com\/magistrados\/wp-json\/wp\/v2\/comments?post=5669"}],"version-history":[{"count":1,"href":"https:\/\/magistradoscorrientes.com\/magistrados\/wp-json\/wp\/v2\/posts\/5669\/revisions"}],"predecessor-version":[{"id":5678,"href":"https:\/\/magistradoscorrientes.com\/magistrados\/wp-json\/wp\/v2\/posts\/5669\/revisions\/5678"}],"wp:featuredmedia":[{"embeddable":true,"href":"https:\/\/magistradoscorrientes.com\/magistrados\/wp-json\/wp\/v2\/media\/5676"}],"wp:attachment":[{"href":"https:\/\/magistradoscorrientes.com\/magistrados\/wp-json\/wp\/v2\/media?parent=5669"}],"wp:term":[{"taxonomy":"category","embeddable":true,"href":"https:\/\/magistradoscorrientes.com\/magistrados\/wp-json\/wp\/v2\/categories?post=5669"},{"taxonomy":"post_tag","embeddable":true,"href":"https:\/\/magistradoscorrientes.com\/magistrados\/wp-json\/wp\/v2\/tags?post=5669"}],"curies":[{"name":"wp","href":"https:\/\/api.w.org\/{rel}","templated":true}]}}