{"id":5683,"date":"2021-10-21T17:22:51","date_gmt":"2021-10-21T20:22:51","guid":{"rendered":"http:\/\/magistradoscorrientes.com\/magistrados\/?p=5683"},"modified":"2021-10-21T17:24:58","modified_gmt":"2021-10-21T20:24:58","slug":"convocatoria-para-integrar-nomina-de-jueces-y-funcionarios-sustitutos-del-ministerio-publico-ano-2022","status":"publish","type":"post","link":"https:\/\/magistradoscorrientes.com\/magistrados\/convocatoria-para-integrar-nomina-de-jueces-y-funcionarios-sustitutos-del-ministerio-publico-ano-2022\/","title":{"rendered":"Convocatoria para integrar n\u00f3mina de Jueces y Funcionarios sustitutos del Ministerio P\u00fablico A\u00f1o 2022"},"content":{"rendered":"\n<p>El Superior Tribunal de Justicia de la Provincia de Corrientes abre la convocatoria a inscripci\u00f3n para integrar la n\u00f3mina de jueces y funcionarios del ministerio p\u00fablico sustitutos a\u00f1os 2022, a quienes hayan aprobado concurso en el Consejo de la Magistratura, a Magistrados y Funcionarios del Ministerio P\u00fablico jubilados y Abogados en libre ejercicio de la profesi\u00f3n con m\u00e1s de 15 a\u00f1os de antig\u00fcedad, de acuerdo con las siguientes condiciones:<\/p>\n\n\n\n<figure class=\"wp-block-gallery columns-1 is-cropped\"><ul class=\"blocks-gallery-grid\"><li class=\"blocks-gallery-item\"><figure><img loading=\"lazy\" width=\"684\" height=\"1024\" src=\"https:\/\/magistradoscorrientes.com\/magistrados\/wp-content\/uploads\/2021\/10\/WhatsApp-Image-2021-10-20-at-16.16.43-684x1024.jpeg\" alt=\"\" data-id=\"5684\" data-full-url=\"https:\/\/magistradoscorrientes.com\/magistrados\/wp-content\/uploads\/2021\/10\/WhatsApp-Image-2021-10-20-at-16.16.43.jpeg\" data-link=\"https:\/\/magistradoscorrientes.com\/magistrados\/?attachment_id=5684\" class=\"wp-image-5684\" srcset=\"https:\/\/magistradoscorrientes.com\/magistrados\/wp-content\/uploads\/2021\/10\/WhatsApp-Image-2021-10-20-at-16.16.43-684x1024.jpeg 684w, https:\/\/magistradoscorrientes.com\/magistrados\/wp-content\/uploads\/2021\/10\/WhatsApp-Image-2021-10-20-at-16.16.43-200x300.jpeg 200w, https:\/\/magistradoscorrientes.com\/magistrados\/wp-content\/uploads\/2021\/10\/WhatsApp-Image-2021-10-20-at-16.16.43-768x1151.jpeg 768w, https:\/\/magistradoscorrientes.com\/magistrados\/wp-content\/uploads\/2021\/10\/WhatsApp-Image-2021-10-20-at-16.16.43-1025x1536.jpeg 1025w, https:\/\/magistradoscorrientes.com\/magistrados\/wp-content\/uploads\/2021\/10\/WhatsApp-Image-2021-10-20-at-16.16.43.jpeg 1068w\" sizes=\"(max-width: 684px) 100vw, 684px\" \/><\/figure><\/li><\/ul><\/figure>\n\n\n\n<p>A- Requisitos de admisibilidad: art\u00edculo 183 de la Constituci\u00f3n Provincial; Art\u00edculos 2 y 5 del R\u00e9gimen de Jueces y Funcionarios del Ministerio P\u00fablico Sustitutos, los que deber\u00e1n estar con cumplimentados en oportunidad de la presentaci\u00f3n de la documentaci\u00f3n.<\/p>\n\n\n\n<p>B-Inscripci\u00f3n: en la p\u00e1gina web del poder judicial www.juicecorrientes.gov.ar<\/p>\n\n\n\n<p>C- Informes: en la p\u00e1gina web del poder&nbsp;<a href=\"http:\/\/www.juscorrientes.gov.ar\/\">www.juscorrientes.gov.ar<\/a> <\/p>\n\n\n\n<figure class=\"wp-block-gallery columns-1 is-cropped\"><ul class=\"blocks-gallery-grid\"><li class=\"blocks-gallery-item\"><figure><img loading=\"lazy\" width=\"768\" height=\"1024\" src=\"https:\/\/magistradoscorrientes.com\/magistrados\/wp-content\/uploads\/2021\/10\/WhatsApp-Image-2021-10-20-at-16.16.43-1-768x1024.jpeg\" alt=\"\" data-id=\"5685\" data-full-url=\"https:\/\/magistradoscorrientes.com\/magistrados\/wp-content\/uploads\/2021\/10\/WhatsApp-Image-2021-10-20-at-16.16.43-1.jpeg\" data-link=\"https:\/\/magistradoscorrientes.com\/magistrados\/?attachment_id=5685\" class=\"wp-image-5685\" srcset=\"https:\/\/magistradoscorrientes.com\/magistrados\/wp-content\/uploads\/2021\/10\/WhatsApp-Image-2021-10-20-at-16.16.43-1-768x1024.jpeg 768w, https:\/\/magistradoscorrientes.com\/magistrados\/wp-content\/uploads\/2021\/10\/WhatsApp-Image-2021-10-20-at-16.16.43-1-225x300.jpeg 225w, https:\/\/magistradoscorrientes.com\/magistrados\/wp-content\/uploads\/2021\/10\/WhatsApp-Image-2021-10-20-at-16.16.43-1-300x400.jpeg 300w, https:\/\/magistradoscorrientes.com\/magistrados\/wp-content\/uploads\/2021\/10\/WhatsApp-Image-2021-10-20-at-16.16.43-1-1152x1536.jpeg 1152w, https:\/\/magistradoscorrientes.com\/magistrados\/wp-content\/uploads\/2021\/10\/WhatsApp-Image-2021-10-20-at-16.16.43-1.jpeg 1200w\" sizes=\"(max-width: 768px) 100vw, 768px\" \/><\/figure><\/li><\/ul><\/figure>\n","protected":false},"excerpt":{"rendered":"<p>El Superior Tribunal de Justicia de la Provincia de Corrientes abre la convocatoria a inscripci\u00f3n para integrar la n\u00f3mina de jueces y funcionarios del ministerio p\u00fablico sustitutos a\u00f1os 2022, a quienes hayan aprobado concurso en el Consejo de la Magistratura, a Magistrados y Funcionarios del Ministerio P\u00fablico jubilados y Abogados en libre ejercicio de la profesi\u00f3n con m\u00e1s de 15 [&hellip;]<\/p>\n","protected":false},"author":2,"featured_media":5687,"comment_status":"closed","ping_status":"open","sticky":false,"template":"","format":"standard","meta":{"ngg_post_thumbnail":0},"categories":[13],"tags":[],"_links":{"self":[{"href":"https:\/\/magistradoscorrientes.com\/magistrados\/wp-json\/wp\/v2\/posts\/5683"}],"collection":[{"href":"https:\/\/magistradoscorrientes.com\/magistrados\/wp-json\/wp\/v2\/posts"}],"about":[{"href":"https:\/\/magistradoscorrientes.com\/magistrados\/wp-json\/wp\/v2\/types\/post"}],"author":[{"embeddable":true,"href":"https:\/\/magistradoscorrientes.com\/magistrados\/wp-json\/wp\/v2\/users\/2"}],"replies":[{"embeddable":true,"href":"https:\/\/magistradoscorrientes.com\/magistrados\/wp-json\/wp\/v2\/comments?post=5683"}],"version-history":[{"count":2,"href":"https:\/\/magistradoscorrientes.com\/magistrados\/wp-json\/wp\/v2\/posts\/5683\/revisions"}],"predecessor-version":[{"id":5688,"href":"https:\/\/magistradoscorrientes.com\/magistrados\/wp-json\/wp\/v2\/posts\/5683\/revisions\/5688"}],"wp:featuredmedia":[{"embeddable":true,"href":"https:\/\/magistradoscorrientes.com\/magistrados\/wp-json\/wp\/v2\/media\/5687"}],"wp:attachment":[{"href":"https:\/\/magistradoscorrientes.com\/magistrados\/wp-json\/wp\/v2\/media?parent=5683"}],"wp:term":[{"taxonomy":"category","embeddable":true,"href":"https:\/\/magistradoscorrientes.com\/magistrados\/wp-json\/wp\/v2\/categories?post=5683"},{"taxonomy":"post_tag","embeddable":true,"href":"https:\/\/magistradoscorrientes.com\/magistrados\/wp-json\/wp\/v2\/tags?post=5683"}],"curies":[{"name":"wp","href":"https:\/\/api.w.org\/{rel}","templated":true}]}}