{"id":5691,"date":"2021-10-25T07:00:00","date_gmt":"2021-10-25T10:00:00","guid":{"rendered":"http:\/\/magistradoscorrientes.com\/magistrados\/?p=5691"},"modified":"2021-10-24T11:44:53","modified_gmt":"2021-10-24T14:44:53","slug":"acta-n-2-del-tribunal-electoral-del-colegio-de-magistrados-y-funcionarios-de-la-provincia-de-corrientes","status":"publish","type":"post","link":"https:\/\/magistradoscorrientes.com\/magistrados\/acta-n-2-del-tribunal-electoral-del-colegio-de-magistrados-y-funcionarios-de-la-provincia-de-corrientes\/","title":{"rendered":"Acta N\u00b0 2 del Tribunal Electoral del Colegio de Magistrados y Funcionarios de la Provincia de Corrientes"},"content":{"rendered":"\n<p><strong>\u00a0\u00a0\u00a0\u00a0\u00a0\u00a0\u00a0 ACTA N\u00b0 2<\/strong>: En la ciudad de Corrientes, a los veinte \u00a0d\u00edas del mes de octubre del a\u00f1o dos mil veintiuno, se re\u00fanen los integrantes del Tribunal Electoral del Colegio de Magistrados y Funcionarios de la Provincia de\u00a0 Corrientes, las Dras. Mar\u00eda Teresa Zacar\u00edas, Rosana Ester Magan y Adriana Mar\u00eda Camino,\u00a0 en el marco de la organizaci\u00f3n de la elecci\u00f3n para la renovaci\u00f3n de las autoridades del Colegio de Magistrados y Funcionarios de la Provincia, CONSIDERARON: Que habiendo recepcionado el Padr\u00f3n de asociados actualizado correspondiente al Colegio de Magistrados y Funcionarios del Poder Judicial de la Provincia. <\/p>\n\n\n\n<p><strong>SE RESUELVE: 1\u00b0<\/strong>) Dar a publicidad el padr\u00f3n de asociados provisorio correspondiente todas las circunscripciones judiciales que est\u00e1n en condiciones de sufragar a partir del 25 de octubre del cte. Habilit\u00e1ndose la recepci\u00f3n de reclamos a partir de esa fecha hasta el d\u00eda 30 de octubre del cte. de conformidad a lo establecido en el art\u00edculo 5\u00b0 del Reglamento Electoral, la presentaci\u00f3n de los reclamos deber\u00e1n hacerlo por escrito y presentada en la sede del Colegio de Magistrados y Funcionarios del Poder Judicial sito en calle Buenos Aires 780. 2\u00b0) Solicitar al Superior Tribunal de Justicia\u00a0 disponga la publicaci\u00f3n del Padr\u00f3n provisorio de asociados en la p\u00e1gina Web del Poder Judicial. 3\u00b0) Solicitar la publicaci\u00f3n del padr\u00f3n provisorio de asociados al Colegio de Magistrados y Funcionarios en su\u00a0 p\u00e1gina Web y la difusi\u00f3n entre sus asociados. Con lo que no siendo para m\u00e1s, se da por terminada la reuni\u00f3n, firmando las presentes para constancia y ratificaci\u00f3n.-<\/p>\n","protected":false},"excerpt":{"rendered":"<p>\u00a0\u00a0\u00a0\u00a0\u00a0\u00a0\u00a0 ACTA N\u00b0 2: En la ciudad de Corrientes, a los veinte \u00a0d\u00edas del mes de octubre del a\u00f1o dos mil veintiuno, se re\u00fanen los integrantes del Tribunal Electoral del Colegio de Magistrados y Funcionarios de la Provincia de\u00a0 Corrientes, las Dras. Mar\u00eda Teresa Zacar\u00edas, Rosana Ester Magan y Adriana Mar\u00eda Camino,\u00a0 en el marco de la organizaci\u00f3n de la [&hellip;]<\/p>\n","protected":false},"author":2,"featured_media":5212,"comment_status":"closed","ping_status":"open","sticky":false,"template":"","format":"standard","meta":{"ngg_post_thumbnail":0},"categories":[13],"tags":[],"_links":{"self":[{"href":"https:\/\/magistradoscorrientes.com\/magistrados\/wp-json\/wp\/v2\/posts\/5691"}],"collection":[{"href":"https:\/\/magistradoscorrientes.com\/magistrados\/wp-json\/wp\/v2\/posts"}],"about":[{"href":"https:\/\/magistradoscorrientes.com\/magistrados\/wp-json\/wp\/v2\/types\/post"}],"author":[{"embeddable":true,"href":"https:\/\/magistradoscorrientes.com\/magistrados\/wp-json\/wp\/v2\/users\/2"}],"replies":[{"embeddable":true,"href":"https:\/\/magistradoscorrientes.com\/magistrados\/wp-json\/wp\/v2\/comments?post=5691"}],"version-history":[{"count":1,"href":"https:\/\/magistradoscorrientes.com\/magistrados\/wp-json\/wp\/v2\/posts\/5691\/revisions"}],"predecessor-version":[{"id":5692,"href":"https:\/\/magistradoscorrientes.com\/magistrados\/wp-json\/wp\/v2\/posts\/5691\/revisions\/5692"}],"wp:featuredmedia":[{"embeddable":true,"href":"https:\/\/magistradoscorrientes.com\/magistrados\/wp-json\/wp\/v2\/media\/5212"}],"wp:attachment":[{"href":"https:\/\/magistradoscorrientes.com\/magistrados\/wp-json\/wp\/v2\/media?parent=5691"}],"wp:term":[{"taxonomy":"category","embeddable":true,"href":"https:\/\/magistradoscorrientes.com\/magistrados\/wp-json\/wp\/v2\/categories?post=5691"},{"taxonomy":"post_tag","embeddable":true,"href":"https:\/\/magistradoscorrientes.com\/magistrados\/wp-json\/wp\/v2\/tags?post=5691"}],"curies":[{"name":"wp","href":"https:\/\/api.w.org\/{rel}","templated":true}]}}