{"id":5704,"date":"2021-10-29T17:47:30","date_gmt":"2021-10-29T20:47:30","guid":{"rendered":"http:\/\/magistradoscorrientes.com\/magistrados\/?p=5704"},"modified":"2021-10-29T17:47:30","modified_gmt":"2021-10-29T20:47:30","slug":"profundo-pesar-por-el-fallecimiento-de-la-prof-luisa-taglang-de-masferrer","status":"publish","type":"post","link":"https:\/\/magistradoscorrientes.com\/magistrados\/profundo-pesar-por-el-fallecimiento-de-la-prof-luisa-taglang-de-masferrer\/","title":{"rendered":"Profundo pesar por el fallecimiento de la Prof Luisa Taglang de Masferrer"},"content":{"rendered":"\n<p>El Colegio de Magistrados y Funcionarios del Poder Judicial de la Provincia de Corrientes, participa con profundo pesar el fallecimiento de la se\u00f1ora Luisa Taglang de Masferrer, madre de nuestra Presidente, Doctora Luz Masferrer.<\/p>\n\n\n\n<p>Asociados del Colegio acompa\u00f1an a nuestra Presidente y a su familia en este momento de profundo dolor e irreparable p\u00e9rdida. <\/p>\n\n\n\n<p>Elevamos una oraci\u00f3n en su memoria y resignaci\u00f3n a sus familiares. <\/p>\n","protected":false},"excerpt":{"rendered":"<p>El Colegio de Magistrados y Funcionarios del Poder Judicial de la Provincia de Corrientes, participa con profundo pesar el fallecimiento de la se\u00f1ora Luisa Taglang de Masferrer, madre de nuestra Presidente, Doctora Luz Masferrer. Asociados del Colegio acompa\u00f1an a nuestra Presidente y a su familia en este momento de profundo dolor e irreparable p\u00e9rdida. Elevamos una oraci\u00f3n en su memoria [&hellip;]<\/p>\n","protected":false},"author":2,"featured_media":5705,"comment_status":"closed","ping_status":"open","sticky":false,"template":"","format":"standard","meta":{"ngg_post_thumbnail":0},"categories":[13],"tags":[],"_links":{"self":[{"href":"https:\/\/magistradoscorrientes.com\/magistrados\/wp-json\/wp\/v2\/posts\/5704"}],"collection":[{"href":"https:\/\/magistradoscorrientes.com\/magistrados\/wp-json\/wp\/v2\/posts"}],"about":[{"href":"https:\/\/magistradoscorrientes.com\/magistrados\/wp-json\/wp\/v2\/types\/post"}],"author":[{"embeddable":true,"href":"https:\/\/magistradoscorrientes.com\/magistrados\/wp-json\/wp\/v2\/users\/2"}],"replies":[{"embeddable":true,"href":"https:\/\/magistradoscorrientes.com\/magistrados\/wp-json\/wp\/v2\/comments?post=5704"}],"version-history":[{"count":1,"href":"https:\/\/magistradoscorrientes.com\/magistrados\/wp-json\/wp\/v2\/posts\/5704\/revisions"}],"predecessor-version":[{"id":5706,"href":"https:\/\/magistradoscorrientes.com\/magistrados\/wp-json\/wp\/v2\/posts\/5704\/revisions\/5706"}],"wp:featuredmedia":[{"embeddable":true,"href":"https:\/\/magistradoscorrientes.com\/magistrados\/wp-json\/wp\/v2\/media\/5705"}],"wp:attachment":[{"href":"https:\/\/magistradoscorrientes.com\/magistrados\/wp-json\/wp\/v2\/media?parent=5704"}],"wp:term":[{"taxonomy":"category","embeddable":true,"href":"https:\/\/magistradoscorrientes.com\/magistrados\/wp-json\/wp\/v2\/categories?post=5704"},{"taxonomy":"post_tag","embeddable":true,"href":"https:\/\/magistradoscorrientes.com\/magistrados\/wp-json\/wp\/v2\/tags?post=5704"}],"curies":[{"name":"wp","href":"https:\/\/api.w.org\/{rel}","templated":true}]}}