{"id":5707,"date":"2021-10-29T17:51:11","date_gmt":"2021-10-29T20:51:11","guid":{"rendered":"http:\/\/magistradoscorrientes.com\/magistrados\/?p=5707"},"modified":"2021-10-29T17:51:11","modified_gmt":"2021-10-29T20:51:11","slug":"declaracion-de-fam-por-el-fallecimiento-de-la-prof-luisa-taglang-de-masferrer","status":"publish","type":"post","link":"https:\/\/magistradoscorrientes.com\/magistrados\/declaracion-de-fam-por-el-fallecimiento-de-la-prof-luisa-taglang-de-masferrer\/","title":{"rendered":"Declaraci\u00f3n de FAM por el fallecimiento de la Prof Luisa Taglang de Masferrer"},"content":{"rendered":"\n<p>\u00bbQuienes integramos la Federaci\u00f3n Argentina de la Magistratura y la Funci\u00f3n Judicial nos hacemos uno en el dolor por el fallecimiento de la madre de nuestra querida y admirada colega, Luz \u00a0Masferrer, \u00a0presidenta \u00a0del\u00a0 Colegio\u00a0 de Magistrados \u00a0y Funcionarios \u00a0de la provincia \u00a0de Corrientes.<\/p>\n\n\n\n<p>El esp\u00edritu asociativo nace y se alimenta de la convicci\u00f3n de que estar con otras y otros es la manera de transitar la vida profesional y personal. En este momento, en el que nos encontramos en pleno desarrollo de una asamblea extraordinaria, nuestra vocaci\u00f3n es trasladarnos para acompa\u00f1ar a nuestra amiga Luz en este momento tan doloroso y dif\u00edcil. La distancia nos restringe a expresar nuestra solidaridad, y la de la magistratura y el funcionariado del todo el pa\u00eds \u00a0&#8211; que sabe y valora muy especialmente el compromiso de la Dra. Masferrer -, y nuestro acompa\u00f1amiento a la familia y los allegados de Luisa Taglang de Masferrer\u00bb.<\/p>\n\n\n\n<div class=\"wp-block-file\"><a href=\"https:\/\/magistradoscorrientes.com\/magistrados\/wp-content\/uploads\/2021\/10\/Declaracion-FAM-Fallecimiento-de-la-madre-de-la-Dra-Luz-Masferrer-29-10-21.pdf\">Declaracion-FAM-Fallecimiento-de-la-madre-de-la-Dra-Luz-Masferrer-29-10-21<\/a><a href=\"https:\/\/magistradoscorrientes.com\/magistrados\/wp-content\/uploads\/2021\/10\/Declaracion-FAM-Fallecimiento-de-la-madre-de-la-Dra-Luz-Masferrer-29-10-21.pdf\" class=\"wp-block-file__button\" download>Descarga<\/a><\/div>\n","protected":false},"excerpt":{"rendered":"<p>\u00bbQuienes integramos la Federaci\u00f3n Argentina de la Magistratura y la Funci\u00f3n Judicial nos hacemos uno en el dolor por el fallecimiento de la madre de nuestra querida y admirada colega, Luz \u00a0Masferrer, \u00a0presidenta \u00a0del\u00a0 Colegio\u00a0 de Magistrados \u00a0y Funcionarios \u00a0de la provincia \u00a0de Corrientes. El esp\u00edritu asociativo nace y se alimenta de la convicci\u00f3n de que estar con otras y [&hellip;]<\/p>\n","protected":false},"author":2,"featured_media":5710,"comment_status":"closed","ping_status":"open","sticky":false,"template":"","format":"standard","meta":{"ngg_post_thumbnail":0},"categories":[13],"tags":[],"_links":{"self":[{"href":"https:\/\/magistradoscorrientes.com\/magistrados\/wp-json\/wp\/v2\/posts\/5707"}],"collection":[{"href":"https:\/\/magistradoscorrientes.com\/magistrados\/wp-json\/wp\/v2\/posts"}],"about":[{"href":"https:\/\/magistradoscorrientes.com\/magistrados\/wp-json\/wp\/v2\/types\/post"}],"author":[{"embeddable":true,"href":"https:\/\/magistradoscorrientes.com\/magistrados\/wp-json\/wp\/v2\/users\/2"}],"replies":[{"embeddable":true,"href":"https:\/\/magistradoscorrientes.com\/magistrados\/wp-json\/wp\/v2\/comments?post=5707"}],"version-history":[{"count":1,"href":"https:\/\/magistradoscorrientes.com\/magistrados\/wp-json\/wp\/v2\/posts\/5707\/revisions"}],"predecessor-version":[{"id":5711,"href":"https:\/\/magistradoscorrientes.com\/magistrados\/wp-json\/wp\/v2\/posts\/5707\/revisions\/5711"}],"wp:featuredmedia":[{"embeddable":true,"href":"https:\/\/magistradoscorrientes.com\/magistrados\/wp-json\/wp\/v2\/media\/5710"}],"wp:attachment":[{"href":"https:\/\/magistradoscorrientes.com\/magistrados\/wp-json\/wp\/v2\/media?parent=5707"}],"wp:term":[{"taxonomy":"category","embeddable":true,"href":"https:\/\/magistradoscorrientes.com\/magistrados\/wp-json\/wp\/v2\/categories?post=5707"},{"taxonomy":"post_tag","embeddable":true,"href":"https:\/\/magistradoscorrientes.com\/magistrados\/wp-json\/wp\/v2\/tags?post=5707"}],"curies":[{"name":"wp","href":"https:\/\/api.w.org\/{rel}","templated":true}]}}