{"id":5712,"date":"2021-10-30T13:35:12","date_gmt":"2021-10-30T16:35:12","guid":{"rendered":"http:\/\/magistradoscorrientes.com\/magistrados\/?p=5712"},"modified":"2021-10-30T13:35:12","modified_gmt":"2021-10-30T16:35:12","slug":"hondo-pesar-por-el-fallecimiento-de-carlos-raul-masferrer","status":"publish","type":"post","link":"https:\/\/magistradoscorrientes.com\/magistrados\/hondo-pesar-por-el-fallecimiento-de-carlos-raul-masferrer\/","title":{"rendered":"Hondo pesar por el fallecimiento de Carlos Ra\u00fal Masferrer"},"content":{"rendered":"\n<p>El Colegio de Magistrados y Funcionarios del Poder Judicial de la Provincia de Corrientes, participa con profundo pesar el fallecimiento del Sr Carlos Ra\u00fal Masferrer, padre de nuestra Presidente, Luz Masferrer. <\/p>\n\n\n\n<p>Asociados del Colegio acompa\u00f1an a nuestra Presidente y a su familia en este momento de profundo dolor e irreparable p\u00e9rdida de sus padres. Sus restos ser\u00e1n velados en Previsora del Paran\u00e1 (Av Independencia-tel 4451254) en el horario de 17 a 20hs. <\/p>\n\n\n\n<p>Elevamos una oraci\u00f3n en su memoria y resignaci\u00f3n a sus familiares. <\/p>\n","protected":false},"excerpt":{"rendered":"<p>El Colegio de Magistrados y Funcionarios del Poder Judicial de la Provincia de Corrientes, participa con profundo pesar el fallecimiento del Sr Carlos Ra\u00fal Masferrer, padre de nuestra Presidente, Luz Masferrer. Asociados del Colegio acompa\u00f1an a nuestra Presidente y a su familia en este momento de profundo dolor e irreparable p\u00e9rdida de sus padres. Sus restos ser\u00e1n velados en Previsora [&hellip;]<\/p>\n","protected":false},"author":2,"featured_media":5705,"comment_status":"closed","ping_status":"open","sticky":false,"template":"","format":"standard","meta":{"ngg_post_thumbnail":0},"categories":[13],"tags":[],"_links":{"self":[{"href":"https:\/\/magistradoscorrientes.com\/magistrados\/wp-json\/wp\/v2\/posts\/5712"}],"collection":[{"href":"https:\/\/magistradoscorrientes.com\/magistrados\/wp-json\/wp\/v2\/posts"}],"about":[{"href":"https:\/\/magistradoscorrientes.com\/magistrados\/wp-json\/wp\/v2\/types\/post"}],"author":[{"embeddable":true,"href":"https:\/\/magistradoscorrientes.com\/magistrados\/wp-json\/wp\/v2\/users\/2"}],"replies":[{"embeddable":true,"href":"https:\/\/magistradoscorrientes.com\/magistrados\/wp-json\/wp\/v2\/comments?post=5712"}],"version-history":[{"count":1,"href":"https:\/\/magistradoscorrientes.com\/magistrados\/wp-json\/wp\/v2\/posts\/5712\/revisions"}],"predecessor-version":[{"id":5713,"href":"https:\/\/magistradoscorrientes.com\/magistrados\/wp-json\/wp\/v2\/posts\/5712\/revisions\/5713"}],"wp:featuredmedia":[{"embeddable":true,"href":"https:\/\/magistradoscorrientes.com\/magistrados\/wp-json\/wp\/v2\/media\/5705"}],"wp:attachment":[{"href":"https:\/\/magistradoscorrientes.com\/magistrados\/wp-json\/wp\/v2\/media?parent=5712"}],"wp:term":[{"taxonomy":"category","embeddable":true,"href":"https:\/\/magistradoscorrientes.com\/magistrados\/wp-json\/wp\/v2\/categories?post=5712"},{"taxonomy":"post_tag","embeddable":true,"href":"https:\/\/magistradoscorrientes.com\/magistrados\/wp-json\/wp\/v2\/tags?post=5712"}],"curies":[{"name":"wp","href":"https:\/\/api.w.org\/{rel}","templated":true}]}}