{"id":5716,"date":"2021-10-31T11:09:21","date_gmt":"2021-10-31T14:09:21","guid":{"rendered":"http:\/\/magistradoscorrientes.com\/magistrados\/?p=5716"},"modified":"2021-10-31T11:14:06","modified_gmt":"2021-10-31T14:14:06","slug":"condolencias-de-la-asociacion-argentina-de-la-justicia-y-ejecucion-penal","status":"publish","type":"post","link":"https:\/\/magistradoscorrientes.com\/magistrados\/condolencias-de-la-asociacion-argentina-de-la-justicia-y-ejecucion-penal\/","title":{"rendered":"Condolencias de la Asociaci\u00f3n Argentina de la Justicia y Ejecuci\u00f3n Penal por el fallecimiento de los padres de la Dra Masferrer"},"content":{"rendered":"\n<p>La Asociaci\u00f3n Argentina de la Justicia de Ejecuci\u00f3n Penal, hace llegar sus condolencias por los fallecimientos del Sr Carlos Ra\u00fal Masferrer y de la Sra Luisa Taglang de Masferrer, padres de la Dra Luz Masferrer, Presidente del Colegio de Magistrados y Funcionarios del Poder Judicial de Corrientes,  querida amiga y gran impulsora de nuestro espacio.<\/p>\n\n\n\n<p>Querida Luz, elevamos una oraci\u00f3n en su memoria, te acompa\u00f1amos en tu dolor y te enviamos un abrazo con el cari\u00f1o de siempre. <\/p>\n","protected":false},"excerpt":{"rendered":"<p>La Asociaci\u00f3n Argentina de la Justicia de Ejecuci\u00f3n Penal, hace llegar sus condolencias por los fallecimientos del Sr Carlos Ra\u00fal Masferrer y de la Sra Luisa Taglang de Masferrer, padres de la Dra Luz Masferrer, Presidente del Colegio de Magistrados y Funcionarios del Poder Judicial de Corrientes, querida amiga y gran impulsora de nuestro espacio. Querida Luz, elevamos una oraci\u00f3n [&hellip;]<\/p>\n","protected":false},"author":2,"featured_media":5717,"comment_status":"closed","ping_status":"open","sticky":false,"template":"","format":"standard","meta":{"ngg_post_thumbnail":0},"categories":[13],"tags":[],"_links":{"self":[{"href":"https:\/\/magistradoscorrientes.com\/magistrados\/wp-json\/wp\/v2\/posts\/5716"}],"collection":[{"href":"https:\/\/magistradoscorrientes.com\/magistrados\/wp-json\/wp\/v2\/posts"}],"about":[{"href":"https:\/\/magistradoscorrientes.com\/magistrados\/wp-json\/wp\/v2\/types\/post"}],"author":[{"embeddable":true,"href":"https:\/\/magistradoscorrientes.com\/magistrados\/wp-json\/wp\/v2\/users\/2"}],"replies":[{"embeddable":true,"href":"https:\/\/magistradoscorrientes.com\/magistrados\/wp-json\/wp\/v2\/comments?post=5716"}],"version-history":[{"count":2,"href":"https:\/\/magistradoscorrientes.com\/magistrados\/wp-json\/wp\/v2\/posts\/5716\/revisions"}],"predecessor-version":[{"id":5719,"href":"https:\/\/magistradoscorrientes.com\/magistrados\/wp-json\/wp\/v2\/posts\/5716\/revisions\/5719"}],"wp:featuredmedia":[{"embeddable":true,"href":"https:\/\/magistradoscorrientes.com\/magistrados\/wp-json\/wp\/v2\/media\/5717"}],"wp:attachment":[{"href":"https:\/\/magistradoscorrientes.com\/magistrados\/wp-json\/wp\/v2\/media?parent=5716"}],"wp:term":[{"taxonomy":"category","embeddable":true,"href":"https:\/\/magistradoscorrientes.com\/magistrados\/wp-json\/wp\/v2\/categories?post=5716"},{"taxonomy":"post_tag","embeddable":true,"href":"https:\/\/magistradoscorrientes.com\/magistrados\/wp-json\/wp\/v2\/tags?post=5716"}],"curies":[{"name":"wp","href":"https:\/\/api.w.org\/{rel}","templated":true}]}}