{"id":5790,"date":"2021-11-29T09:59:00","date_gmt":"2021-11-29T12:59:00","guid":{"rendered":"http:\/\/magistradoscorrientes.com\/magistrados\/?p=5790"},"modified":"2021-11-29T09:59:00","modified_gmt":"2021-11-29T12:59:00","slug":"resumen-de-cd-noviembre-2021","status":"publish","type":"post","link":"https:\/\/magistradoscorrientes.com\/magistrados\/resumen-de-cd-noviembre-2021\/","title":{"rendered":"Resumen de CD \u2013 Noviembre 2021"},"content":{"rendered":"\n<p>El pasado jueves 25 se llev\u00f3 a cabo la reuni\u00f3n de Comisi\u00f3n Directiva del Colegio de Magistrados y Funcionarios Poder Judicial de la Provincia de Corrientes, la que se desarroll\u00f3 en modalidad mixta (presencial y virtual) con participaci\u00f3n de los integrantes de comisi\u00f3n directiva y asociados.<\/p>\n\n\n\n<p>En la misma se dio tratamiento a notas presentadas por Asociados y otras instituciones, como tambi\u00e9n a peticiones y gestiones realizadas por el Colegio.<\/p>\n\n\n\n<p>En lo que refiere al reclamo por las remuneraciones se resolvi\u00f3 formular petici\u00f3n formal al Superior Tribunal de Justicia, haciendo saber que de no contarse con una respuesta favorable se iniciar\u00e1n las acciones que en derecho pudieran corresponder. La presentaci\u00f3n ir\u00e1 acompa\u00f1ada de la mayor cantidad posible de firmas de Asociados en se\u00f1al de apoyo, y se dar\u00e1 amplia difusi\u00f3n de la misma a trav\u00e9s de medios de comunicaci\u00f3n. La adhesi\u00f3n de los Asociados podr\u00e1 hacerse mediante firma o firma digital enviada por correo electr\u00f3nico o WhatsApp.<\/p>\n\n\n\n<p>Se invitar\u00e1 a Asociados a la presentaci\u00f3n de la petici\u00f3n en los pr\u00f3ximos d\u00edas.<\/p>\n\n\n\n<p>Se ha discutido la cuesti\u00f3n y se ha considerado de toda prioridad que el STJ vea la entidad del reclamo de los Asociados en estos tiempos inflacionarios y que es necesario que por parte de la cabeza de poder se encaren acciones concretas ante el Ejecutivo y Legislativo para lograr recomponer las remuneraciones.<\/p>\n\n\n\n<p>Se seguir\u00e1 esta medida como previa de otras contundentes que permitan la plena vigencia de la autarqu\u00eda judicial y de la intangibilidad de las remuneraciones como pilar de la independencia; seguidas de medidas de difusi\u00f3n hacia la opini\u00f3n p\u00fablica.<\/p>\n\n\n\n<p>Con respecto a la petici\u00f3n de los Secretarios de Justicia de Paz, se decidi\u00f3 retornar las conversaciones con los se\u00f1ores ministros a fin de analizar la posibilidad de re categorizaci\u00f3n u otra medida que logre jerarquizar&nbsp; a este sector desde el punto de vista funcional y econ\u00f3mico.<\/p>\n\n\n\n<p>En lo que refiere a la convocatoria a elecciones para representantes de Consejo de la Magistratura y Jurado de Enjuiciamiento, ante las notas recibidas a tal efecto por parte del STJ y del Jury, qued\u00f3 aprobada la gesti\u00f3n realizada por integrantes de la Comisi\u00f3n Directiva ante el Dr. Rey V\u00e1zquez y Dr. Cha\u00edn tendientes a aplazar el cronograma para el a\u00f1o pr\u00f3ximo, ya que los cortos tiempos hasta fin de a\u00f1o impedir\u00edan tal realizaci\u00f3n, lo que fue aceptado por ambos presidentes.<\/p>\n\n\n\n<p>Entre los temas de interior se analizaron cuestiones comentadas por los representantes de Paso de los Libres, Curuz\u00fa Cuati\u00e1, Monte Caseros y Esquina, destac\u00e1ndose la preocupaci\u00f3n por la implementaci\u00f3n del C\u00f3digo Procesal Civil la semana pr\u00f3xima y la incertidumbre en cuanto a la puesta en marcha del soporte digital. Tambi\u00e9n se aprob\u00f3 un subsidio extraordinario de reintegro de costo de combustible para una asociada del interior, a fin de permitir su tratamiento oncol\u00f3gico en Corrientes.<\/p>\n\n\n\n<p>La Dra Mar\u00eda Jos\u00e9 Barrero coment\u00f3 sobre la reuni\u00f3n de Comisi\u00f3n Nacional de Secretarios de FAM en la ciudad de San Juan el 4y 5 de noviembre, a la que asisti\u00f3 junto con la Dra. Pasetto, se\u00f1alando que entre los temas trabajados se encuentra el de las remuneraciones del sector y la incidencia del teletrabajo en el horario judicial con motivo del aislamiento por pandemia. Asimismo, se sugiri\u00f3 se ofrezca a la Federaci\u00f3n la posibilidad de que alguna reuni\u00f3n de CNS del a\u00f1o 2022 se lleve a cabo en Corrientes, quedando as\u00ed aprobado.<\/p>\n\n\n\n<p>A solicitud del Dr. N\u00fa\u00f1ez Huel se dio tratamiento a un especial pedido con motivo de las elecciones de autoridades del Colegio, habi\u00e9ndose tomado conocimiento de la decisi\u00f3n del Tribunal Electoral de que se vote \u00fanicamente en las cabeceras de circunscripci\u00f3n, en el sentido de que se autorice el reintegro de combustible a los Asociados que deban trasladarse desde otras ciudades hasta las cabeceras para emitir el voto el pr\u00f3ximo 4 de diciembre. A fin de permitir la mayor participaci\u00f3n de asociados en el acto eleccionario, la comisi\u00f3n aprob\u00f3 la moci\u00f3n por unanimidad.<\/p>\n\n\n\n<p>En lo que refiere al reclamo por las remuneraciones se resolvi\u00f3 formular petici\u00f3n formal al Superior Tribunal de Justicia, haciendo saber que de no contarse con una respuesta favorable se iniciar\u00e1n las acciones que en derecho pudieran corresponder. La presentaci\u00f3n ir\u00e1 acompa\u00f1ada de la mayor cantidad posible de firmas de Asociados en se\u00f1al de apoyo, y se dar\u00e1 amplia difusi\u00f3n de la misma a trav\u00e9s de medios de comunicaci\u00f3n. La adhesi\u00f3n de los Asociados podr\u00e1 hacerse mediante firma o firma digital enviada por correo electr\u00f3nico o WhatsApp.<\/p>\n\n\n\n<p>Se invitar\u00e1 a Asociados a la presentaci\u00f3n de la petici\u00f3n en los pr\u00f3ximos d\u00edas.<\/p>\n\n\n\n<p>Se ha discutido la cuesti\u00f3n y se ha considerado de toda prioridad que el STJ vea la entidad del reclamo de los Asociados en estos tiempos inflacionarios y que es necesario que por parte de la cabeza de poder se encaren acciones concretas ante el Ejecutivo y Legislativo para lograr recomponer las remuneraciones.<\/p>\n\n\n\n<p>Se seguir\u00e1 esta medida como previa de otras contundentes que permitan la plena vigencia de la autarqu\u00eda judicial y de la intangibilidad de las remuneraciones como pilar de la independencia; seguidas de medidas de difusi\u00f3n hacia la opini\u00f3n p\u00fablica.<\/p>\n\n\n\n<p>Con respecto a la petici\u00f3n de los Secretarios de Justicia de Paz, se decidi\u00f3 retornar las conversaciones con los se\u00f1ores ministros a fin de analizar la posibilidad de re categorizaci\u00f3n u otra medida que logre jerarquizar&nbsp; a este sector desde el punto de vista funcional y econ\u00f3mico.<\/p>\n\n\n\n<p>En lo que refiere a la convocatoria a elecciones para representantes de Consejo de la Magistratura y Jurado de Enjuiciamiento, ante las notas recibidas a tal efecto por parte del STJ y del Jury, qued\u00f3 aprobada la gesti\u00f3n realizada por integrantes de la Comisi\u00f3n Directiva ante el Dr. Rey V\u00e1zquez y Dr. Cha\u00edn tendientes a aplazar el cronograma para el a\u00f1o pr\u00f3ximo, ya que los cortos tiempos hasta fin de a\u00f1o impedir\u00edan tal realizaci\u00f3n, lo que fue aceptado por ambos presidentes.<\/p>\n\n\n\n<p>Entre los temas de interior se analizaron cuestiones comentadas por los representantes de Paso de los Libres, Curuz\u00fa Cuati\u00e1, Monte Caseros y Esquina, destac\u00e1ndose la preocupaci\u00f3n por la implementaci\u00f3n del C\u00f3digo Procesal Civil la semana pr\u00f3xima y la incertidumbre en cuanto a la puesta en marcha del soporte digital. Tambi\u00e9n se aprob\u00f3 un subsidio extraordinario de reintegro de costo de combustible para una asociada del interior, a fin de permitir su tratamiento oncol\u00f3gico en Corrientes.<\/p>\n\n\n\n<p>La Dra Mar\u00eda Jos\u00e9 Barrero coment\u00f3 sobre la reuni\u00f3n de Comisi\u00f3n Nacional de Secretarios de FAM en la ciudad de San Juan el 4y 5 de noviembre, a la que asisti\u00f3 junto con la Dra. Pasetto, se\u00f1alando que entre los temas trabajados se encuentra el de las remuneraciones del sector y la incidencia del teletrabajo en el horario judicial con motivo del aislamiento por pandemia. Asimismo, se sugiri\u00f3 se ofrezca a la Federaci\u00f3n la posibilidad de que alguna reuni\u00f3n de CNS del a\u00f1o 2022 se lleve a cabo en Corrientes, quedando as\u00ed aprobado.<\/p>\n\n\n\n<p>A solicitud del Dr. N\u00fa\u00f1ez Huel se dio tratamiento a un especial pedido con motivo de las elecciones de autoridades del Colegio, habi\u00e9ndose tomado conocimiento de la decisi\u00f3n del Tribunal Electoral de que se vote \u00fanicamente en las cabeceras de circunscripci\u00f3n, en el sentido de que se autorice el reintegro de combustible a los Asociados que deban trasladarse desde otras ciudades hasta las cabeceras para emitir el voto el pr\u00f3ximo 4 de diciembre. A fin de permitir la mayor participaci\u00f3n de asociados en el acto eleccionario, la comisi\u00f3n aprob\u00f3 la moci\u00f3n por unanimidad.<\/p>\n\n\n\n<p><\/p>\n","protected":false},"excerpt":{"rendered":"<p>El pasado jueves 25 se llev\u00f3 a cabo la reuni\u00f3n de Comisi\u00f3n Directiva del Colegio de Magistrados y Funcionarios Poder Judicial de la Provincia de Corrientes, la que se desarroll\u00f3 en modalidad mixta (presencial y virtual) con participaci\u00f3n de los integrantes de comisi\u00f3n directiva y asociados. En la misma se dio tratamiento a notas presentadas por Asociados y otras instituciones, [&hellip;]<\/p>\n","protected":false},"author":2,"featured_media":5791,"comment_status":"closed","ping_status":"open","sticky":false,"template":"","format":"standard","meta":{"ngg_post_thumbnail":0},"categories":[13],"tags":[],"_links":{"self":[{"href":"https:\/\/magistradoscorrientes.com\/magistrados\/wp-json\/wp\/v2\/posts\/5790"}],"collection":[{"href":"https:\/\/magistradoscorrientes.com\/magistrados\/wp-json\/wp\/v2\/posts"}],"about":[{"href":"https:\/\/magistradoscorrientes.com\/magistrados\/wp-json\/wp\/v2\/types\/post"}],"author":[{"embeddable":true,"href":"https:\/\/magistradoscorrientes.com\/magistrados\/wp-json\/wp\/v2\/users\/2"}],"replies":[{"embeddable":true,"href":"https:\/\/magistradoscorrientes.com\/magistrados\/wp-json\/wp\/v2\/comments?post=5790"}],"version-history":[{"count":1,"href":"https:\/\/magistradoscorrientes.com\/magistrados\/wp-json\/wp\/v2\/posts\/5790\/revisions"}],"predecessor-version":[{"id":5792,"href":"https:\/\/magistradoscorrientes.com\/magistrados\/wp-json\/wp\/v2\/posts\/5790\/revisions\/5792"}],"wp:featuredmedia":[{"embeddable":true,"href":"https:\/\/magistradoscorrientes.com\/magistrados\/wp-json\/wp\/v2\/media\/5791"}],"wp:attachment":[{"href":"https:\/\/magistradoscorrientes.com\/magistrados\/wp-json\/wp\/v2\/media?parent=5790"}],"wp:term":[{"taxonomy":"category","embeddable":true,"href":"https:\/\/magistradoscorrientes.com\/magistrados\/wp-json\/wp\/v2\/categories?post=5790"},{"taxonomy":"post_tag","embeddable":true,"href":"https:\/\/magistradoscorrientes.com\/magistrados\/wp-json\/wp\/v2\/tags?post=5790"}],"curies":[{"name":"wp","href":"https:\/\/api.w.org\/{rel}","templated":true}]}}