{"id":5797,"date":"2021-12-02T11:14:31","date_gmt":"2021-12-02T14:14:31","guid":{"rendered":"http:\/\/magistradoscorrientes.com\/magistrados\/?p=5797"},"modified":"2021-12-02T11:15:36","modified_gmt":"2021-12-02T14:15:36","slug":"5797-2","status":"publish","type":"post","link":"https:\/\/magistradoscorrientes.com\/magistrados\/5797-2\/","title":{"rendered":"Acta N\u00b0 14 y 15 del Tribunal Electoral del Colegio de Magistrados y Funcionarios de la Provincia de Corrientes"},"content":{"rendered":"\n<p><strong>Acta N\u00b0 14<\/strong> del Tribunal Electoral del Colegio de Magistrados y Funcionarios de la Provincia de Corrientes. <\/p>\n\n\n\n<p>\u2705 Se fija como inicio de veda electoral el 2 de diciembre a partir de las 12hs hasta la finalizaci\u00f3n del acto<\/p>\n\n\n\n<p>\u2705 Se traslada la mesa que funcionar\u00e1 en la Ciudad de Santo Tom\u00e9 al edificio de la C\u00e1mara de Apelaciones Civil, Comercial y Laboral, calle Ca\u00e1 Guaz\u00fa N 432 planta baja.<\/p>\n\n\n\n<p>\u2705 Se aprobaron modelos de Actas de apertura y Clausura e instrucciones que ser\u00e1n incorporadas a las urnas.<\/p>\n\n\n\n<p><strong>Acta N\u00b0 15 <\/strong>del Tribunal Electoral del Colegio de Magistrados y Funcionarios de la Provincia de Corrientes.<\/p>\n\n\n\n<p>Se habilita en la Ciudad de Mercedes una mesa receptora de votos, de acuerdo al pedido de Asociados del Colegio, ya que Curuz\u00fa Cuati\u00e1 se encuentra a mucha distancia.<\/p>\n\n\n\n<p>Adjuntamos Actas correspondientes. <\/p>\n\n\n\n<div class=\"wp-block-file\"><a href=\"https:\/\/magistradoscorrientes.com\/magistrados\/wp-content\/uploads\/2021\/12\/ACTA-N\u00b0-veda.doc\">ACTA-N\u00b0-veda<\/a><a href=\"https:\/\/magistradoscorrientes.com\/magistrados\/wp-content\/uploads\/2021\/12\/ACTA-N\u00b0-veda.doc\" class=\"wp-block-file__button\" download>Descarga<\/a><\/div>\n\n\n\n<div class=\"wp-block-file\"><a href=\"https:\/\/magistradoscorrientes.com\/magistrados\/wp-content\/uploads\/2021\/12\/ACTA-habilitacion-Mercedes.doc\">ACTA-habilitacion-Mercedes<\/a><a href=\"https:\/\/magistradoscorrientes.com\/magistrados\/wp-content\/uploads\/2021\/12\/ACTA-habilitacion-Mercedes.doc\" class=\"wp-block-file__button\" download>Descarga<\/a><\/div>\n","protected":false},"excerpt":{"rendered":"<p>Acta N\u00b0 14 del Tribunal Electoral del Colegio de Magistrados y Funcionarios de la Provincia de Corrientes. \u2705 Se fija como inicio de veda electoral el 2 de diciembre a partir de las 12hs hasta la finalizaci\u00f3n del acto \u2705 Se traslada la mesa que funcionar\u00e1 en la Ciudad de Santo Tom\u00e9 al edificio de la C\u00e1mara de Apelaciones Civil, [&hellip;]<\/p>\n","protected":false},"author":2,"featured_media":5769,"comment_status":"closed","ping_status":"open","sticky":false,"template":"","format":"standard","meta":{"ngg_post_thumbnail":0},"categories":[13],"tags":[],"_links":{"self":[{"href":"https:\/\/magistradoscorrientes.com\/magistrados\/wp-json\/wp\/v2\/posts\/5797"}],"collection":[{"href":"https:\/\/magistradoscorrientes.com\/magistrados\/wp-json\/wp\/v2\/posts"}],"about":[{"href":"https:\/\/magistradoscorrientes.com\/magistrados\/wp-json\/wp\/v2\/types\/post"}],"author":[{"embeddable":true,"href":"https:\/\/magistradoscorrientes.com\/magistrados\/wp-json\/wp\/v2\/users\/2"}],"replies":[{"embeddable":true,"href":"https:\/\/magistradoscorrientes.com\/magistrados\/wp-json\/wp\/v2\/comments?post=5797"}],"version-history":[{"count":2,"href":"https:\/\/magistradoscorrientes.com\/magistrados\/wp-json\/wp\/v2\/posts\/5797\/revisions"}],"predecessor-version":[{"id":5802,"href":"https:\/\/magistradoscorrientes.com\/magistrados\/wp-json\/wp\/v2\/posts\/5797\/revisions\/5802"}],"wp:featuredmedia":[{"embeddable":true,"href":"https:\/\/magistradoscorrientes.com\/magistrados\/wp-json\/wp\/v2\/media\/5769"}],"wp:attachment":[{"href":"https:\/\/magistradoscorrientes.com\/magistrados\/wp-json\/wp\/v2\/media?parent=5797"}],"wp:term":[{"taxonomy":"category","embeddable":true,"href":"https:\/\/magistradoscorrientes.com\/magistrados\/wp-json\/wp\/v2\/categories?post=5797"},{"taxonomy":"post_tag","embeddable":true,"href":"https:\/\/magistradoscorrientes.com\/magistrados\/wp-json\/wp\/v2\/tags?post=5797"}],"curies":[{"name":"wp","href":"https:\/\/api.w.org\/{rel}","templated":true}]}}