{"id":5808,"date":"2021-12-03T22:31:33","date_gmt":"2021-12-04T01:31:33","guid":{"rendered":"http:\/\/magistradoscorrientes.com\/magistrados\/?p=5808"},"modified":"2021-12-03T22:31:33","modified_gmt":"2021-12-04T01:31:33","slug":"orden-del-dia-asamblea-general-ordinaria-memoria-inventario-y-estados-contables-2020-y-2021","status":"publish","type":"post","link":"https:\/\/magistradoscorrientes.com\/magistrados\/orden-del-dia-asamblea-general-ordinaria-memoria-inventario-y-estados-contables-2020-y-2021\/","title":{"rendered":"Orden del D\u00eda Asamblea General Ordinaria + Memoria, Inventario y Estados Contables 2020 y 2021"},"content":{"rendered":"\n<p>Tal como fuera convocada la Asamblea General Ordinaria para el d\u00eda 18 de diciembre de 2021 a las 10 hs en la sede del Colegio, sita en calle Buenos Aires 780 de esta ciudad (en reuni\u00f3n de Comisi\u00f3n Directiva de 24-9-2021), compartimos con los Sres. Asociados el orden del D\u00eda a tratar en la misma:<\/p>\n\n\n\n<p><strong>Orden del D\u00eda:<\/strong><\/p>\n\n\n\n<p>&nbsp;1) Designaci\u00f3n de dos asociados para firmar el Acta de Asamblea.&nbsp;<\/p>\n\n\n\n<p>2) Lectura y Consideraci\u00f3n de la Memoria, Inventario y Estados Contables -Art. 41 inc. a) de los Estatutos- correspondientes al Ejercicio Econ\u00f3mico Financiero N\u00ba 40, iniciado el 01 de octubre de 2019 y finalizado el 30 de septiembre de 2.020 y el N\u00ba 41, iniciado el 01 de octubre de 2020 y finalizado el 30 de septiembre de 2.021.-&nbsp;&nbsp;<\/p>\n\n\n\n<p>3) Poner en posesi\u00f3n de sus cargos a las autoridades proclamadas por el Tribunal Electoral para el per\u00edodo 2021-2023.-\u00a0<\/p>\n\n\n\n<p>\u2018\u2019Las Asambleas se celebrar\u00e1n v\u00e1lidamente, a\u00fan en los casos de reformas de Estatutos, sea cual fuere el n\u00famero de socios concurrentes, media hora despu\u00e9s de la fijada en la convocatoria si antes, no se hubiere reunido ya la mitad m\u00e1s uno de los socios con derecho a voto\u201d. En caso de disoluci\u00f3n social regir\u00e1 lo establecido en el art. 52\u00ba\u2019\u2019. (<em>&nbsp;NOTA: Art 44\u00ba del Estatuto&nbsp;Social).<\/em><\/p>\n\n\n\n<p>Tal convocatoria ha sido publicada en Bolet\u00edn oficial. (29-11-2021) y en diario de publicaciones legales (Diario \u00abEl litoral\u00bb &#8211; 14-10-2021)<\/p>\n\n\n\n<p>Para conocimiento de los asociados se adjuntan: \u00bbMemoria, Inventario y Estados Contables\u2019\u2019 2021 y \u00bbMemoria, Inventario y Estados Contables 2021.<\/p>\n\n\n\n<div class=\"wp-block-file\"><a href=\"https:\/\/magistradoscorrientes.com\/magistrados\/wp-content\/uploads\/2021\/12\/MEMORIA-INVENTARIO-Y-ESTADOS-CONTABLES-2020.pdf\"><strong>MEMORIA-INVENTARIO-Y-ESTADOS-CONTABLES-2020<\/strong><\/a><a href=\"https:\/\/magistradoscorrientes.com\/magistrados\/wp-content\/uploads\/2021\/12\/MEMORIA-INVENTARIO-Y-ESTADOS-CONTABLES-2020.pdf\" class=\"wp-block-file__button\" download>Descarga<\/a><\/div>\n\n\n\n<div class=\"wp-block-file\"><a href=\"https:\/\/magistradoscorrientes.com\/magistrados\/wp-content\/uploads\/2021\/12\/MEMORIA-INVENTARIO-Y-ESTADOS-CONTABLES-2021.pdf\"><strong>MEMORIA-INVENTARIO-Y-ESTADOS-CONTABLES-2021<\/strong><\/a><a href=\"https:\/\/magistradoscorrientes.com\/magistrados\/wp-content\/uploads\/2021\/12\/MEMORIA-INVENTARIO-Y-ESTADOS-CONTABLES-2021.pdf\" class=\"wp-block-file__button\" download>Descarga<\/a><\/div>\n\n\n\n<p><\/p>\n","protected":false},"excerpt":{"rendered":"<p>Tal como fuera convocada la Asamblea General Ordinaria para el d\u00eda 18 de diciembre de 2021 a las 10 hs en la sede del Colegio, sita en calle Buenos Aires 780 de esta ciudad (en reuni\u00f3n de Comisi\u00f3n Directiva de 24-9-2021), compartimos con los Sres. Asociados el orden del D\u00eda a tratar en la misma: Orden del D\u00eda: &nbsp;1) Designaci\u00f3n [&hellip;]<\/p>\n","protected":false},"author":2,"featured_media":5699,"comment_status":"closed","ping_status":"open","sticky":false,"template":"","format":"standard","meta":{"ngg_post_thumbnail":0},"categories":[13],"tags":[],"_links":{"self":[{"href":"https:\/\/magistradoscorrientes.com\/magistrados\/wp-json\/wp\/v2\/posts\/5808"}],"collection":[{"href":"https:\/\/magistradoscorrientes.com\/magistrados\/wp-json\/wp\/v2\/posts"}],"about":[{"href":"https:\/\/magistradoscorrientes.com\/magistrados\/wp-json\/wp\/v2\/types\/post"}],"author":[{"embeddable":true,"href":"https:\/\/magistradoscorrientes.com\/magistrados\/wp-json\/wp\/v2\/users\/2"}],"replies":[{"embeddable":true,"href":"https:\/\/magistradoscorrientes.com\/magistrados\/wp-json\/wp\/v2\/comments?post=5808"}],"version-history":[{"count":1,"href":"https:\/\/magistradoscorrientes.com\/magistrados\/wp-json\/wp\/v2\/posts\/5808\/revisions"}],"predecessor-version":[{"id":5811,"href":"https:\/\/magistradoscorrientes.com\/magistrados\/wp-json\/wp\/v2\/posts\/5808\/revisions\/5811"}],"wp:featuredmedia":[{"embeddable":true,"href":"https:\/\/magistradoscorrientes.com\/magistrados\/wp-json\/wp\/v2\/media\/5699"}],"wp:attachment":[{"href":"https:\/\/magistradoscorrientes.com\/magistrados\/wp-json\/wp\/v2\/media?parent=5808"}],"wp:term":[{"taxonomy":"category","embeddable":true,"href":"https:\/\/magistradoscorrientes.com\/magistrados\/wp-json\/wp\/v2\/categories?post=5808"},{"taxonomy":"post_tag","embeddable":true,"href":"https:\/\/magistradoscorrientes.com\/magistrados\/wp-json\/wp\/v2\/tags?post=5808"}],"curies":[{"name":"wp","href":"https:\/\/api.w.org\/{rel}","templated":true}]}}