{"id":5815,"date":"2021-12-04T21:12:30","date_gmt":"2021-12-05T00:12:30","guid":{"rendered":"http:\/\/magistradoscorrientes.com\/magistrados\/?p=5815"},"modified":"2021-12-06T17:40:16","modified_gmt":"2021-12-06T20:40:16","slug":"la-lista-colegio-independiente-se-impuso-en-las-elecciones","status":"publish","type":"post","link":"https:\/\/magistradoscorrientes.com\/magistrados\/la-lista-colegio-independiente-se-impuso-en-las-elecciones\/","title":{"rendered":"La Lista \u00abColegio Independiente\u00bb se impuso en las elecciones"},"content":{"rendered":"\n<p>La lista<strong> \u00abColegio Independiente\u00bb<\/strong> que encabez\u00f3 la doctora Luz Gabriela Masferrer obtuvo \u00e9ste s\u00e1bado 4 de diciembre el triunfo en las elecciones de nuevas autoridades del Colegio de Magistrados y Funcionarios del Poder Judicial de la Provincia de Corrientes.<\/p>\n\n\n\n<p>Con el 60% por ciento del acompa\u00f1amiento de los Asociados, la actual presidente del Colegio ratific\u00f3 su liderazgo y continuar\u00e1 al frente de la instituci\u00f3n un nuevo periodo estatutario: 2021|2023.<\/p>\n\n\n\n<p>Las elecciones se desarrollaron con total normalidad en las cinco circunscripciones judiciales de la provincia, en un marco de camarader\u00eda y coron\u00f3 una jornada democr\u00e1tica.<\/p>\n\n\n\n<p>\u00bb<strong><em>Casi el 85% del padr\u00f3n de Asociados ha concurrido a las urnas , y hemos realizado una fiesta democr\u00e1tica, fue un acto eleccionario que se desenvolvi\u00f3 con excelencia.  Agradecemos el compromiso de todas las autoridades de mesa en un d\u00eda tan especial para nosotros. Quiero felicitar a cada Asociado, muchos se hicieron varios kil\u00f3metros para votar<\/em><\/strong>\u00bb, expres\u00f3 la  Dra Luz Masferrer.<\/p>\n\n\n\n<p>Y agreg\u00f3: \u00bb<em><strong>De cara al futuro, tal como lo expresamos como eje de campa\u00f1a, vamos a bregar por un \u00bbColegio Independiente\u00bb es nuestra mayor premisa. Queremos fortalecer la horizontalidad interna y el car\u00e1cter integrado de nuestro Colegio. Por ello, invito a TODOS los Asociados,  a quienes nos acompa\u00f1aron y m\u00e1s a\u00fan a los que no, a participar TODOS con iniciativas, con propuestas y proyectos que podremos gestionar entre todos<\/strong><\/em>\u00bb. <\/p>\n\n\n\n<figure class=\"wp-block-gallery columns-1 is-cropped\"><ul class=\"blocks-gallery-grid\"><li class=\"blocks-gallery-item\"><figure><img loading=\"lazy\" width=\"1024\" height=\"682\" src=\"https:\/\/magistradoscorrientes.com\/magistrados\/wp-content\/uploads\/2021\/12\/WhatsApp-Image-2021-12-04-at-9.07.59-PM-1024x682.jpeg\" alt=\"\" data-id=\"5822\" data-full-url=\"https:\/\/magistradoscorrientes.com\/magistrados\/wp-content\/uploads\/2021\/12\/WhatsApp-Image-2021-12-04-at-9.07.59-PM.jpeg\" data-link=\"https:\/\/magistradoscorrientes.com\/magistrados\/la-lista-colegio-independiente-se-impuso-en-las-elecciones\/whatsapp-image-2021-12-04-at-9-07-59-pm\/\" class=\"wp-image-5822\" srcset=\"https:\/\/magistradoscorrientes.com\/magistrados\/wp-content\/uploads\/2021\/12\/WhatsApp-Image-2021-12-04-at-9.07.59-PM-1024x682.jpeg 1024w, https:\/\/magistradoscorrientes.com\/magistrados\/wp-content\/uploads\/2021\/12\/WhatsApp-Image-2021-12-04-at-9.07.59-PM-300x200.jpeg 300w, https:\/\/magistradoscorrientes.com\/magistrados\/wp-content\/uploads\/2021\/12\/WhatsApp-Image-2021-12-04-at-9.07.59-PM-768x512.jpeg 768w, https:\/\/magistradoscorrientes.com\/magistrados\/wp-content\/uploads\/2021\/12\/WhatsApp-Image-2021-12-04-at-9.07.59-PM-391x260.jpeg 391w, https:\/\/magistradoscorrientes.com\/magistrados\/wp-content\/uploads\/2021\/12\/WhatsApp-Image-2021-12-04-at-9.07.59-PM-600x400.jpeg 600w, https:\/\/magistradoscorrientes.com\/magistrados\/wp-content\/uploads\/2021\/12\/WhatsApp-Image-2021-12-04-at-9.07.59-PM.jpeg 1280w\" sizes=\"(max-width: 1024px) 100vw, 1024px\" \/><\/figure><\/li><\/ul><\/figure>\n\n\n\n<p>&#8216;<strong><em>&#8216;Fiesta de la democracia!!! Fuerza Colegio de Magistrados y Funcionarios!!!&#8217;<\/em><\/strong>&#8216;, expres\u00f3 la Dra Andrea Palomeque la candidata de la lista \u00bbCompromiso y Participaci\u00f3n\u00bb tras conocer los resultados. <\/p>\n\n\n\n<p>Las autoridades electas asumir\u00e1n el s\u00e1bado 18 de diciembre, oportunidad en la que se llevar\u00e1 adelante la Asamblea General Ordinaria en la sede social de la instituci\u00f3n.<\/p>\n\n\n\n<p>Ese d\u00eda tomar\u00e1n posesi\u00f3n de cargos junto a los miembros de Comisi\u00f3n Directiva, los representantes de Tribunal de \u00c9tica y tambi\u00e9n de la Comisi\u00f3n Revisora de Cuentas.<\/p>\n\n\n\n<figure class=\"wp-block-embed-youtube wp-block-embed is-type-video is-provider-youtube wp-embed-aspect-4-3 wp-has-aspect-ratio\"><div class=\"wp-block-embed__wrapper\">\n<iframe title=\"Postales de las Elecciones 2021\" width=\"640\" height=\"480\" src=\"https:\/\/www.youtube.com\/embed\/oYAhJoXC87A?feature=oembed\" frameborder=\"0\" allow=\"accelerometer; autoplay; clipboard-write; encrypted-media; gyroscope; picture-in-picture\" allowfullscreen><\/iframe>\n<\/div><\/figure>\n\n\n\n<p>En detalle, los resultados son los siguientes:<\/p>\n\n\n\n<p>Padr\u00f3n Habilitado para el voto:  437 Asociados<\/p>\n\n\n\n<p><strong>En el Interior<\/strong><\/p>\n\n\n\n<p>&#8211; Lista Colegio Independiente &#8211; 74 (Dra Luz Masferrer)<\/p>\n\n\n\n<p>&#8211; Lista Compromiso y Participaci\u00f3n &#8211; 52 (Dra Andrea Palomeque)<\/p>\n\n\n\n<p><strong>Total<\/strong>:  126 votos<\/p>\n\n\n\n<p><strong>Resultados en Capital:<\/strong><\/p>\n\n\n\n<p>&#8211; Colegio Independiente &#8211; 150&nbsp; (Dra Luz Masferrer)<\/p>\n\n\n\n<p>&#8211; Compromiso y Participaci\u00f3n &#8211;\u00a0 98 (Dra Andrea Palomeque)<\/p>\n\n\n\n<p><strong>Total: <\/strong>  248<\/p>\n\n\n\n<p><strong>Total de votos en la Provincia: 374<\/strong><\/p>\n\n\n\n<p><strong>TOTALES<\/strong><\/p>\n\n\n\n<p>&#8211; DRA LUZ MASFERRER &#8211; 224 votos<\/p>\n\n\n\n<p>&#8211; DRA ANDREA PALOMEQUE &#8211; 150 votos<\/p>\n\n\n\n<p><strong>Diferencia: 74 votos<\/strong><\/p>\n","protected":false},"excerpt":{"rendered":"<p>La lista \u00abColegio Independiente\u00bb que encabez\u00f3 la doctora Luz Gabriela Masferrer obtuvo \u00e9ste s\u00e1bado 4 de diciembre el triunfo en las elecciones de nuevas autoridades del Colegio de Magistrados y Funcionarios del Poder Judicial de la Provincia de Corrientes. Con el 60% por ciento del acompa\u00f1amiento de los Asociados, la actual presidente del Colegio ratific\u00f3 su liderazgo y continuar\u00e1 al [&hellip;]<\/p>\n","protected":false},"author":2,"featured_media":5816,"comment_status":"closed","ping_status":"open","sticky":false,"template":"","format":"standard","meta":{"ngg_post_thumbnail":0},"categories":[13],"tags":[],"_links":{"self":[{"href":"https:\/\/magistradoscorrientes.com\/magistrados\/wp-json\/wp\/v2\/posts\/5815"}],"collection":[{"href":"https:\/\/magistradoscorrientes.com\/magistrados\/wp-json\/wp\/v2\/posts"}],"about":[{"href":"https:\/\/magistradoscorrientes.com\/magistrados\/wp-json\/wp\/v2\/types\/post"}],"author":[{"embeddable":true,"href":"https:\/\/magistradoscorrientes.com\/magistrados\/wp-json\/wp\/v2\/users\/2"}],"replies":[{"embeddable":true,"href":"https:\/\/magistradoscorrientes.com\/magistrados\/wp-json\/wp\/v2\/comments?post=5815"}],"version-history":[{"count":9,"href":"https:\/\/magistradoscorrientes.com\/magistrados\/wp-json\/wp\/v2\/posts\/5815\/revisions"}],"predecessor-version":[{"id":5827,"href":"https:\/\/magistradoscorrientes.com\/magistrados\/wp-json\/wp\/v2\/posts\/5815\/revisions\/5827"}],"wp:featuredmedia":[{"embeddable":true,"href":"https:\/\/magistradoscorrientes.com\/magistrados\/wp-json\/wp\/v2\/media\/5816"}],"wp:attachment":[{"href":"https:\/\/magistradoscorrientes.com\/magistrados\/wp-json\/wp\/v2\/media?parent=5815"}],"wp:term":[{"taxonomy":"category","embeddable":true,"href":"https:\/\/magistradoscorrientes.com\/magistrados\/wp-json\/wp\/v2\/categories?post=5815"},{"taxonomy":"post_tag","embeddable":true,"href":"https:\/\/magistradoscorrientes.com\/magistrados\/wp-json\/wp\/v2\/tags?post=5815"}],"curies":[{"name":"wp","href":"https:\/\/api.w.org\/{rel}","templated":true}]}}