{"id":5828,"date":"2021-12-06T17:50:56","date_gmt":"2021-12-06T20:50:56","guid":{"rendered":"http:\/\/magistradoscorrientes.com\/magistrados\/?p=5828"},"modified":"2021-12-07T10:58:14","modified_gmt":"2021-12-07T13:58:14","slug":"ano-del-cincuentenario-del-tribunal-oral-penal-n-2-ex-camara-criminal","status":"publish","type":"post","link":"https:\/\/magistradoscorrientes.com\/magistrados\/ano-del-cincuentenario-del-tribunal-oral-penal-n-2-ex-camara-criminal\/","title":{"rendered":"50 a\u00f1os del Tribunal Oral Penal N\u00b0 2, ex C\u00e1mara Criminal"},"content":{"rendered":"\n<p>El Tribunal Oral Penal N\u00b0 2&nbsp; de la Primera Circunscripci\u00f3n Judicial del Poder Judicial de la Provincia de Corrientes, cumple este a\u00f1o 2.021 cinco d\u00e9cadas de labor judicial.<\/p>\n\n\n\n<p>Fue creada en el a\u00f1o 1.971 conforme la ley org\u00e1nica N\u00b0 2990 de la Administraci\u00f3n de Justicia<\/p>\n\n\n\n<p><strong>Historia<\/strong><\/p>\n\n\n\n<p>La oficina judicial comenz\u00f3&nbsp; a funcionar en el que hoy continua transitando su vida, llamado Edificio Patono, ubicado por calle Pl\u00e1cido Mart\u00ednez N\u00b0 1.056, frente al puerto de la ciudad, y el edificio de techos altos, habitaciones espaciosas, pasillos y patios internos correspond\u00eda a una familia que se dedicaba al comercio c\u00e1rnico, en ella ten\u00eda su casa y tambi\u00e9n su comercio, desde donde solo necesitaba cruzar para enviar por barco, para lo que usaban rieles, esa familia se apellidaba Patono, de all\u00ed su nombre al edificio; el que fue comprado por el Poder Judicial con el objetivo que en \u00e9l se establezcan los dos tribunales orales de la ciudad. &nbsp;&nbsp;<\/p>\n\n\n\n<p>Los primeros Jueces designados fueron Juan Carlos Peris y Luis Adan Maciel, la tercera vocal\u00eda se cubr\u00eda provisoriamente con uno de los integrantes de la C\u00e1mara Criminal N\u00b0 1 as\u00ed tambi\u00e9n se trabaja con la Secretaria de la C\u00e1mara N\u00b0 1 Dra. Amanda Estela Kees, quienes actuaban como subrogantes legales. La tercera vocal\u00eda designada en el mismo a\u00f1o fue el Dr. Miguel H\u00e9ctor Marengo y el primer secretario fue Pedro R\u00f3mulo Vischi.<\/p>\n\n\n\n<figure class=\"wp-block-gallery columns-1 is-cropped\"><ul class=\"blocks-gallery-grid\"><li class=\"blocks-gallery-item\"><figure><img loading=\"lazy\" width=\"1024\" height=\"768\" src=\"https:\/\/magistradoscorrientes.com\/magistrados\/wp-content\/uploads\/2021\/12\/WhatsApp-Image-2021-12-07-at-8.34.42-AM-1-1024x768.jpeg\" alt=\"\" data-id=\"5834\" data-full-url=\"https:\/\/magistradoscorrientes.com\/magistrados\/wp-content\/uploads\/2021\/12\/WhatsApp-Image-2021-12-07-at-8.34.42-AM-1.jpeg\" data-link=\"https:\/\/magistradoscorrientes.com\/magistrados\/ano-del-cincuentenario-del-tribunal-oral-penal-n-2-ex-camara-criminal\/whatsapp-image-2021-12-07-at-8-34-42-am-1\/\" class=\"wp-image-5834\" srcset=\"https:\/\/magistradoscorrientes.com\/magistrados\/wp-content\/uploads\/2021\/12\/WhatsApp-Image-2021-12-07-at-8.34.42-AM-1-1024x768.jpeg 1024w, https:\/\/magistradoscorrientes.com\/magistrados\/wp-content\/uploads\/2021\/12\/WhatsApp-Image-2021-12-07-at-8.34.42-AM-1-300x225.jpeg 300w, https:\/\/magistradoscorrientes.com\/magistrados\/wp-content\/uploads\/2021\/12\/WhatsApp-Image-2021-12-07-at-8.34.42-AM-1-768x576.jpeg 768w, https:\/\/magistradoscorrientes.com\/magistrados\/wp-content\/uploads\/2021\/12\/WhatsApp-Image-2021-12-07-at-8.34.42-AM-1.jpeg 1280w\" sizes=\"(max-width: 1024px) 100vw, 1024px\" \/><\/figure><\/li><\/ul><\/figure>\n\n\n\n<p>Pasaron por el Tribunal reconocidos Jueces, Secretarios y empleados judiciales que han dejado huellas imborrables en sus compa\u00f1eros, algunos sucesores de los puestos que han recibido desinteresadamente sus sapiencias de la labor cotidiana.<\/p>\n\n\n\n<p>Entre ellos, se desempa\u00f1aron como Jueces los Dres. Francisco Sim\u00f3n Romero, Juan Carlos Karsten, Claudelino Airaldi, Marcos Manuel Derqui, Waldino Walter Varela, Nelson Ram\u00f3n Pessoa, Anamaria Uffelman de Adaime, &nbsp;Pedro Antonio S\u00e1ez, Luis \u00c1ngel Godoy Prats, Oscar Enrique Balmes, Sebasti\u00e1n Becerra, Eduardo Andr\u00e9s Orozco, Carlos Libertado Simonelli, Andr\u00e9s Roberto P\u00e9rez, Fernando Luis Alderete, Mar\u00eda Elisa Morilla (quien transcurri\u00f3 su vida laboral en esa dependencia inici\u00e1ndose como empleada, pasando a ser Prosecretaria, Secretaria, &nbsp;y finalmente Jueza), Eduardo Gilberto Panseri. &nbsp;&nbsp;<\/p>\n\n\n\n<p>Como Jueces Sustitutos actuaron los Dres. Diego Ricardo Carbajal y Mar\u00eda Amelia Zair Nicol\u00e1s.<\/p>\n\n\n\n<p>Como Secretarios, los Dres. Antonio Mat\u00edas Piazza, Ram\u00f3n Edgardo Asselborn, Horacio Antonio Silvestri, Mar\u00eda V. Parmetler de Castello, Juan Ram\u00f3n Alegre, Gloria I. Xaubet de Arreseigor, Rafael Escarl\u00f3n, Corina Shpolianski, Ana del Carmen Figueredo, Blanca Azucena Mohando, Ana Emilia Vera y F\u00e9lix Enrique P\u00e9rez D\u00edaz.<\/p>\n\n\n\n<p>Como Empleados algunos de los que formaron parte fueron: Walter Ram\u00f3n Castillo, Maria Amalia Arce de Taj\u00e1n, Francisco Jos\u00e9 Troia, Luis Muzzio, Lino Antonio S\u00e1nchez, Jorge Alberto L\u00f3pez Cosimi, Estela Almir\u00f3n, Ana Mar\u00eda Romero, &nbsp;Jorge Antonio Casarotto, Daniela Zuiani y Jos\u00e9 Antonio C\u00f3rdoba (quien a\u00fan contin\u00faa integrando el grupo de trabajo).<\/p>\n\n\n\n<p>Hoy transitan sus pasillos los Dres. Juan Jos\u00e9 Cochia, Ariel H\u00e9ctor Gustavo Azcona y Rom\u00e1n Facundo Esquivel como Jueces Titulares; las Dras. Mar\u00eda Bel\u00e9n Traffano Schiffo y Julieta Itat\u00ed Gonz\u00e1lez, como Secretarias; las Dras. Sheyla Beatriz Troia, Alicia Beatriz Porfirio y Eve Julieta Pisarello como Prosecretarias.&nbsp;<\/p>\n\n\n\n<figure class=\"wp-block-gallery columns-1 is-cropped\"><ul class=\"blocks-gallery-grid\"><li class=\"blocks-gallery-item\"><figure><img loading=\"lazy\" width=\"1024\" height=\"484\" src=\"https:\/\/magistradoscorrientes.com\/magistrados\/wp-content\/uploads\/2021\/12\/WhatsApp-Image-2021-12-06-at-5.48.55-PM-1-1024x484.jpeg\" alt=\"\" data-id=\"5831\" data-full-url=\"https:\/\/magistradoscorrientes.com\/magistrados\/wp-content\/uploads\/2021\/12\/WhatsApp-Image-2021-12-06-at-5.48.55-PM-1.jpeg\" data-link=\"https:\/\/magistradoscorrientes.com\/magistrados\/?attachment_id=5831\" class=\"wp-image-5831\" srcset=\"https:\/\/magistradoscorrientes.com\/magistrados\/wp-content\/uploads\/2021\/12\/WhatsApp-Image-2021-12-06-at-5.48.55-PM-1-1024x484.jpeg 1024w, https:\/\/magistradoscorrientes.com\/magistrados\/wp-content\/uploads\/2021\/12\/WhatsApp-Image-2021-12-06-at-5.48.55-PM-1-300x142.jpeg 300w, https:\/\/magistradoscorrientes.com\/magistrados\/wp-content\/uploads\/2021\/12\/WhatsApp-Image-2021-12-06-at-5.48.55-PM-1-768x363.jpeg 768w, https:\/\/magistradoscorrientes.com\/magistrados\/wp-content\/uploads\/2021\/12\/WhatsApp-Image-2021-12-06-at-5.48.55-PM-1.jpeg 1280w\" sizes=\"(max-width: 1024px) 100vw, 1024px\" \/><\/figure><\/li><\/ul><\/figure>\n\n\n\n<p>Desde su creaci\u00f3n en el a\u00f1o 1.971, actu\u00f3 como Tribunal de Juicio para los delitos cometidos en la primera circunscripci\u00f3n judicial y cuya pena en abstracto supere los tres a\u00f1os; &nbsp;y como C\u00e1mara de Apelaciones hasta al a\u00f1o 2.005 en que se crea la C\u00e1mara de Apelaciones Criminal para toda la provincia con asiento en esta ciudad, tiempo que motivados por los fallos de la C:S:J:N: Dieser y Fratichelli (entre otros), la C\u00e1mara Criminal N\u00b0 2 pasa a llamarse Tribunal Oral Penal N\u00b0 2 y su competencia se limita solo a ser tribunal de juicio.&nbsp;<\/p>\n\n\n\n<p><strong>DATO ESTADISTICO:<\/strong>&nbsp;en el a\u00f1o 2.018 se dictaron 202 sentencias, de las cuales&nbsp; fueron positivas 111; en el a\u00f1o 2.019 se dictaron 254 sentencias de las que 177 fueron positivas; y en el a\u00f1o 2.020 se dictaron 151 sentencias, de las que 128 fueron positivas (recordemos que el a\u00f1o se vio afectado por los grandes cambios provocados por la pandemia SARS-Cov-2); encontr\u00e1ndose el Tribunal implementando el sistema de calidad de normas IRAM-ISO 9001:2015 desde el a\u00f1o 2.017 en cuyo marco de mejores se han planteado superar a\u00f1o a a\u00f1o el n\u00famero de sentencias sin disminuir la brecha entre positivas y negativas que se encuentra en el 34%, enti\u00e9ndase negativas a las sentencias de precisi\u00f3n y de sobreseimiento por muerte del imputado.&nbsp; <\/p>\n\n\n\n<p>Teniendo en su <strong>VISI\u00d3N<\/strong> Afianzarse como una organizaci\u00f3n competente que aumente en los usuarios la confianza y el respeto por el modo en que se presta el servicio de justicia, como <strong>MISI\u00d3N<\/strong> Resolver los conflictos particulares de un modo eficiente en procura de la paz social, garantizando la seguridad jur\u00eddica, el acceso a la justicia y la vigencia del Estado de Derecho\u201d,\u00a0 los que realizan sobre la base de los siguientes<strong> VALORES<\/strong>: respeto a los Derechos Humanos y a la Perspectiva de G\u00e9nero; compromiso; \u00e9tica, honestidad y transparencia; calidad y eficacia en el servicio; trato cordial en los justiciables; acceso a la justicia y tutela judicial efectiva.\u00a0 Asimismo, el Tribunal viene aplicando los institutos de conciliaci\u00f3n y reparaci\u00f3n del perjuicio, como m\u00e9todos alternativos, desde la modificaci\u00f3n del art. 59 del C.P., registr\u00e1ndose como sentencias positivas los acuerdos de partes poniendo fin al proceso en un corto plazo, brindando a imputados, v\u00edctimas y damnificados una soluci\u00f3n que satisface sus pretensiones. Causas que responden a un orden de selecci\u00f3n preestablecido cuando re\u00fanen las condiciones legales del instituto.\u00a0\u00a0 Por otro lado, buscan resolver las cuestiones atinentes a libertad en un plazo que no exceda los cinco d\u00edas h\u00e1biles para ceses de prisi\u00f3n.<\/p>\n\n\n\n<figure class=\"wp-block-gallery columns-1 is-cropped\"><ul class=\"blocks-gallery-grid\"><li class=\"blocks-gallery-item\"><figure><img loading=\"lazy\" width=\"1024\" height=\"767\" src=\"http:\/\/magistradoscorrientes.com\/magistrados\/wp-content\/uploads\/2021\/12\/WhatsApp-Image-2021-12-07-at-8.34.42-AM-1024x767.jpeg\" alt=\"\" data-id=\"5835\" data-full-url=\"http:\/\/magistradoscorrientes.com\/magistrados\/wp-content\/uploads\/2021\/12\/WhatsApp-Image-2021-12-07-at-8.34.42-AM.jpeg\" data-link=\"http:\/\/magistradoscorrientes.com\/magistrados\/ano-del-cincuentenario-del-tribunal-oral-penal-n-2-ex-camara-criminal\/whatsapp-image-2021-12-07-at-8-34-42-am\/\" class=\"wp-image-5835\" srcset=\"https:\/\/magistradoscorrientes.com\/magistrados\/wp-content\/uploads\/2021\/12\/WhatsApp-Image-2021-12-07-at-8.34.42-AM-1024x767.jpeg 1024w, https:\/\/magistradoscorrientes.com\/magistrados\/wp-content\/uploads\/2021\/12\/WhatsApp-Image-2021-12-07-at-8.34.42-AM-300x225.jpeg 300w, https:\/\/magistradoscorrientes.com\/magistrados\/wp-content\/uploads\/2021\/12\/WhatsApp-Image-2021-12-07-at-8.34.42-AM-768x575.jpeg 768w, https:\/\/magistradoscorrientes.com\/magistrados\/wp-content\/uploads\/2021\/12\/WhatsApp-Image-2021-12-07-at-8.34.42-AM.jpeg 1280w\" sizes=\"(max-width: 1024px) 100vw, 1024px\" \/><\/figure><\/li><\/ul><\/figure>\n\n\n\n<p>En este marco ha obtenido el Tribunal Oral Penal N\u00b0 2 el <strong>PREMIO PLATA NACIONAL A LA CALIDAD DE LA JUSTICIA<\/strong>, en el a\u00f1o 2.019; y manteniendo su certificado de calidad en el Sistema de Gesti\u00f3n de Calidad del Poder Judicial de la Provincia de Corrientes, certificado por IRAM para el proceso de atenci\u00f3n, recepci\u00f3n, tramitaci\u00f3n y remisi\u00f3n de documentaci\u00f3n para su proceso de Mesa de Entrada y Salida y Mostrador.<\/p>\n","protected":false},"excerpt":{"rendered":"<p>El Tribunal Oral Penal N\u00b0 2&nbsp; de la Primera Circunscripci\u00f3n Judicial del Poder Judicial de la Provincia de Corrientes, cumple este a\u00f1o 2.021 cinco d\u00e9cadas de labor judicial. Fue creada en el a\u00f1o 1.971 conforme la ley org\u00e1nica N\u00b0 2990 de la Administraci\u00f3n de Justicia Historia La oficina judicial comenz\u00f3&nbsp; a funcionar en el que hoy continua transitando su vida, [&hellip;]<\/p>\n","protected":false},"author":2,"featured_media":5831,"comment_status":"closed","ping_status":"open","sticky":false,"template":"","format":"standard","meta":{"ngg_post_thumbnail":0},"categories":[13],"tags":[],"_links":{"self":[{"href":"https:\/\/magistradoscorrientes.com\/magistrados\/wp-json\/wp\/v2\/posts\/5828"}],"collection":[{"href":"https:\/\/magistradoscorrientes.com\/magistrados\/wp-json\/wp\/v2\/posts"}],"about":[{"href":"https:\/\/magistradoscorrientes.com\/magistrados\/wp-json\/wp\/v2\/types\/post"}],"author":[{"embeddable":true,"href":"https:\/\/magistradoscorrientes.com\/magistrados\/wp-json\/wp\/v2\/users\/2"}],"replies":[{"embeddable":true,"href":"https:\/\/magistradoscorrientes.com\/magistrados\/wp-json\/wp\/v2\/comments?post=5828"}],"version-history":[{"count":4,"href":"https:\/\/magistradoscorrientes.com\/magistrados\/wp-json\/wp\/v2\/posts\/5828\/revisions"}],"predecessor-version":[{"id":5836,"href":"https:\/\/magistradoscorrientes.com\/magistrados\/wp-json\/wp\/v2\/posts\/5828\/revisions\/5836"}],"wp:featuredmedia":[{"embeddable":true,"href":"https:\/\/magistradoscorrientes.com\/magistrados\/wp-json\/wp\/v2\/media\/5831"}],"wp:attachment":[{"href":"https:\/\/magistradoscorrientes.com\/magistrados\/wp-json\/wp\/v2\/media?parent=5828"}],"wp:term":[{"taxonomy":"category","embeddable":true,"href":"https:\/\/magistradoscorrientes.com\/magistrados\/wp-json\/wp\/v2\/categories?post=5828"},{"taxonomy":"post_tag","embeddable":true,"href":"https:\/\/magistradoscorrientes.com\/magistrados\/wp-json\/wp\/v2\/tags?post=5828"}],"curies":[{"name":"wp","href":"https:\/\/api.w.org\/{rel}","templated":true}]}}