{"id":5857,"date":"2021-12-16T12:51:29","date_gmt":"2021-12-16T15:51:29","guid":{"rendered":"http:\/\/magistradoscorrientes.com\/magistrados\/?p=5857"},"modified":"2021-12-16T12:51:29","modified_gmt":"2021-12-16T15:51:29","slug":"acta-n-19-y-20-del-tribunal-electoral-del-colegio-de-magistrados-y-funcionarios-de-la-provincia-de-corrientes","status":"publish","type":"post","link":"https:\/\/magistradoscorrientes.com\/magistrados\/acta-n-19-y-20-del-tribunal-electoral-del-colegio-de-magistrados-y-funcionarios-de-la-provincia-de-corrientes\/","title":{"rendered":"Acta N\u00b0 19 y 20 del Tribunal Electoral del Colegio de Magistrados y Funcionarios de la Provincia de Corrientes"},"content":{"rendered":"\n<p>Damos a conocer las Actas N\u00b0 19, del Tribunal Electoral del Colegio de Magistrados y Funcionarios Poder Judicial de la Provincia de Corrientes.<\/p>\n\n\n\n<p>RESUELVE:<\/p>\n\n\n\n<ul><li>1\u00b0) Proclamar electos: PRESIDENTE DEL CONSEJO DIRECTIVO: Dra. Luz Gabriela Masferrer.<\/li><li>2\u00b0) Proclamar como electos para integrar el CONSEJO DIRECTIVO: en representaci\u00f3n de la mayor\u00eda a la lista \u201cCOLEGIO INDEPENDIENTE\u201d Vocales Titulares: a los Dres: Claudia Kirchhof, Mar\u00eda Jos\u00e9 Barrero Sahagun, Eugenio Ram\u00f3n Balbastro, Mirtha Gladys Ram\u00edrez Barrios, Gloria Liliana Pasetto, Diego Roberto Nu\u00f1ez Huel, Marisol Ram\u00edrez, Maria Lourdes Silvero y Eduardo Anibal Modenutti.<\/li><\/ul>\n\n\n\n<p>Vocales Suplentes: a los Dres.: Rosa Beatriz Batalla, Gabriel Guillermo Saade, Alicia Beatriz Porfirio, Julieta Lacroze, Roberto Nicolas Bonastre, Julio Valent\u00edn Medina, Maria Florencia Espindola, Jose Osvaldo Ledesma, Gabriela Fernandez y Jorge Claudio Venialgo.<\/p>\n\n\n\n<ul><li>3\u00b0) Proclamar electos para integrar la COMISI\u00d3N REVISORA DE CUENTAS: Miembros Titulares: en representaci\u00f3n de la lista \u201cCOLEGIO INDEPENDIENTE\u201d a los Dres. Estela Fanny Romano y Dr. Hector Rodrigo Orrant\u00eda y en representaci\u00f3n de la lista \u201cCOMPROMISO y PARTICIPACI\u00d3N\u201d a la Dra. Mar\u00eda Yerut\u00ed Rueda Cangaro.<\/li><\/ul>\n\n\n\n<p>Miembros Suplentes: en representaci\u00f3n de la lista \u201cCOLEGIO INDEPENDIENTE\u201d a la Dra. Olga Anah\u00ed Tabacchi y en representaci\u00f3n de la lista \u201cCOMPROMISO y PARTICIPACI\u00d3N\u201d a la Dra. Mar\u00eda del Carmen Trombotto Jramoy.<\/p>\n\n\n\n<ul><li>4\u00b0) Proclamar como electos para integrar el TRIBUNAL DE \u00c9TICA y DISCIPLINA: a los Dres.: Mar\u00eda Beatriz Ben\u00edtez de R\u00edos Brisco, Claudio Daniel Flores y Manuel Horacio Pereyra.<\/li><\/ul>\n\n\n\n<p>Se adjunta Acta correspondiente.<\/p>\n\n\n\n<div class=\"wp-block-file\"><a href=\"https:\/\/magistradoscorrientes.com\/magistrados\/wp-content\/uploads\/2021\/12\/ACTA-N\u00b0-19-2021.pdf\"><strong>ACTA-N\u00b0-19-2021<\/strong><\/a><a href=\"https:\/\/magistradoscorrientes.com\/magistrados\/wp-content\/uploads\/2021\/12\/ACTA-N\u00b0-19-2021.pdf\" class=\"wp-block-file__button\" download>Descarga<\/a><\/div>\n\n\n\n<p>Acta N\u00b0 20, del Tribunal Electoral del Colegio de Magistrados y Funcionarios Poder Judicial de la Provincia de Corrientes.<\/p>\n\n\n\n<p>RESUELVE:<\/p>\n\n\n\n<ul><li>1\u00b0) Hacer saber, a los presentante de los planteos enunciados precedentemente el criterio sostenido por Tribunal Electoral en caso an\u00e1logo del a\u00f1o 2014, expuesto en los considerandos de la presente, sostenido por la Asamblea General Ordinaria quien resulta soberana y ratificado por la Inspecci\u00f3n General de Personas Jur\u00eddicas con relaci\u00f3n a la integraci\u00f3n de la minor\u00eda al Consejo Directivo.<\/li><li>2\u00b0) Dar por concluida la participaci\u00f3n del Tribunal Electoral.<\/li><\/ul>\n\n\n\n<p>Se adjunta Acta correspondiente. <\/p>\n\n\n\n<div class=\"wp-block-file\"><a href=\"https:\/\/magistradoscorrientes.com\/magistrados\/wp-content\/uploads\/2021\/12\/ACTA-N\u00b0-20-2021.pdf\"><strong>ACTA-N\u00b0-20-2021<\/strong><\/a><a href=\"https:\/\/magistradoscorrientes.com\/magistrados\/wp-content\/uploads\/2021\/12\/ACTA-N\u00b0-20-2021.pdf\" class=\"wp-block-file__button\" download>Descarga<\/a><\/div>\n\n\n\n<p><\/p>\n","protected":false},"excerpt":{"rendered":"<p>Damos a conocer las Actas N\u00b0 19, del Tribunal Electoral del Colegio de Magistrados y Funcionarios Poder Judicial de la Provincia de Corrientes. RESUELVE: 1\u00b0) Proclamar electos: PRESIDENTE DEL CONSEJO DIRECTIVO: Dra. Luz Gabriela Masferrer. 2\u00b0) Proclamar como electos para integrar el CONSEJO DIRECTIVO: en representaci\u00f3n de la mayor\u00eda a la lista \u201cCOLEGIO INDEPENDIENTE\u201d Vocales Titulares: a los Dres: Claudia [&hellip;]<\/p>\n","protected":false},"author":2,"featured_media":5717,"comment_status":"closed","ping_status":"open","sticky":false,"template":"","format":"standard","meta":{"ngg_post_thumbnail":0},"categories":[13],"tags":[],"_links":{"self":[{"href":"https:\/\/magistradoscorrientes.com\/magistrados\/wp-json\/wp\/v2\/posts\/5857"}],"collection":[{"href":"https:\/\/magistradoscorrientes.com\/magistrados\/wp-json\/wp\/v2\/posts"}],"about":[{"href":"https:\/\/magistradoscorrientes.com\/magistrados\/wp-json\/wp\/v2\/types\/post"}],"author":[{"embeddable":true,"href":"https:\/\/magistradoscorrientes.com\/magistrados\/wp-json\/wp\/v2\/users\/2"}],"replies":[{"embeddable":true,"href":"https:\/\/magistradoscorrientes.com\/magistrados\/wp-json\/wp\/v2\/comments?post=5857"}],"version-history":[{"count":1,"href":"https:\/\/magistradoscorrientes.com\/magistrados\/wp-json\/wp\/v2\/posts\/5857\/revisions"}],"predecessor-version":[{"id":5860,"href":"https:\/\/magistradoscorrientes.com\/magistrados\/wp-json\/wp\/v2\/posts\/5857\/revisions\/5860"}],"wp:featuredmedia":[{"embeddable":true,"href":"https:\/\/magistradoscorrientes.com\/magistrados\/wp-json\/wp\/v2\/media\/5717"}],"wp:attachment":[{"href":"https:\/\/magistradoscorrientes.com\/magistrados\/wp-json\/wp\/v2\/media?parent=5857"}],"wp:term":[{"taxonomy":"category","embeddable":true,"href":"https:\/\/magistradoscorrientes.com\/magistrados\/wp-json\/wp\/v2\/categories?post=5857"},{"taxonomy":"post_tag","embeddable":true,"href":"https:\/\/magistradoscorrientes.com\/magistrados\/wp-json\/wp\/v2\/tags?post=5857"}],"curies":[{"name":"wp","href":"https:\/\/api.w.org\/{rel}","templated":true}]}}