{"id":5861,"date":"2021-12-17T13:39:48","date_gmt":"2021-12-17T16:39:48","guid":{"rendered":"http:\/\/magistradoscorrientes.com\/magistrados\/?p=5861"},"modified":"2021-12-17T13:39:48","modified_gmt":"2021-12-17T16:39:48","slug":"acta-n-21-del-tribunal-electoral-del-colegio-de-magistrados-y-funcionarios-de-la-provincia-de-corrientes","status":"publish","type":"post","link":"https:\/\/magistradoscorrientes.com\/magistrados\/acta-n-21-del-tribunal-electoral-del-colegio-de-magistrados-y-funcionarios-de-la-provincia-de-corrientes\/","title":{"rendered":"Acta N\u00b0 21 del Tribunal Electoral del Colegio de Magistrados y Funcionarios de la Provincia de Corrientes"},"content":{"rendered":"\n<p>Damos a conocer las Actas N\u00b0 21, del Tribunal Electoral del Colegio de Magistrados y Funcionarios Poder Judicial de la Provincia de Corrientes.<\/p>\n\n\n\n<p>RESUELVE:<\/p>\n\n\n\n<p>1\u00b0) Proclamar como electos para integrar el CONSEJO DIRECTIVO: en representaci\u00f3n de la minor\u00eda a los candidatos pertenecientes a la lista \u201cCOMPROMISO Y PARTICIPACI\u00d3N\u201d de conformidad a lo establecido en los arts. 15 y 15 bis de Estatuto, como:<\/p>\n\n\n\n<ul><li>Vocales Titulares: a los Dres: Mar\u00eda Andrea Gonz\u00e1lez, Maria Constanza Waisblatt, Mar\u00eda Soledad Fresneda y Mart\u00edn Jos\u00e9 Vega.<\/li><li>Vocales Suplentes: a los Dres.: Juan Domingo Ram\u00edrez, Jonatan Horacio Pedrozo y Olga Alicia Fern\u00e1ndez Fabro.-<\/li><\/ul>\n\n\n\n<p>Adjuntamos el Acta correspondiente. <\/p>\n\n\n\n<div class=\"wp-block-file\"><a href=\"https:\/\/magistradoscorrientes.com\/magistrados\/wp-content\/uploads\/2021\/12\/ACTA-N\u00b0-21-2021.pdf\"><strong>ACTA-N\u00b0-21-2021<\/strong><\/a><a href=\"https:\/\/magistradoscorrientes.com\/magistrados\/wp-content\/uploads\/2021\/12\/ACTA-N\u00b0-21-2021.pdf\" class=\"wp-block-file__button\" download>Descarga<\/a><\/div>\n","protected":false},"excerpt":{"rendered":"<p>Damos a conocer las Actas N\u00b0 21, del Tribunal Electoral del Colegio de Magistrados y Funcionarios Poder Judicial de la Provincia de Corrientes. RESUELVE: 1\u00b0) Proclamar como electos para integrar el CONSEJO DIRECTIVO: en representaci\u00f3n de la minor\u00eda a los candidatos pertenecientes a la lista \u201cCOMPROMISO Y PARTICIPACI\u00d3N\u201d de conformidad a lo establecido en los arts. 15 y 15 bis [&hellip;]<\/p>\n","protected":false},"author":2,"featured_media":5731,"comment_status":"closed","ping_status":"open","sticky":false,"template":"","format":"standard","meta":{"ngg_post_thumbnail":0},"categories":[13],"tags":[],"_links":{"self":[{"href":"https:\/\/magistradoscorrientes.com\/magistrados\/wp-json\/wp\/v2\/posts\/5861"}],"collection":[{"href":"https:\/\/magistradoscorrientes.com\/magistrados\/wp-json\/wp\/v2\/posts"}],"about":[{"href":"https:\/\/magistradoscorrientes.com\/magistrados\/wp-json\/wp\/v2\/types\/post"}],"author":[{"embeddable":true,"href":"https:\/\/magistradoscorrientes.com\/magistrados\/wp-json\/wp\/v2\/users\/2"}],"replies":[{"embeddable":true,"href":"https:\/\/magistradoscorrientes.com\/magistrados\/wp-json\/wp\/v2\/comments?post=5861"}],"version-history":[{"count":1,"href":"https:\/\/magistradoscorrientes.com\/magistrados\/wp-json\/wp\/v2\/posts\/5861\/revisions"}],"predecessor-version":[{"id":5863,"href":"https:\/\/magistradoscorrientes.com\/magistrados\/wp-json\/wp\/v2\/posts\/5861\/revisions\/5863"}],"wp:featuredmedia":[{"embeddable":true,"href":"https:\/\/magistradoscorrientes.com\/magistrados\/wp-json\/wp\/v2\/media\/5731"}],"wp:attachment":[{"href":"https:\/\/magistradoscorrientes.com\/magistrados\/wp-json\/wp\/v2\/media?parent=5861"}],"wp:term":[{"taxonomy":"category","embeddable":true,"href":"https:\/\/magistradoscorrientes.com\/magistrados\/wp-json\/wp\/v2\/categories?post=5861"},{"taxonomy":"post_tag","embeddable":true,"href":"https:\/\/magistradoscorrientes.com\/magistrados\/wp-json\/wp\/v2\/tags?post=5861"}],"curies":[{"name":"wp","href":"https:\/\/api.w.org\/{rel}","templated":true}]}}