{"id":5864,"date":"2021-12-18T14:10:49","date_gmt":"2021-12-18T17:10:49","guid":{"rendered":"http:\/\/magistradoscorrientes.com\/magistrados\/?p=5864"},"modified":"2021-12-19T13:07:07","modified_gmt":"2021-12-19T16:07:07","slug":"la-doctora-luz-masferrer-inicia-un-nuevo-desafio-al-frente-de-nuestro-colegio","status":"publish","type":"post","link":"https:\/\/magistradoscorrientes.com\/magistrados\/la-doctora-luz-masferrer-inicia-un-nuevo-desafio-al-frente-de-nuestro-colegio\/","title":{"rendered":"La doctora Luz Masferrer inicia un nuevo desaf\u00edo al frente de nuestro Colegio"},"content":{"rendered":"\n<p>Con importantes proyectos a corto y mediano plazo la doctora Luz Masferrer encara desde hoy un nuevo per\u00edodo al frente de la instituci\u00f3n. Los Asociados aprobaron los Ejercicios Econ\u00f3micos Financieros N\u00ba 40 y 41 en el marco de la Asamblea General Ordinaria de \u00e9ste s\u00e1bado.<\/p>\n\n\n\n<p>Esta ma\u00f1ana se llev\u00f3 a cabo en nuestra sede la Asamblea General Ordinaria de la instituci\u00f3n, en cuyo marco se procedi\u00f3 designar dos socios para firmar el Acta, tras lo cual se puso a consideraci\u00f3n de los asociados la Memoria, Inventario y Estados Contables.<\/p>\n\n\n\n<p>Los Ejercicios Econ\u00f3micos Financieros N\u00ba 40 (1 de octubre de 2019 al 30 de septiembre de 2020) y el N\u00ba 41 (1 de octubre de 2020 al 30 de septiembre de 2021) fueron aprobados por unanimidad por los asistentes al sal\u00f3n auditorio del Colegio.<\/p>\n\n\n\n<figure class=\"wp-block-gallery columns-3 is-cropped\"><ul class=\"blocks-gallery-grid\"><li class=\"blocks-gallery-item\"><figure><img loading=\"lazy\" width=\"1024\" height=\"683\" src=\"https:\/\/magistradoscorrientes.com\/magistrados\/wp-content\/uploads\/2021\/12\/DSC_0007-1024x683.jpg\" alt=\"\" data-id=\"5868\" data-full-url=\"https:\/\/magistradoscorrientes.com\/magistrados\/wp-content\/uploads\/2021\/12\/DSC_0007-scaled.jpg\" data-link=\"https:\/\/magistradoscorrientes.com\/magistrados\/la-doctora-luz-masferrer-inicia-un-nuevo-desafio-al-frente-de-nuestro-colegio\/dsc_0007-3\/\" class=\"wp-image-5868\" srcset=\"https:\/\/magistradoscorrientes.com\/magistrados\/wp-content\/uploads\/2021\/12\/DSC_0007-1024x683.jpg 1024w, https:\/\/magistradoscorrientes.com\/magistrados\/wp-content\/uploads\/2021\/12\/DSC_0007-300x200.jpg 300w, https:\/\/magistradoscorrientes.com\/magistrados\/wp-content\/uploads\/2021\/12\/DSC_0007-768x512.jpg 768w, https:\/\/magistradoscorrientes.com\/magistrados\/wp-content\/uploads\/2021\/12\/DSC_0007-391x260.jpg 391w, https:\/\/magistradoscorrientes.com\/magistrados\/wp-content\/uploads\/2021\/12\/DSC_0007-1536x1025.jpg 1536w, https:\/\/magistradoscorrientes.com\/magistrados\/wp-content\/uploads\/2021\/12\/DSC_0007-2048x1367.jpg 2048w, https:\/\/magistradoscorrientes.com\/magistrados\/wp-content\/uploads\/2021\/12\/DSC_0007-600x400.jpg 600w\" sizes=\"(max-width: 1024px) 100vw, 1024px\" \/><\/figure><\/li><li class=\"blocks-gallery-item\"><figure><img loading=\"lazy\" width=\"1024\" height=\"683\" src=\"https:\/\/magistradoscorrientes.com\/magistrados\/wp-content\/uploads\/2021\/12\/DSC_0023-1024x683.jpg\" alt=\"\" data-id=\"5869\" data-full-url=\"https:\/\/magistradoscorrientes.com\/magistrados\/wp-content\/uploads\/2021\/12\/DSC_0023-scaled.jpg\" data-link=\"https:\/\/magistradoscorrientes.com\/magistrados\/la-doctora-luz-masferrer-inicia-un-nuevo-desafio-al-frente-de-nuestro-colegio\/dsc_0023-2\/\" class=\"wp-image-5869\" srcset=\"https:\/\/magistradoscorrientes.com\/magistrados\/wp-content\/uploads\/2021\/12\/DSC_0023-1024x683.jpg 1024w, https:\/\/magistradoscorrientes.com\/magistrados\/wp-content\/uploads\/2021\/12\/DSC_0023-300x200.jpg 300w, https:\/\/magistradoscorrientes.com\/magistrados\/wp-content\/uploads\/2021\/12\/DSC_0023-768x512.jpg 768w, https:\/\/magistradoscorrientes.com\/magistrados\/wp-content\/uploads\/2021\/12\/DSC_0023-391x260.jpg 391w, https:\/\/magistradoscorrientes.com\/magistrados\/wp-content\/uploads\/2021\/12\/DSC_0023-1536x1025.jpg 1536w, https:\/\/magistradoscorrientes.com\/magistrados\/wp-content\/uploads\/2021\/12\/DSC_0023-2048x1367.jpg 2048w, https:\/\/magistradoscorrientes.com\/magistrados\/wp-content\/uploads\/2021\/12\/DSC_0023-600x400.jpg 600w\" sizes=\"(max-width: 1024px) 100vw, 1024px\" \/><\/figure><\/li><li class=\"blocks-gallery-item\"><figure><img loading=\"lazy\" width=\"1024\" height=\"683\" src=\"https:\/\/magistradoscorrientes.com\/magistrados\/wp-content\/uploads\/2021\/12\/DSC_0024-1024x683.jpg\" alt=\"\" data-id=\"5871\" data-full-url=\"https:\/\/magistradoscorrientes.com\/magistrados\/wp-content\/uploads\/2021\/12\/DSC_0024-scaled.jpg\" data-link=\"https:\/\/magistradoscorrientes.com\/magistrados\/la-doctora-luz-masferrer-inicia-un-nuevo-desafio-al-frente-de-nuestro-colegio\/dsc_0024-2\/\" class=\"wp-image-5871\" srcset=\"https:\/\/magistradoscorrientes.com\/magistrados\/wp-content\/uploads\/2021\/12\/DSC_0024-1024x683.jpg 1024w, https:\/\/magistradoscorrientes.com\/magistrados\/wp-content\/uploads\/2021\/12\/DSC_0024-300x200.jpg 300w, https:\/\/magistradoscorrientes.com\/magistrados\/wp-content\/uploads\/2021\/12\/DSC_0024-768x512.jpg 768w, https:\/\/magistradoscorrientes.com\/magistrados\/wp-content\/uploads\/2021\/12\/DSC_0024-391x260.jpg 391w, https:\/\/magistradoscorrientes.com\/magistrados\/wp-content\/uploads\/2021\/12\/DSC_0024-1536x1025.jpg 1536w, https:\/\/magistradoscorrientes.com\/magistrados\/wp-content\/uploads\/2021\/12\/DSC_0024-2048x1367.jpg 2048w, https:\/\/magistradoscorrientes.com\/magistrados\/wp-content\/uploads\/2021\/12\/DSC_0024-600x400.jpg 600w\" sizes=\"(max-width: 1024px) 100vw, 1024px\" \/><\/figure><\/li><li class=\"blocks-gallery-item\"><figure><img loading=\"lazy\" width=\"1024\" height=\"683\" src=\"https:\/\/magistradoscorrientes.com\/magistrados\/wp-content\/uploads\/2021\/12\/DSC_0068-1024x683.jpg\" alt=\"\" data-id=\"5875\" data-full-url=\"https:\/\/magistradoscorrientes.com\/magistrados\/wp-content\/uploads\/2021\/12\/DSC_0068-scaled.jpg\" data-link=\"https:\/\/magistradoscorrientes.com\/magistrados\/la-doctora-luz-masferrer-inicia-un-nuevo-desafio-al-frente-de-nuestro-colegio\/dsc_0068\/\" class=\"wp-image-5875\" srcset=\"https:\/\/magistradoscorrientes.com\/magistrados\/wp-content\/uploads\/2021\/12\/DSC_0068-1024x683.jpg 1024w, https:\/\/magistradoscorrientes.com\/magistrados\/wp-content\/uploads\/2021\/12\/DSC_0068-300x200.jpg 300w, https:\/\/magistradoscorrientes.com\/magistrados\/wp-content\/uploads\/2021\/12\/DSC_0068-768x512.jpg 768w, https:\/\/magistradoscorrientes.com\/magistrados\/wp-content\/uploads\/2021\/12\/DSC_0068-391x260.jpg 391w, https:\/\/magistradoscorrientes.com\/magistrados\/wp-content\/uploads\/2021\/12\/DSC_0068-1536x1025.jpg 1536w, https:\/\/magistradoscorrientes.com\/magistrados\/wp-content\/uploads\/2021\/12\/DSC_0068-2048x1367.jpg 2048w, https:\/\/magistradoscorrientes.com\/magistrados\/wp-content\/uploads\/2021\/12\/DSC_0068-600x400.jpg 600w\" sizes=\"(max-width: 1024px) 100vw, 1024px\" \/><\/figure><\/li><li class=\"blocks-gallery-item\"><figure><img loading=\"lazy\" width=\"1024\" height=\"683\" src=\"https:\/\/magistradoscorrientes.com\/magistrados\/wp-content\/uploads\/2021\/12\/DSC_0100-1-1024x683.jpg\" alt=\"\" data-id=\"5878\" data-full-url=\"https:\/\/magistradoscorrientes.com\/magistrados\/wp-content\/uploads\/2021\/12\/DSC_0100-1-scaled.jpg\" data-link=\"https:\/\/magistradoscorrientes.com\/magistrados\/la-doctora-luz-masferrer-inicia-un-nuevo-desafio-al-frente-de-nuestro-colegio\/dsc_0100-1\/\" class=\"wp-image-5878\" srcset=\"https:\/\/magistradoscorrientes.com\/magistrados\/wp-content\/uploads\/2021\/12\/DSC_0100-1-1024x683.jpg 1024w, https:\/\/magistradoscorrientes.com\/magistrados\/wp-content\/uploads\/2021\/12\/DSC_0100-1-300x200.jpg 300w, https:\/\/magistradoscorrientes.com\/magistrados\/wp-content\/uploads\/2021\/12\/DSC_0100-1-768x512.jpg 768w, https:\/\/magistradoscorrientes.com\/magistrados\/wp-content\/uploads\/2021\/12\/DSC_0100-1-391x260.jpg 391w, https:\/\/magistradoscorrientes.com\/magistrados\/wp-content\/uploads\/2021\/12\/DSC_0100-1-1536x1025.jpg 1536w, https:\/\/magistradoscorrientes.com\/magistrados\/wp-content\/uploads\/2021\/12\/DSC_0100-1-2048x1367.jpg 2048w, https:\/\/magistradoscorrientes.com\/magistrados\/wp-content\/uploads\/2021\/12\/DSC_0100-1-600x400.jpg 600w\" sizes=\"(max-width: 1024px) 100vw, 1024px\" \/><\/figure><\/li><li class=\"blocks-gallery-item\"><figure><img loading=\"lazy\" width=\"1024\" height=\"683\" src=\"https:\/\/magistradoscorrientes.com\/magistrados\/wp-content\/uploads\/2021\/12\/DSC_0116-1024x683.jpg\" alt=\"\" data-id=\"5880\" data-full-url=\"https:\/\/magistradoscorrientes.com\/magistrados\/wp-content\/uploads\/2021\/12\/DSC_0116-scaled.jpg\" data-link=\"https:\/\/magistradoscorrientes.com\/magistrados\/la-doctora-luz-masferrer-inicia-un-nuevo-desafio-al-frente-de-nuestro-colegio\/dsc_0116\/\" class=\"wp-image-5880\" srcset=\"https:\/\/magistradoscorrientes.com\/magistrados\/wp-content\/uploads\/2021\/12\/DSC_0116-1024x683.jpg 1024w, https:\/\/magistradoscorrientes.com\/magistrados\/wp-content\/uploads\/2021\/12\/DSC_0116-300x200.jpg 300w, https:\/\/magistradoscorrientes.com\/magistrados\/wp-content\/uploads\/2021\/12\/DSC_0116-768x512.jpg 768w, https:\/\/magistradoscorrientes.com\/magistrados\/wp-content\/uploads\/2021\/12\/DSC_0116-391x260.jpg 391w, https:\/\/magistradoscorrientes.com\/magistrados\/wp-content\/uploads\/2021\/12\/DSC_0116-1536x1025.jpg 1536w, https:\/\/magistradoscorrientes.com\/magistrados\/wp-content\/uploads\/2021\/12\/DSC_0116-2048x1367.jpg 2048w, https:\/\/magistradoscorrientes.com\/magistrados\/wp-content\/uploads\/2021\/12\/DSC_0116-600x400.jpg 600w\" sizes=\"(max-width: 1024px) 100vw, 1024px\" \/><\/figure><\/li><\/ul><\/figure>\n\n\n\n<p><strong>Palabras de Masferrer<\/strong><\/p>\n\n\n\n<p>\u2018\u2019Agradezco a los Asociados a quienes nos acompa\u00f1aron en el acto eleccionario. Hoy, especialmente a los Asociados del interior presentes. Tambi\u00e9n destacar la participaci\u00f3n del Tribunal Electoral por su impecable labor\u2019\u2019, expres\u00f3 la Presidente iniciada la Asamblea.<\/p>\n\n\n\n<p>Y agreg\u00f3: \u2018Convocamos a la minor\u00eda que se incorpora a la Comisi\u00f3n Directiva, a trabajar en conjunto por la Independencia Judicial y la de nuestro Colegio\u2019\u2019.<\/p>\n\n\n\n<p>Tras la aprobaci\u00f3n, la doctora Luz Gabriela Masferrer se dirigi\u00f3 al auditorio brindando un pormenorizado informe de gesti\u00f3n, que fue acompa\u00f1ado por material audio visual.<\/p>\n\n\n\n<p>La Presidente enumer\u00f3 las iniciativas encaradas junto a la Comisi\u00f3n Directiva, destacando y agradeciendo el permanente acompa\u00f1amiento de los Asociados de Capital e Interior.<\/p>\n\n\n\n<p>Resumi\u00f3 gestiones encaradas ante el Poder Ejecutivo, el Superior Tribunal de Justicia, las Honorables C\u00e1maras de Diputados y Senadores y los Ministerios de Justicia y Derechos Humanos, Salud P\u00fablica y Secretar\u00eda General, entre otros tantos.<\/p>\n\n\n\n<p>Tambi\u00e9n se refiri\u00f3 a tem\u00e1ticas vinculadas con la formaci\u00f3n continua de los Asociados, destacando en amplio n\u00famero de actividades de capacitaci\u00f3n, actualizaci\u00f3n y perfeccionamiento que organizaron en beneficio del sector.<\/p>\n\n\n\n<p>La Presidente mencion\u00f3 adem\u00e1s la convocatoria legislativa para que el Colegio de Magistrados realice los aportes correspondientes para los nuevos C\u00f3digos Procesal Civil y Comercial, Procesal Penal y Procesal de Familia.<\/p>\n\n\n\n<p>Tambi\u00e9n agradeci\u00f3 el acompa\u00f1amiento de la Federaci\u00f3n Argentina de la Magistratura, de la Comisi\u00f3n Directiva -la cual integr\u00f3 hasta hace pocos d\u00edas- y del ex presidente doctor Ariel Ariza.<\/p>\n\n\n\n<p>Otro punto que dio a conocer estuvo relacionado con numerosos convenios y servicios que durante el per\u00edodo se cristalizaron y que actualmente mantienen vigencia, para beneficio de los asociados de toda la provincia.<\/p>\n\n\n\n<figure class=\"wp-block-gallery columns-3 is-cropped\"><ul class=\"blocks-gallery-grid\"><li class=\"blocks-gallery-item\"><figure><img loading=\"lazy\" width=\"1024\" height=\"683\" src=\"https:\/\/magistradoscorrientes.com\/magistrados\/wp-content\/uploads\/2021\/12\/DSC_0123-1024x683.jpg\" alt=\"\" data-id=\"5870\" data-full-url=\"https:\/\/magistradoscorrientes.com\/magistrados\/wp-content\/uploads\/2021\/12\/DSC_0123-scaled.jpg\" data-link=\"https:\/\/magistradoscorrientes.com\/magistrados\/la-doctora-luz-masferrer-inicia-un-nuevo-desafio-al-frente-de-nuestro-colegio\/dsc_0123\/\" class=\"wp-image-5870\" srcset=\"https:\/\/magistradoscorrientes.com\/magistrados\/wp-content\/uploads\/2021\/12\/DSC_0123-1024x683.jpg 1024w, https:\/\/magistradoscorrientes.com\/magistrados\/wp-content\/uploads\/2021\/12\/DSC_0123-300x200.jpg 300w, https:\/\/magistradoscorrientes.com\/magistrados\/wp-content\/uploads\/2021\/12\/DSC_0123-768x512.jpg 768w, https:\/\/magistradoscorrientes.com\/magistrados\/wp-content\/uploads\/2021\/12\/DSC_0123-391x260.jpg 391w, https:\/\/magistradoscorrientes.com\/magistrados\/wp-content\/uploads\/2021\/12\/DSC_0123-1536x1025.jpg 1536w, https:\/\/magistradoscorrientes.com\/magistrados\/wp-content\/uploads\/2021\/12\/DSC_0123-2048x1367.jpg 2048w, https:\/\/magistradoscorrientes.com\/magistrados\/wp-content\/uploads\/2021\/12\/DSC_0123-600x400.jpg 600w\" sizes=\"(max-width: 1024px) 100vw, 1024px\" \/><\/figure><\/li><li class=\"blocks-gallery-item\"><figure><img loading=\"lazy\" width=\"1024\" height=\"683\" src=\"https:\/\/magistradoscorrientes.com\/magistrados\/wp-content\/uploads\/2021\/12\/DSC_0124-1024x683.jpg\" alt=\"\" data-id=\"5873\" data-full-url=\"https:\/\/magistradoscorrientes.com\/magistrados\/wp-content\/uploads\/2021\/12\/DSC_0124-scaled.jpg\" data-link=\"https:\/\/magistradoscorrientes.com\/magistrados\/la-doctora-luz-masferrer-inicia-un-nuevo-desafio-al-frente-de-nuestro-colegio\/dsc_0124\/\" class=\"wp-image-5873\" srcset=\"https:\/\/magistradoscorrientes.com\/magistrados\/wp-content\/uploads\/2021\/12\/DSC_0124-1024x683.jpg 1024w, https:\/\/magistradoscorrientes.com\/magistrados\/wp-content\/uploads\/2021\/12\/DSC_0124-300x200.jpg 300w, https:\/\/magistradoscorrientes.com\/magistrados\/wp-content\/uploads\/2021\/12\/DSC_0124-768x512.jpg 768w, https:\/\/magistradoscorrientes.com\/magistrados\/wp-content\/uploads\/2021\/12\/DSC_0124-391x260.jpg 391w, https:\/\/magistradoscorrientes.com\/magistrados\/wp-content\/uploads\/2021\/12\/DSC_0124-1536x1025.jpg 1536w, https:\/\/magistradoscorrientes.com\/magistrados\/wp-content\/uploads\/2021\/12\/DSC_0124-2048x1367.jpg 2048w, https:\/\/magistradoscorrientes.com\/magistrados\/wp-content\/uploads\/2021\/12\/DSC_0124-600x400.jpg 600w\" sizes=\"(max-width: 1024px) 100vw, 1024px\" \/><\/figure><\/li><li class=\"blocks-gallery-item\"><figure><img loading=\"lazy\" width=\"1024\" height=\"683\" src=\"https:\/\/magistradoscorrientes.com\/magistrados\/wp-content\/uploads\/2021\/12\/DSC_0127-1024x683.jpg\" alt=\"\" data-id=\"5877\" data-full-url=\"https:\/\/magistradoscorrientes.com\/magistrados\/wp-content\/uploads\/2021\/12\/DSC_0127-scaled.jpg\" data-link=\"https:\/\/magistradoscorrientes.com\/magistrados\/la-doctora-luz-masferrer-inicia-un-nuevo-desafio-al-frente-de-nuestro-colegio\/dsc_0127\/\" class=\"wp-image-5877\" srcset=\"https:\/\/magistradoscorrientes.com\/magistrados\/wp-content\/uploads\/2021\/12\/DSC_0127-1024x683.jpg 1024w, https:\/\/magistradoscorrientes.com\/magistrados\/wp-content\/uploads\/2021\/12\/DSC_0127-300x200.jpg 300w, https:\/\/magistradoscorrientes.com\/magistrados\/wp-content\/uploads\/2021\/12\/DSC_0127-768x512.jpg 768w, https:\/\/magistradoscorrientes.com\/magistrados\/wp-content\/uploads\/2021\/12\/DSC_0127-391x260.jpg 391w, https:\/\/magistradoscorrientes.com\/magistrados\/wp-content\/uploads\/2021\/12\/DSC_0127-1536x1025.jpg 1536w, https:\/\/magistradoscorrientes.com\/magistrados\/wp-content\/uploads\/2021\/12\/DSC_0127-2048x1367.jpg 2048w, https:\/\/magistradoscorrientes.com\/magistrados\/wp-content\/uploads\/2021\/12\/DSC_0127-600x400.jpg 600w\" sizes=\"(max-width: 1024px) 100vw, 1024px\" \/><\/figure><\/li><\/ul><\/figure>\n\n\n\n<p><strong>Asunci\u00f3n de autoridades<\/strong><\/p>\n\n\n\n<p>M\u00e1s adelante en el marco del punto tres del orden del d\u00eda de la Asamblea, se puso en posesi\u00f3n de cargos a las autoridades proclamadas por el Tribunal Electoral para el per\u00edodo estatutario 2021-2023: Presidente del Consejo Directivo, Miembros del Consejo Directivo, titulares y suplentes, Comisi\u00f3n Revisora de Cuentas y Tribunal de \u00c9tica y Disciplina.<\/p>\n\n\n\n<p>Presidente del Consejo Directivo: Luz Gabriela Masferrer.<\/p>\n\n\n\n<p>Miembros del Consejo Directivo (titulares): Claudia Kirchhof, Mar\u00eda Jos\u00e9 Barrero Sahagun, Eugenio Ram\u00f3n Balbastro, Mirtha Gladys Ram\u00edrez Barrios, Gloria Liliana Pasetto, Diego Roberto N\u00fa\u00f1ez Huel, Marisol Ram\u00edrez, Maria Lourdes Silvero y Eduardo Anibal Modenutti.<\/p>\n\n\n\n<p>Miembros del Consejo Directivo (suplentes): Rosa Beatriz Batalla, Gabriel Guillermo Saade, Alicia Beatriz Porfirio, Julieta Lacroze, Roberto Nicol\u00e1s Bonastre, Julio Valent\u00edn Medina, Mar\u00eda Florencia Esp\u00edndola, Jos\u00e9 Osvaldo Ledesma, Gabriela Fern\u00e1ndez y Jorge Claudio Venialgo.<\/p>\n\n\n\n<p>Comisi\u00f3n Revisora de Cuentas (titulares): Estela Fanny Romano, H\u00e9ctor Rodrigo Orrant\u00eda y Mar\u00eda Yerut\u00ed Rueda Cangaro.<\/p>\n\n\n\n<p>Comisi\u00f3n Revisora de Cuentas (suplentes): Olga Anah\u00ed Tabacchi y Mar\u00eda del Carmen Trombotto Jramoy.<\/p>\n\n\n\n<p>Tribunal de \u00c9tica y Disciplina: Mar\u00eda Beatriz Ben\u00edtez de R\u00edos Brisco, Claudio Daniel Flores y Manuel Horacio Pereyra.<\/p>\n\n\n\n<p><strong>Invitados:<\/strong><\/p>\n\n\n\n<p>Estuvieron presente, el Sr Presidente del Superior Tribunal de Justicia, Doctor Luis Eduardo Rey V\u00e1zquez, acompa\u00f1ado de los Sr Ministros Doctores Eduardo Gilberto Panseri y Alejandro Cha\u00edn. Adem\u00e1s acompa\u00f1\u00f3, el Sr Fiscal General, doctor C\u00e9sar Pedro Sotelo. <\/p>\n\n\n\n<p>Tambi\u00e9n dijo presente, la Vicepresidente de la C\u00e1mara Federal de Apelaciones de Corrientes, Doctora Mirta Gladis Sotelo de Andreau. El Decano de la Facultad de Derecho de la UNNE, Doctor Mario Villegas, el Presidente del Colegio P\u00fablico de Abogados de la Primera Circunscripci\u00f3n Judicial, Doctor Jos\u00e9 Pedro Cotelo y el Sr Gerente del Banco Credicoop, contador Gustavo Lamy.<\/p>\n\n\n\n<figure class=\"wp-block-gallery columns-3 is-cropped\"><ul class=\"blocks-gallery-grid\"><li class=\"blocks-gallery-item\"><figure><img loading=\"lazy\" width=\"1024\" height=\"683\" src=\"https:\/\/magistradoscorrientes.com\/magistrados\/wp-content\/uploads\/2021\/12\/DSC_0097-1024x683.jpg\" alt=\"\" data-id=\"5872\" data-full-url=\"https:\/\/magistradoscorrientes.com\/magistrados\/wp-content\/uploads\/2021\/12\/DSC_0097-scaled.jpg\" data-link=\"https:\/\/magistradoscorrientes.com\/magistrados\/la-doctora-luz-masferrer-inicia-un-nuevo-desafio-al-frente-de-nuestro-colegio\/dsc_0097\/\" class=\"wp-image-5872\" srcset=\"https:\/\/magistradoscorrientes.com\/magistrados\/wp-content\/uploads\/2021\/12\/DSC_0097-1024x683.jpg 1024w, https:\/\/magistradoscorrientes.com\/magistrados\/wp-content\/uploads\/2021\/12\/DSC_0097-300x200.jpg 300w, https:\/\/magistradoscorrientes.com\/magistrados\/wp-content\/uploads\/2021\/12\/DSC_0097-768x512.jpg 768w, https:\/\/magistradoscorrientes.com\/magistrados\/wp-content\/uploads\/2021\/12\/DSC_0097-391x260.jpg 391w, https:\/\/magistradoscorrientes.com\/magistrados\/wp-content\/uploads\/2021\/12\/DSC_0097-1536x1025.jpg 1536w, https:\/\/magistradoscorrientes.com\/magistrados\/wp-content\/uploads\/2021\/12\/DSC_0097-2048x1367.jpg 2048w, https:\/\/magistradoscorrientes.com\/magistrados\/wp-content\/uploads\/2021\/12\/DSC_0097-600x400.jpg 600w\" sizes=\"(max-width: 1024px) 100vw, 1024px\" \/><\/figure><\/li><li class=\"blocks-gallery-item\"><figure><img loading=\"lazy\" width=\"1024\" height=\"683\" src=\"https:\/\/magistradoscorrientes.com\/magistrados\/wp-content\/uploads\/2021\/12\/DSC_0108-1024x683.jpg\" alt=\"\" data-id=\"5876\" data-full-url=\"https:\/\/magistradoscorrientes.com\/magistrados\/wp-content\/uploads\/2021\/12\/DSC_0108-scaled.jpg\" data-link=\"https:\/\/magistradoscorrientes.com\/magistrados\/la-doctora-luz-masferrer-inicia-un-nuevo-desafio-al-frente-de-nuestro-colegio\/dsc_0108\/\" class=\"wp-image-5876\" srcset=\"https:\/\/magistradoscorrientes.com\/magistrados\/wp-content\/uploads\/2021\/12\/DSC_0108-1024x683.jpg 1024w, https:\/\/magistradoscorrientes.com\/magistrados\/wp-content\/uploads\/2021\/12\/DSC_0108-300x200.jpg 300w, https:\/\/magistradoscorrientes.com\/magistrados\/wp-content\/uploads\/2021\/12\/DSC_0108-768x512.jpg 768w, https:\/\/magistradoscorrientes.com\/magistrados\/wp-content\/uploads\/2021\/12\/DSC_0108-391x260.jpg 391w, https:\/\/magistradoscorrientes.com\/magistrados\/wp-content\/uploads\/2021\/12\/DSC_0108-1536x1025.jpg 1536w, https:\/\/magistradoscorrientes.com\/magistrados\/wp-content\/uploads\/2021\/12\/DSC_0108-2048x1367.jpg 2048w, https:\/\/magistradoscorrientes.com\/magistrados\/wp-content\/uploads\/2021\/12\/DSC_0108-600x400.jpg 600w\" sizes=\"(max-width: 1024px) 100vw, 1024px\" \/><\/figure><\/li><li class=\"blocks-gallery-item\"><figure><img loading=\"lazy\" width=\"1024\" height=\"683\" src=\"https:\/\/magistradoscorrientes.com\/magistrados\/wp-content\/uploads\/2021\/12\/DSC_0130-1024x683.jpg\" alt=\"\" data-id=\"5879\" data-full-url=\"https:\/\/magistradoscorrientes.com\/magistrados\/wp-content\/uploads\/2021\/12\/DSC_0130-scaled.jpg\" data-link=\"https:\/\/magistradoscorrientes.com\/magistrados\/la-doctora-luz-masferrer-inicia-un-nuevo-desafio-al-frente-de-nuestro-colegio\/dsc_0130\/\" class=\"wp-image-5879\" srcset=\"https:\/\/magistradoscorrientes.com\/magistrados\/wp-content\/uploads\/2021\/12\/DSC_0130-1024x683.jpg 1024w, https:\/\/magistradoscorrientes.com\/magistrados\/wp-content\/uploads\/2021\/12\/DSC_0130-300x200.jpg 300w, https:\/\/magistradoscorrientes.com\/magistrados\/wp-content\/uploads\/2021\/12\/DSC_0130-768x512.jpg 768w, https:\/\/magistradoscorrientes.com\/magistrados\/wp-content\/uploads\/2021\/12\/DSC_0130-391x260.jpg 391w, https:\/\/magistradoscorrientes.com\/magistrados\/wp-content\/uploads\/2021\/12\/DSC_0130-1536x1025.jpg 1536w, https:\/\/magistradoscorrientes.com\/magistrados\/wp-content\/uploads\/2021\/12\/DSC_0130-2048x1367.jpg 2048w, https:\/\/magistradoscorrientes.com\/magistrados\/wp-content\/uploads\/2021\/12\/DSC_0130-600x400.jpg 600w\" sizes=\"(max-width: 1024px) 100vw, 1024px\" \/><\/figure><\/li><li class=\"blocks-gallery-item\"><figure><img loading=\"lazy\" width=\"1024\" height=\"683\" src=\"https:\/\/magistradoscorrientes.com\/magistrados\/wp-content\/uploads\/2021\/12\/DSC_0131-1024x683.jpg\" alt=\"\" data-id=\"5881\" data-full-url=\"https:\/\/magistradoscorrientes.com\/magistrados\/wp-content\/uploads\/2021\/12\/DSC_0131-scaled.jpg\" data-link=\"https:\/\/magistradoscorrientes.com\/magistrados\/la-doctora-luz-masferrer-inicia-un-nuevo-desafio-al-frente-de-nuestro-colegio\/dsc_0131\/\" class=\"wp-image-5881\" srcset=\"https:\/\/magistradoscorrientes.com\/magistrados\/wp-content\/uploads\/2021\/12\/DSC_0131-1024x683.jpg 1024w, https:\/\/magistradoscorrientes.com\/magistrados\/wp-content\/uploads\/2021\/12\/DSC_0131-300x200.jpg 300w, https:\/\/magistradoscorrientes.com\/magistrados\/wp-content\/uploads\/2021\/12\/DSC_0131-768x512.jpg 768w, https:\/\/magistradoscorrientes.com\/magistrados\/wp-content\/uploads\/2021\/12\/DSC_0131-391x260.jpg 391w, https:\/\/magistradoscorrientes.com\/magistrados\/wp-content\/uploads\/2021\/12\/DSC_0131-1536x1025.jpg 1536w, https:\/\/magistradoscorrientes.com\/magistrados\/wp-content\/uploads\/2021\/12\/DSC_0131-2048x1367.jpg 2048w, https:\/\/magistradoscorrientes.com\/magistrados\/wp-content\/uploads\/2021\/12\/DSC_0131-600x400.jpg 600w\" sizes=\"(max-width: 1024px) 100vw, 1024px\" \/><\/figure><\/li><li class=\"blocks-gallery-item\"><figure><img loading=\"lazy\" width=\"1024\" height=\"683\" src=\"https:\/\/magistradoscorrientes.com\/magistrados\/wp-content\/uploads\/2021\/12\/DSC_0138-1024x683.jpg\" alt=\"\" data-id=\"5882\" data-full-url=\"https:\/\/magistradoscorrientes.com\/magistrados\/wp-content\/uploads\/2021\/12\/DSC_0138-scaled.jpg\" data-link=\"https:\/\/magistradoscorrientes.com\/magistrados\/la-doctora-luz-masferrer-inicia-un-nuevo-desafio-al-frente-de-nuestro-colegio\/dsc_0138\/\" class=\"wp-image-5882\" srcset=\"https:\/\/magistradoscorrientes.com\/magistrados\/wp-content\/uploads\/2021\/12\/DSC_0138-1024x683.jpg 1024w, https:\/\/magistradoscorrientes.com\/magistrados\/wp-content\/uploads\/2021\/12\/DSC_0138-300x200.jpg 300w, https:\/\/magistradoscorrientes.com\/magistrados\/wp-content\/uploads\/2021\/12\/DSC_0138-768x512.jpg 768w, https:\/\/magistradoscorrientes.com\/magistrados\/wp-content\/uploads\/2021\/12\/DSC_0138-391x260.jpg 391w, https:\/\/magistradoscorrientes.com\/magistrados\/wp-content\/uploads\/2021\/12\/DSC_0138-1536x1025.jpg 1536w, https:\/\/magistradoscorrientes.com\/magistrados\/wp-content\/uploads\/2021\/12\/DSC_0138-2048x1367.jpg 2048w, https:\/\/magistradoscorrientes.com\/magistrados\/wp-content\/uploads\/2021\/12\/DSC_0138-600x400.jpg 600w\" sizes=\"(max-width: 1024px) 100vw, 1024px\" \/><\/figure><\/li><li class=\"blocks-gallery-item\"><figure><img loading=\"lazy\" width=\"1024\" height=\"683\" src=\"https:\/\/magistradoscorrientes.com\/magistrados\/wp-content\/uploads\/2021\/12\/DSC_0140-1024x683.jpg\" alt=\"\" data-id=\"5883\" data-full-url=\"https:\/\/magistradoscorrientes.com\/magistrados\/wp-content\/uploads\/2021\/12\/DSC_0140-scaled.jpg\" data-link=\"https:\/\/magistradoscorrientes.com\/magistrados\/la-doctora-luz-masferrer-inicia-un-nuevo-desafio-al-frente-de-nuestro-colegio\/dsc_0140\/\" class=\"wp-image-5883\" srcset=\"https:\/\/magistradoscorrientes.com\/magistrados\/wp-content\/uploads\/2021\/12\/DSC_0140-1024x683.jpg 1024w, https:\/\/magistradoscorrientes.com\/magistrados\/wp-content\/uploads\/2021\/12\/DSC_0140-300x200.jpg 300w, https:\/\/magistradoscorrientes.com\/magistrados\/wp-content\/uploads\/2021\/12\/DSC_0140-768x512.jpg 768w, https:\/\/magistradoscorrientes.com\/magistrados\/wp-content\/uploads\/2021\/12\/DSC_0140-391x260.jpg 391w, https:\/\/magistradoscorrientes.com\/magistrados\/wp-content\/uploads\/2021\/12\/DSC_0140-1536x1025.jpg 1536w, https:\/\/magistradoscorrientes.com\/magistrados\/wp-content\/uploads\/2021\/12\/DSC_0140-2048x1367.jpg 2048w, https:\/\/magistradoscorrientes.com\/magistrados\/wp-content\/uploads\/2021\/12\/DSC_0140-600x400.jpg 600w\" sizes=\"(max-width: 1024px) 100vw, 1024px\" \/><\/figure><\/li><\/ul><\/figure>\n","protected":false},"excerpt":{"rendered":"<p>Con importantes proyectos a corto y mediano plazo la doctora Luz Masferrer encara desde hoy un nuevo per\u00edodo al frente de la instituci\u00f3n. Los Asociados aprobaron los Ejercicios Econ\u00f3micos Financieros N\u00ba 40 y 41 en el marco de la Asamblea General Ordinaria de \u00e9ste s\u00e1bado. Esta ma\u00f1ana se llev\u00f3 a cabo en nuestra sede la Asamblea General Ordinaria de la [&hellip;]<\/p>\n","protected":false},"author":2,"featured_media":5865,"comment_status":"closed","ping_status":"open","sticky":false,"template":"","format":"standard","meta":{"ngg_post_thumbnail":0},"categories":[13],"tags":[],"_links":{"self":[{"href":"https:\/\/magistradoscorrientes.com\/magistrados\/wp-json\/wp\/v2\/posts\/5864"}],"collection":[{"href":"https:\/\/magistradoscorrientes.com\/magistrados\/wp-json\/wp\/v2\/posts"}],"about":[{"href":"https:\/\/magistradoscorrientes.com\/magistrados\/wp-json\/wp\/v2\/types\/post"}],"author":[{"embeddable":true,"href":"https:\/\/magistradoscorrientes.com\/magistrados\/wp-json\/wp\/v2\/users\/2"}],"replies":[{"embeddable":true,"href":"https:\/\/magistradoscorrientes.com\/magistrados\/wp-json\/wp\/v2\/comments?post=5864"}],"version-history":[{"count":4,"href":"https:\/\/magistradoscorrientes.com\/magistrados\/wp-json\/wp\/v2\/posts\/5864\/revisions"}],"predecessor-version":[{"id":5891,"href":"https:\/\/magistradoscorrientes.com\/magistrados\/wp-json\/wp\/v2\/posts\/5864\/revisions\/5891"}],"wp:featuredmedia":[{"embeddable":true,"href":"https:\/\/magistradoscorrientes.com\/magistrados\/wp-json\/wp\/v2\/media\/5865"}],"wp:attachment":[{"href":"https:\/\/magistradoscorrientes.com\/magistrados\/wp-json\/wp\/v2\/media?parent=5864"}],"wp:term":[{"taxonomy":"category","embeddable":true,"href":"https:\/\/magistradoscorrientes.com\/magistrados\/wp-json\/wp\/v2\/categories?post=5864"},{"taxonomy":"post_tag","embeddable":true,"href":"https:\/\/magistradoscorrientes.com\/magistrados\/wp-json\/wp\/v2\/tags?post=5864"}],"curies":[{"name":"wp","href":"https:\/\/api.w.org\/{rel}","templated":true}]}}