{"id":5887,"date":"2021-12-19T11:57:48","date_gmt":"2021-12-19T14:57:48","guid":{"rendered":"http:\/\/magistradoscorrientes.com\/magistrados\/?p=5887"},"modified":"2021-12-19T11:57:48","modified_gmt":"2021-12-19T14:57:48","slug":"mensaje-del-si-tra-j-por-la-asuncion-de-cd-de-nuestro-colegio-2021-2023","status":"publish","type":"post","link":"https:\/\/magistradoscorrientes.com\/magistrados\/mensaje-del-si-tra-j-por-la-asuncion-de-cd-de-nuestro-colegio-2021-2023\/","title":{"rendered":"Mensaje del Si.Tra.J. por la asunci\u00f3n de CD de nuestro Colegio 2021\/2023"},"content":{"rendered":"\n<p>Compartimos la salutaci\u00f3n enviada por el Sindicato de Trabajadores Judiciales de la Provincia de Corrientes (Si.Tra.J), con motivo de la Asunci\u00f3n de las autoridades electas de nuestro Colegio.<\/p>\n\n\n\n<p>\u00bbDESEANDO QUE EN ESTE DIA TAN ESPECIAL, EN LA TOMA D E POSESI\u00d3N DE SUS RESPECTIVOS CARGOS, y del que DESCONTAMOS SER\u00c1 CORONADO CON \u00c9XITO EL NUEVO DESAFIO 2021\/2023, y que conjuntamente trabajando de manera mancomunada ALCANZAREMOS , LOS OBJETIVOS QUE NO IDENTIFICAN EN NUESTRAS CONSTANTES LUCHAS POR NUESTROS LEGITIMOS DERCHOS, Y TAMBI\u00c9N LA GRAN ASPIRACI\u00d3N QUE ES LA DE LOGRAR UNA JUSTICIA INDEPENDIENTE COMO PARTE INTEGRANTES DEL SISTEMA REPUBLICANO, QUE NOS LEGARON NUESTROS MAYORES, LOGRANDO FINALMENTE TENER UNA \u201c JUSTICIA INDEPENDIENTE\u201d BRINDANDO Y DANDO A LA SOCIEDAD QUE TANTO RECLAMA \u201cQUE LA MISMA SEA AL SERVICIO DEL PUEBLO\u201d.<\/p>\n\n\n\n<p><strong>Adjuntamos la nota.  <\/strong><\/p>\n\n\n\n<div class=\"wp-block-file\"><a href=\"https:\/\/magistradoscorrientes.com\/magistrados\/wp-content\/uploads\/2021\/12\/SiTraJ.pdf\"><strong>SiTraJ<\/strong><\/a><a href=\"https:\/\/magistradoscorrientes.com\/magistrados\/wp-content\/uploads\/2021\/12\/SiTraJ.pdf\" class=\"wp-block-file__button\" download>Descarga<\/a><\/div>\n","protected":false},"excerpt":{"rendered":"<p>Compartimos la salutaci\u00f3n enviada por el Sindicato de Trabajadores Judiciales de la Provincia de Corrientes (Si.Tra.J), con motivo de la Asunci\u00f3n de las autoridades electas de nuestro Colegio. \u00bbDESEANDO QUE EN ESTE DIA TAN ESPECIAL, EN LA TOMA D E POSESI\u00d3N DE SUS RESPECTIVOS CARGOS, y del que DESCONTAMOS SER\u00c1 CORONADO CON \u00c9XITO EL NUEVO DESAFIO 2021\/2023, y que conjuntamente [&hellip;]<\/p>\n","protected":false},"author":2,"featured_media":5889,"comment_status":"closed","ping_status":"open","sticky":false,"template":"","format":"standard","meta":{"ngg_post_thumbnail":0},"categories":[13],"tags":[],"_links":{"self":[{"href":"https:\/\/magistradoscorrientes.com\/magistrados\/wp-json\/wp\/v2\/posts\/5887"}],"collection":[{"href":"https:\/\/magistradoscorrientes.com\/magistrados\/wp-json\/wp\/v2\/posts"}],"about":[{"href":"https:\/\/magistradoscorrientes.com\/magistrados\/wp-json\/wp\/v2\/types\/post"}],"author":[{"embeddable":true,"href":"https:\/\/magistradoscorrientes.com\/magistrados\/wp-json\/wp\/v2\/users\/2"}],"replies":[{"embeddable":true,"href":"https:\/\/magistradoscorrientes.com\/magistrados\/wp-json\/wp\/v2\/comments?post=5887"}],"version-history":[{"count":1,"href":"https:\/\/magistradoscorrientes.com\/magistrados\/wp-json\/wp\/v2\/posts\/5887\/revisions"}],"predecessor-version":[{"id":5890,"href":"https:\/\/magistradoscorrientes.com\/magistrados\/wp-json\/wp\/v2\/posts\/5887\/revisions\/5890"}],"wp:featuredmedia":[{"embeddable":true,"href":"https:\/\/magistradoscorrientes.com\/magistrados\/wp-json\/wp\/v2\/media\/5889"}],"wp:attachment":[{"href":"https:\/\/magistradoscorrientes.com\/magistrados\/wp-json\/wp\/v2\/media?parent=5887"}],"wp:term":[{"taxonomy":"category","embeddable":true,"href":"https:\/\/magistradoscorrientes.com\/magistrados\/wp-json\/wp\/v2\/categories?post=5887"},{"taxonomy":"post_tag","embeddable":true,"href":"https:\/\/magistradoscorrientes.com\/magistrados\/wp-json\/wp\/v2\/tags?post=5887"}],"curies":[{"name":"wp","href":"https:\/\/api.w.org\/{rel}","templated":true}]}}