{"id":5997,"date":"2021-12-21T16:02:46","date_gmt":"2021-12-21T19:02:46","guid":{"rendered":"http:\/\/magistradoscorrientes.com\/magistrados\/?p=5997"},"modified":"2021-12-21T16:04:53","modified_gmt":"2021-12-21T19:04:53","slug":"autoridades-del-colegio-visitaron-la-camara-de-senadores","status":"publish","type":"post","link":"https:\/\/magistradoscorrientes.com\/magistrados\/autoridades-del-colegio-visitaron-la-camara-de-senadores\/","title":{"rendered":"Autoridades del Colegio visitaron la C\u00e1mara de Senadores"},"content":{"rendered":"\n<p>La Mesa Directiva de nuestro Colegio fue recibida por integrantes de la Prensa C\u00e1mara de Senadores Corrientes.<\/p>\n\n\n\n<p>En la oportunidad el Colegio plante\u00f3 las inquietudes referidas al presupuesto del Poder Judicial y a los recortes que se vienen haciendo reiteradamente.<\/p>\n\n\n\n<p>Se plante\u00f3 la necesidad que se cumpla con la Ley de Autarqu\u00eda para fortalecer la independencia judicial, cumpliendo con lo presupuestado por el Superior Tribunal de Justicia, para llevar a cabo el servicio de justicia adecuadamente.<\/p>\n\n\n\n<p>Se le hizo saber a los integrantes del Cuerpo Legislativo, los puntos que en la Ley de Presupuesto tienen \u2013 a nuestro entender- una interpretaci\u00f3n equivocada. Adem\u00e1s, se le mostr\u00f3 la tendencia en baja que est\u00e1 teniendo la asignaci\u00f3n de presupuesto al Superior Tribunal de Justicia en relaci\u00f3n a los ingresos de la Provincia.<\/p>\n\n\n\n<figure class=\"wp-block-gallery columns-3 is-cropped\"><ul class=\"blocks-gallery-grid\"><li class=\"blocks-gallery-item\"><figure><img loading=\"lazy\" width=\"1024\" height=\"682\" src=\"http:\/\/magistradoscorrientes.com\/magistrados\/wp-content\/uploads\/2021\/12\/C-Senadores-21122021-3-1024x682.jpeg\" alt=\"\" data-id=\"5999\" data-full-url=\"http:\/\/magistradoscorrientes.com\/magistrados\/wp-content\/uploads\/2021\/12\/C-Senadores-21122021-3.jpeg\" data-link=\"http:\/\/magistradoscorrientes.com\/magistrados\/?attachment_id=5999\" class=\"wp-image-5999\" srcset=\"https:\/\/magistradoscorrientes.com\/magistrados\/wp-content\/uploads\/2021\/12\/C-Senadores-21122021-3-1024x682.jpeg 1024w, https:\/\/magistradoscorrientes.com\/magistrados\/wp-content\/uploads\/2021\/12\/C-Senadores-21122021-3-300x200.jpeg 300w, https:\/\/magistradoscorrientes.com\/magistrados\/wp-content\/uploads\/2021\/12\/C-Senadores-21122021-3-768x512.jpeg 768w, https:\/\/magistradoscorrientes.com\/magistrados\/wp-content\/uploads\/2021\/12\/C-Senadores-21122021-3-391x260.jpeg 391w, https:\/\/magistradoscorrientes.com\/magistrados\/wp-content\/uploads\/2021\/12\/C-Senadores-21122021-3-600x400.jpeg 600w, https:\/\/magistradoscorrientes.com\/magistrados\/wp-content\/uploads\/2021\/12\/C-Senadores-21122021-3.jpeg 1280w\" sizes=\"(max-width: 1024px) 100vw, 1024px\" \/><\/figure><\/li><li class=\"blocks-gallery-item\"><figure><img loading=\"lazy\" width=\"1024\" height=\"682\" src=\"http:\/\/magistradoscorrientes.com\/magistrados\/wp-content\/uploads\/2021\/12\/C-Senadores-21122021-2-1024x682.jpeg\" alt=\"\" data-id=\"5998\" data-full-url=\"http:\/\/magistradoscorrientes.com\/magistrados\/wp-content\/uploads\/2021\/12\/C-Senadores-21122021-2.jpeg\" data-link=\"http:\/\/magistradoscorrientes.com\/magistrados\/?attachment_id=5998\" class=\"wp-image-5998\" srcset=\"https:\/\/magistradoscorrientes.com\/magistrados\/wp-content\/uploads\/2021\/12\/C-Senadores-21122021-2-1024x682.jpeg 1024w, https:\/\/magistradoscorrientes.com\/magistrados\/wp-content\/uploads\/2021\/12\/C-Senadores-21122021-2-300x200.jpeg 300w, https:\/\/magistradoscorrientes.com\/magistrados\/wp-content\/uploads\/2021\/12\/C-Senadores-21122021-2-768x512.jpeg 768w, https:\/\/magistradoscorrientes.com\/magistrados\/wp-content\/uploads\/2021\/12\/C-Senadores-21122021-2-391x260.jpeg 391w, https:\/\/magistradoscorrientes.com\/magistrados\/wp-content\/uploads\/2021\/12\/C-Senadores-21122021-2-600x400.jpeg 600w, https:\/\/magistradoscorrientes.com\/magistrados\/wp-content\/uploads\/2021\/12\/C-Senadores-21122021-2.jpeg 1280w\" sizes=\"(max-width: 1024px) 100vw, 1024px\" \/><\/figure><\/li><li class=\"blocks-gallery-item\"><figure><img loading=\"lazy\" width=\"1024\" height=\"682\" src=\"http:\/\/magistradoscorrientes.com\/magistrados\/wp-content\/uploads\/2021\/12\/C-Senadores-21122021-4-1024x682.jpeg\" alt=\"\" data-id=\"6000\" data-full-url=\"http:\/\/magistradoscorrientes.com\/magistrados\/wp-content\/uploads\/2021\/12\/C-Senadores-21122021-4.jpeg\" data-link=\"http:\/\/magistradoscorrientes.com\/magistrados\/?attachment_id=6000\" class=\"wp-image-6000\" srcset=\"https:\/\/magistradoscorrientes.com\/magistrados\/wp-content\/uploads\/2021\/12\/C-Senadores-21122021-4-1024x682.jpeg 1024w, https:\/\/magistradoscorrientes.com\/magistrados\/wp-content\/uploads\/2021\/12\/C-Senadores-21122021-4-300x200.jpeg 300w, https:\/\/magistradoscorrientes.com\/magistrados\/wp-content\/uploads\/2021\/12\/C-Senadores-21122021-4-768x512.jpeg 768w, https:\/\/magistradoscorrientes.com\/magistrados\/wp-content\/uploads\/2021\/12\/C-Senadores-21122021-4-391x260.jpeg 391w, https:\/\/magistradoscorrientes.com\/magistrados\/wp-content\/uploads\/2021\/12\/C-Senadores-21122021-4-600x400.jpeg 600w, https:\/\/magistradoscorrientes.com\/magistrados\/wp-content\/uploads\/2021\/12\/C-Senadores-21122021-4.jpeg 1280w\" sizes=\"(max-width: 1024px) 100vw, 1024px\" \/><\/figure><\/li><li class=\"blocks-gallery-item\"><figure><img loading=\"lazy\" width=\"1024\" height=\"682\" src=\"http:\/\/magistradoscorrientes.com\/magistrados\/wp-content\/uploads\/2021\/12\/C-Senadores-21122021-5-1024x682.jpeg\" alt=\"\" data-id=\"6001\" data-full-url=\"http:\/\/magistradoscorrientes.com\/magistrados\/wp-content\/uploads\/2021\/12\/C-Senadores-21122021-5.jpeg\" data-link=\"http:\/\/magistradoscorrientes.com\/magistrados\/?attachment_id=6001\" class=\"wp-image-6001\" srcset=\"https:\/\/magistradoscorrientes.com\/magistrados\/wp-content\/uploads\/2021\/12\/C-Senadores-21122021-5-1024x682.jpeg 1024w, https:\/\/magistradoscorrientes.com\/magistrados\/wp-content\/uploads\/2021\/12\/C-Senadores-21122021-5-300x200.jpeg 300w, https:\/\/magistradoscorrientes.com\/magistrados\/wp-content\/uploads\/2021\/12\/C-Senadores-21122021-5-768x512.jpeg 768w, https:\/\/magistradoscorrientes.com\/magistrados\/wp-content\/uploads\/2021\/12\/C-Senadores-21122021-5-391x260.jpeg 391w, https:\/\/magistradoscorrientes.com\/magistrados\/wp-content\/uploads\/2021\/12\/C-Senadores-21122021-5-600x400.jpeg 600w, https:\/\/magistradoscorrientes.com\/magistrados\/wp-content\/uploads\/2021\/12\/C-Senadores-21122021-5.jpeg 1280w\" sizes=\"(max-width: 1024px) 100vw, 1024px\" \/><\/figure><\/li><\/ul><\/figure>\n\n\n\n<p><br>Tambi\u00e9n, se plantearon otras inquietudes que hacen a la organizaci\u00f3n de los tribunales, reiterando la necesidad de ampliar los cuadros judiciales para que los nuevos procedimientos puestos en marcha puedan cumplir con los objetivos de celeridad y proximidad al ciudadano.<br><br>Los se\u00f1ores legisladores escucharon atentamente las razones expresadas y ratificaron la continuidad del di\u00e1logo institucional, para trabajar en conjunto de ac\u00e1 a futuro, en lo que a modificaciones legislativas referidas al Poder Judicial se refieran.<\/p>\n\n\n\n<p>Estuvieron presentes los Senadores del Bloque Encuentro por Corrientes: Jos\u00e9 Enrique Vaz Torres, Noel Eugenio Breard y Diego Pellegrini, mientras que por el bloque Frente de Todos, los Senadores presentes Mart\u00edn Barrionuevo, Mar\u00eda Carolina Mart\u00ednez Llano, Jos\u00e9 Ruiz Arag\u00f3n y V\u00edctor Daniel Giraud.<\/p>\n\n\n\n<p>Los integrantes de nuestra Comisi\u00f3n Directiva presentes en el encuentro fueron: Presidente, Dra Luz Masferrer, junto al Tesorero de nuestra instituci\u00f3n, Dr Diego Nu\u00f1ez Huel, acompa\u00f1ados de la Dras Mar\u00eda Jos\u00e9 Barrero, Dra Beatriz Ben\u00edtez de R\u00edos Brisco, Dra Claudia Kirchhof, Dra Liliana Pasetto y del Dr H\u00e9ctor Rodrigo Orrant\u00eda.<\/p>\n\n\n\n<figure class=\"wp-block-embed-youtube wp-block-embed is-type-video is-provider-youtube wp-embed-aspect-16-9 wp-has-aspect-ratio\"><div class=\"wp-block-embed__wrapper\">\n<iframe title=\"Reuni\u00f3n entre Autoridades del Colegio de Magistrado y Senadores por el Presupuesto 2022\" width=\"640\" height=\"360\" src=\"https:\/\/www.youtube.com\/embed\/7WubhlDHCAk?feature=oembed\" frameborder=\"0\" allow=\"accelerometer; autoplay; clipboard-write; encrypted-media; gyroscope; picture-in-picture\" allowfullscreen><\/iframe>\n<\/div><\/figure>\n\n\n\n<p><br><\/p>\n","protected":false},"excerpt":{"rendered":"<p>La Mesa Directiva de nuestro Colegio fue recibida por integrantes de la Prensa C\u00e1mara de Senadores Corrientes. En la oportunidad el Colegio plante\u00f3 las inquietudes referidas al presupuesto del Poder Judicial y a los recortes que se vienen haciendo reiteradamente. Se plante\u00f3 la necesidad que se cumpla con la Ley de Autarqu\u00eda para fortalecer la independencia judicial, cumpliendo con lo [&hellip;]<\/p>\n","protected":false},"author":2,"featured_media":5998,"comment_status":"closed","ping_status":"open","sticky":false,"template":"","format":"standard","meta":{"ngg_post_thumbnail":0},"categories":[13],"tags":[],"_links":{"self":[{"href":"https:\/\/magistradoscorrientes.com\/magistrados\/wp-json\/wp\/v2\/posts\/5997"}],"collection":[{"href":"https:\/\/magistradoscorrientes.com\/magistrados\/wp-json\/wp\/v2\/posts"}],"about":[{"href":"https:\/\/magistradoscorrientes.com\/magistrados\/wp-json\/wp\/v2\/types\/post"}],"author":[{"embeddable":true,"href":"https:\/\/magistradoscorrientes.com\/magistrados\/wp-json\/wp\/v2\/users\/2"}],"replies":[{"embeddable":true,"href":"https:\/\/magistradoscorrientes.com\/magistrados\/wp-json\/wp\/v2\/comments?post=5997"}],"version-history":[{"count":2,"href":"https:\/\/magistradoscorrientes.com\/magistrados\/wp-json\/wp\/v2\/posts\/5997\/revisions"}],"predecessor-version":[{"id":6008,"href":"https:\/\/magistradoscorrientes.com\/magistrados\/wp-json\/wp\/v2\/posts\/5997\/revisions\/6008"}],"wp:featuredmedia":[{"embeddable":true,"href":"https:\/\/magistradoscorrientes.com\/magistrados\/wp-json\/wp\/v2\/media\/5998"}],"wp:attachment":[{"href":"https:\/\/magistradoscorrientes.com\/magistrados\/wp-json\/wp\/v2\/media?parent=5997"}],"wp:term":[{"taxonomy":"category","embeddable":true,"href":"https:\/\/magistradoscorrientes.com\/magistrados\/wp-json\/wp\/v2\/categories?post=5997"},{"taxonomy":"post_tag","embeddable":true,"href":"https:\/\/magistradoscorrientes.com\/magistrados\/wp-json\/wp\/v2\/tags?post=5997"}],"curies":[{"name":"wp","href":"https:\/\/api.w.org\/{rel}","templated":true}]}}