{"id":6019,"date":"2022-01-25T18:06:44","date_gmt":"2022-01-25T21:06:44","guid":{"rendered":"http:\/\/magistradoscorrientes.com\/magistrados\/?p=6019"},"modified":"2022-01-25T18:06:44","modified_gmt":"2022-01-25T21:06:44","slug":"comunicado-de-la-mesa-ejecutiva-de-fam","status":"publish","type":"post","link":"https:\/\/magistradoscorrientes.com\/magistrados\/comunicado-de-la-mesa-ejecutiva-de-fam\/","title":{"rendered":"Comunicado de la Mesa Ejecutiva de FAM"},"content":{"rendered":"\n<p>La Federaci\u00f3n Argentina de la Magistratura y Funci\u00f3n Judicial expresa su rechazo a toda acci\u00f3n que tenga por finalidad debilitar la independencia del Poder Judicial y del Ministerio P\u00fablico. <br><\/p>\n\n\n\n<p>Las decisiones judiciales se revisan por los canales legales correspondientes y quienes ejercen la funci\u00f3n p\u00fablica tambi\u00e9n tienen procesos establecidos para su evaluaci\u00f3n y eventual remoci\u00f3n.<\/p>\n\n\n\n<p><\/p>\n\n\n\n<p>La libertad de expresi\u00f3n es un derecho humano fundamental que no puede ser utilizado parapromover acciones dirigidas a debilitar la institucionalidad del estado constitucional de derecho cuya garant\u00eda \u00faltima es la existencia de un Poder Judicial independiente.<\/p>\n\n\n\n<p>La Federaci\u00f3n Argentina de la Magistratura y Funci\u00f3n Judicial ratifica su compromiso permanente con la vigencia del sistema republicano y democr\u00e1tico que contempla la posibilidad de expresar disensos, cr\u00edticas y propuestas por v\u00edas institucionales previstas para que la construcci\u00f3n de una sociedad mejor se haga de manera eficaz y pac\u00edfica.<\/p>\n\n\n\n<p> Ciudad Aut\u00f3noma de Buenos Aires, 25 de enero de 2022.<\/p>\n","protected":false},"excerpt":{"rendered":"<p>La Federaci\u00f3n Argentina de la Magistratura y Funci\u00f3n Judicial expresa su rechazo a toda acci\u00f3n que tenga por finalidad debilitar la independencia del Poder Judicial y del Ministerio P\u00fablico. Las decisiones judiciales se revisan por los canales legales correspondientes y quienes ejercen la funci\u00f3n p\u00fablica tambi\u00e9n tienen procesos establecidos para su evaluaci\u00f3n y eventual remoci\u00f3n. La libertad de expresi\u00f3n es [&hellip;]<\/p>\n","protected":false},"author":2,"featured_media":6020,"comment_status":"closed","ping_status":"open","sticky":false,"template":"","format":"standard","meta":{"ngg_post_thumbnail":0},"categories":[13],"tags":[],"_links":{"self":[{"href":"https:\/\/magistradoscorrientes.com\/magistrados\/wp-json\/wp\/v2\/posts\/6019"}],"collection":[{"href":"https:\/\/magistradoscorrientes.com\/magistrados\/wp-json\/wp\/v2\/posts"}],"about":[{"href":"https:\/\/magistradoscorrientes.com\/magistrados\/wp-json\/wp\/v2\/types\/post"}],"author":[{"embeddable":true,"href":"https:\/\/magistradoscorrientes.com\/magistrados\/wp-json\/wp\/v2\/users\/2"}],"replies":[{"embeddable":true,"href":"https:\/\/magistradoscorrientes.com\/magistrados\/wp-json\/wp\/v2\/comments?post=6019"}],"version-history":[{"count":1,"href":"https:\/\/magistradoscorrientes.com\/magistrados\/wp-json\/wp\/v2\/posts\/6019\/revisions"}],"predecessor-version":[{"id":6021,"href":"https:\/\/magistradoscorrientes.com\/magistrados\/wp-json\/wp\/v2\/posts\/6019\/revisions\/6021"}],"wp:featuredmedia":[{"embeddable":true,"href":"https:\/\/magistradoscorrientes.com\/magistrados\/wp-json\/wp\/v2\/media\/6020"}],"wp:attachment":[{"href":"https:\/\/magistradoscorrientes.com\/magistrados\/wp-json\/wp\/v2\/media?parent=6019"}],"wp:term":[{"taxonomy":"category","embeddable":true,"href":"https:\/\/magistradoscorrientes.com\/magistrados\/wp-json\/wp\/v2\/categories?post=6019"},{"taxonomy":"post_tag","embeddable":true,"href":"https:\/\/magistradoscorrientes.com\/magistrados\/wp-json\/wp\/v2\/tags?post=6019"}],"curies":[{"name":"wp","href":"https:\/\/api.w.org\/{rel}","templated":true}]}}